{"id":219463,"date":"2016-02-05T23:02:59","date_gmt":"2016-02-05T23:02:59","guid":{"rendered":"http:\/\/diariodominicano.ddns.net\/?p=219463"},"modified":"2016-02-05T23:02:59","modified_gmt":"2016-02-05T23:02:59","slug":"presidente-danilo-medina-designa-nuevos-funcionarios-2","status":"publish","type":"post","link":"https:\/\/diariodominicano.com\/?p=219463","title":{"rendered":"Presidente Danilo Medina designa nuevos funcionarios"},"content":{"rendered":"<p><body><\/p>\n<p>DECRETO 14-16<\/p>\n<\/p>\n<p>Santo Domingo, RD, 6 de Enero de 2016.- El Presidente Danilo Medina design\u00f3 anoche nuevos funcionarios en Medio Ambiente, la Empresa de Generaci\u00f3n Hidroel\u00e9ctrica (EGEHID) y el gobernador civil en San Jos\u00e9 de Ocoa.<\/p>\n<\/p>\n<p>Los nuevos nombramientos se hicieron a trav\u00e9s del decreto 14-16 que designa a Abraham de la Cruz Mart\u00ednez, Gobernador Civil de la provincia San Jos\u00e9 de Ocoa.<\/p>\n<\/p>\n<p>El Poder Ejecutivo tambi\u00e9n nombra a Roberto Mej\u00eda, miembro del Consejo de Administraci\u00f3n de la EGEHID y a Bernab\u00e9 F\u00e9lix Estrella Viceministro de Medio Ambiente.<\/p>\n<h6> 2016-02-05 23:02:59 <\/h6>\n<p><!--\n<link rel=\"stylesheet\" href=\"css\/bootstrap.min.css\">\n\n\n<ul class=\"pagination\">\n\t    \n\t\n\n<li >\n\t<a href='?page_no=13782'>Previous<\/a>\n\t<\/li>\n\n\n       \n    \n\n<li><a href='?page_no=1'>1<\/a><\/li>\n\n\n\n<li><a href='?page_no=2'>2<\/a><\/li>\n\n\n\n<li><a>...<\/a><\/li>\n\n\n\n<li><a href='?page_no=13781'>13781<\/a><\/li>\n\n\n\n<li><a href='?page_no=13782'>13782<\/a><\/li>\n\n\n\n<li class='active'><a>13783<\/a><\/li>\n\n\n\n<li><a href='?page_no=13784'>13784<\/a><\/li>\n\n\n\n<li><a href='?page_no=13785'>13785<\/a><\/li>\n\n\n\n<li><a>...<\/a><\/li>\n\n\n\n<li><a href='?page_no=56169'>56169<\/a><\/li>\n\n\n\n<li><a href='?page_no=56170'>56170<\/a><\/li>\n\n    \n\t\n\n<li >\n\t<a href='?page_no=13784'>Next<\/a>\n\t<\/li>\n\n\n    \n\n<li><a href='?page_no=56170'>Last &rsaquo;&rsaquo;<\/a><\/li>\n\n<\/ul>\n\n\n--><br \/>\n<\/body><\/p>\n","protected":false},"excerpt":{"rendered":"<p>DECRETO 14-16 Santo Domingo, RD, 6 de Enero de 2016.- El Presidente Danilo Medina design\u00f3 anoche nuevos funcionarios en Medio Ambiente, la Empresa de Generaci\u00f3n Hidroel\u00e9ctrica (EGEHID) y el gobernador civil en San Jos\u00e9 de Ocoa. Los nuevos nombramientos se hicieron a trav\u00e9s del decreto 14-16 que designa a Abraham de la Cruz Mart\u00ednez, Gobernador [&hellip;]<\/p>\n","protected":false},"author":3,"featured_media":0,"comment_status":"open","ping_status":"open","sticky":false,"template":"","format":"standard","meta":{"footnotes":""},"categories":[20],"tags":[],"class_list":["post-219463","post","type-post","status-publish","format-standard","hentry","category-dominicana-hoy"],"_links":{"self":[{"href":"https:\/\/diariodominicano.com\/index.php?rest_route=\/wp\/v2\/posts\/219463","targetHints":{"allow":["GET"]}}],"collection":[{"href":"https:\/\/diariodominicano.com\/index.php?rest_route=\/wp\/v2\/posts"}],"about":[{"href":"https:\/\/diariodominicano.com\/index.php?rest_route=\/wp\/v2\/types\/post"}],"author":[{"embeddable":true,"href":"https:\/\/diariodominicano.com\/index.php?rest_route=\/wp\/v2\/users\/3"}],"replies":[{"embeddable":true,"href":"https:\/\/diariodominicano.com\/index.php?rest_route=%2Fwp%2Fv2%2Fcomments&post=219463"}],"version-history":[{"count":0,"href":"https:\/\/diariodominicano.com\/index.php?rest_route=\/wp\/v2\/posts\/219463\/revisions"}],"wp:attachment":[{"href":"https:\/\/diariodominicano.com\/index.php?rest_route=%2Fwp%2Fv2%2Fmedia&parent=219463"}],"wp:term":[{"taxonomy":"category","embeddable":true,"href":"https:\/\/diariodominicano.com\/index.php?rest_route=%2Fwp%2Fv2%2Fcategories&post=219463"},{"taxonomy":"post_tag","embeddable":true,"href":"https:\/\/diariodominicano.com\/index.php?rest_route=%2Fwp%2Fv2%2Ftags&post=219463"}],"curies":[{"name":"wp","href":"https:\/\/api.w.org\/{rel}","templated":true}]}}