{"id":219462,"date":"2016-02-05T23:05:53","date_gmt":"2016-02-05T23:05:53","guid":{"rendered":"http:\/\/diariodominicano.ddns.net\/?p=219462"},"modified":"2016-02-05T23:05:53","modified_gmt":"2016-02-05T23:05:53","slug":"obras-publicas-anuncia-cierre-de-un-tramo-de-la-avenida-27-de-febrero","status":"publish","type":"post","link":"https:\/\/diariodominicano.com\/?p=219462","title":{"rendered":"Obras P\u00fablicas anuncia cierre de un tramo de la avenida 27 de Febrero"},"content":{"rendered":"<p><body><\/p>\n<p>Santo Domingo RD 6 febrero.- El Ministerio de Obras P\u00fablicas y Comunicaciones (MOPC), anunci\u00f3 el cierre del tramo de la avenida 27 de Febrero, pr\u00f3ximo a las avenidas Privada y Caonabo, para realizar los montajes de las estructuras met\u00e1licas del puente peatonal que se construye en las inmediaciones. <\/p>\n<\/p>\n<p>El comunicado explica que el cierre  ser\u00e1 el pr\u00f3ximo domingo, 7 de febrero, de forma seccionada, en los horarios de 6:00 a 8:30 y de 9:00 a 10:30 de la ma\u00f1ana en sentido Oeste-Este. Asimismo, de 11:30  a 1:30 de la ma\u00f1ana en sentido Este-Oeste.<\/p>\n<\/p>\n<h6> 2016-02-05 23:05:53 <\/h6>\n<p><!--\n<link rel=\"stylesheet\" href=\"css\/bootstrap.min.css\">\n\n\n<ul class=\"pagination\">\n\t    \n\t\n\n<li >\n\t<a href='?page_no=13781'>Previous<\/a>\n\t<\/li>\n\n\n       \n    \n\n<li><a href='?page_no=1'>1<\/a><\/li>\n\n\n\n<li><a href='?page_no=2'>2<\/a><\/li>\n\n\n\n<li><a>...<\/a><\/li>\n\n\n\n<li><a href='?page_no=13780'>13780<\/a><\/li>\n\n\n\n<li><a href='?page_no=13781'>13781<\/a><\/li>\n\n\n\n<li class='active'><a>13782<\/a><\/li>\n\n\n\n<li><a href='?page_no=13783'>13783<\/a><\/li>\n\n\n\n<li><a href='?page_no=13784'>13784<\/a><\/li>\n\n\n\n<li><a>...<\/a><\/li>\n\n\n\n<li><a href='?page_no=56169'>56169<\/a><\/li>\n\n\n\n<li><a href='?page_no=56170'>56170<\/a><\/li>\n\n    \n\t\n\n<li >\n\t<a href='?page_no=13783'>Next<\/a>\n\t<\/li>\n\n\n    \n\n<li><a href='?page_no=56170'>Last &rsaquo;&rsaquo;<\/a><\/li>\n\n<\/ul>\n\n\n--><br \/>\n<\/body><\/p>\n","protected":false},"excerpt":{"rendered":"<p>Santo Domingo RD 6 febrero.- El Ministerio de Obras P\u00fablicas y Comunicaciones (MOPC), anunci\u00f3 el cierre del tramo de la avenida 27 de Febrero, pr\u00f3ximo a las avenidas Privada y Caonabo, para realizar los montajes de las estructuras met\u00e1licas del puente peatonal que se construye en las inmediaciones. El comunicado explica que el cierre ser\u00e1 [&hellip;]<\/p>\n","protected":false},"author":3,"featured_media":0,"comment_status":"open","ping_status":"open","sticky":false,"template":"","format":"standard","meta":{"footnotes":""},"categories":[20],"tags":[],"class_list":["post-219462","post","type-post","status-publish","format-standard","hentry","category-dominicana-hoy"],"_links":{"self":[{"href":"https:\/\/diariodominicano.com\/index.php?rest_route=\/wp\/v2\/posts\/219462","targetHints":{"allow":["GET"]}}],"collection":[{"href":"https:\/\/diariodominicano.com\/index.php?rest_route=\/wp\/v2\/posts"}],"about":[{"href":"https:\/\/diariodominicano.com\/index.php?rest_route=\/wp\/v2\/types\/post"}],"author":[{"embeddable":true,"href":"https:\/\/diariodominicano.com\/index.php?rest_route=\/wp\/v2\/users\/3"}],"replies":[{"embeddable":true,"href":"https:\/\/diariodominicano.com\/index.php?rest_route=%2Fwp%2Fv2%2Fcomments&post=219462"}],"version-history":[{"count":0,"href":"https:\/\/diariodominicano.com\/index.php?rest_route=\/wp\/v2\/posts\/219462\/revisions"}],"wp:attachment":[{"href":"https:\/\/diariodominicano.com\/index.php?rest_route=%2Fwp%2Fv2%2Fmedia&parent=219462"}],"wp:term":[{"taxonomy":"category","embeddable":true,"href":"https:\/\/diariodominicano.com\/index.php?rest_route=%2Fwp%2Fv2%2Fcategories&post=219462"},{"taxonomy":"post_tag","embeddable":true,"href":"https:\/\/diariodominicano.com\/index.php?rest_route=%2Fwp%2Fv2%2Ftags&post=219462"}],"curies":[{"name":"wp","href":"https:\/\/api.w.org\/{rel}","templated":true}]}}