{"id":219461,"date":"2016-02-06T07:18:14","date_gmt":"2016-02-06T07:18:14","guid":{"rendered":"http:\/\/diariodominicano.ddns.net\/?p=219461"},"modified":"2016-02-06T07:18:14","modified_gmt":"2016-02-06T07:18:14","slug":"gobierno-saneara-canada-danilo-medina-realiza-visita-sorpresa-a-los-platanitos","status":"publish","type":"post","link":"https:\/\/diariodominicano.com\/?p=219461","title":{"rendered":"Gobierno sanear\u00e1 ca\u00f1ada, Danilo Medina realiza visita sorpresa a Los Platanitos &#13;"},"content":{"rendered":"<p><body><\/p>\n<p><img decoding=\"async\" src=\"http:\/\/10.0.0.82:8080\/img3\/ca%C3%83%C2%B1a%202.jpg\" \/><br \/><img decoding=\"async\" src=\"http:\/\/10.0.0.82:8080\/img3\/ca%C3%83%C2%B1a%203.jpg\" \/>  <\/p>\n<p>Santo Domingo RD 6 febrero (DICOM).- El presidente Danilo Medina realiz\u00f3 este viernes una visita sorpresa al sector Los Platanitos, en Los Guaricanos, donde se comprometi\u00f3 con la comunidad a sanear la ca\u00f1ada y reparar decenas de viviendas en mal estado.<\/p>\n<\/p>\n<p>Por unos 20 minutos el jefe de Estado recorri\u00f3 la ca\u00f1ada, acompa\u00f1ado de vecinos de esa barriada de Santo Domingo Norte, quienes les explicaron las dificultades que enfrentan en su diario vivir, ya que por d\u00e9cadas la quebrada ha constituido para ellos un foco de contaminaci\u00f3n y propagaci\u00f3n de enfermedades.<\/p>\n<p><strong> <\/strong><\/p>\n<p><strong>Viviendas deterioradas<\/strong><\/p>\n<p>Igualmente, el Gobernante constat\u00f3 de primera mano el progresivo deterioro que observan varias viviendas de la barriada, especialmente aquellas que se encuentran en las cercan\u00edas de la ca\u00f1ada.<\/p>\n<\/p>\n<p>Luego de observar la situaci\u00f3n, el presidente Danilo Medina instruy\u00f3 a los funcionarios que le acompa\u00f1aron, a realizar el saneamiento de la ca\u00f1ada y  la reparaci\u00f3n de las casas.<\/p>\n<\/p>\n<p><strong>Vecinos contentos y esperanzados<\/strong><\/p>\n<p>La visita sorpresa de Danilo Medina a Los Platanitos, caus\u00f3 gran algarab\u00eda entre los comunitarios, quienes sal\u00edan de sus casas y mostraban su regocijo, debido a que por fin ver\u00e1n resueltos los inconvenientes que ten\u00edan con la ca\u00f1ada.<\/p>\n<\/p>\n<p>Al Presidente le acompa\u00f1aron Jos\u00e9 Ram\u00f3n Peralta, ministro administrativo de la Presidencia; Francisco Pag\u00e1n, director de la Oficina de Ingenieros Supervisores de Obras del Estado, y sus asistentes especiales, Carlos Pared P\u00e9rez, Miguel Mercedes y Robert de la Cruz.<\/p>\n<h6> 2016-02-06 07:18:14 <\/h6>\n<p><!--\n<link rel=\"stylesheet\" href=\"css\/bootstrap.min.css\">\n\n\n<ul class=\"pagination\">\n\t    \n\t\n\n<li >\n\t<a href='?page_no=13780'>Previous<\/a>\n\t<\/li>\n\n\n       \n    \n\n<li><a href='?page_no=1'>1<\/a><\/li>\n\n\n\n<li><a href='?page_no=2'>2<\/a><\/li>\n\n\n\n<li><a>...<\/a><\/li>\n\n\n\n<li><a href='?page_no=13779'>13779<\/a><\/li>\n\n\n\n<li><a href='?page_no=13780'>13780<\/a><\/li>\n\n\n\n<li class='active'><a>13781<\/a><\/li>\n\n\n\n<li><a href='?page_no=13782'>13782<\/a><\/li>\n\n\n\n<li><a href='?page_no=13783'>13783<\/a><\/li>\n\n\n\n<li><a>...<\/a><\/li>\n\n\n\n<li><a href='?page_no=56169'>56169<\/a><\/li>\n\n\n\n<li><a href='?page_no=56170'>56170<\/a><\/li>\n\n    \n\t\n\n<li >\n\t<a href='?page_no=13782'>Next<\/a>\n\t<\/li>\n\n\n    \n\n<li><a href='?page_no=56170'>Last &rsaquo;&rsaquo;<\/a><\/li>\n\n<\/ul>\n\n\n--><br \/>\n<\/body><\/p>\n","protected":false},"excerpt":{"rendered":"<p>Santo Domingo RD 6 febrero (DICOM).- El presidente Danilo Medina realiz\u00f3 este viernes una visita sorpresa al sector Los Platanitos, en Los Guaricanos, donde se comprometi\u00f3 con la comunidad a sanear la ca\u00f1ada y reparar decenas de viviendas en mal estado. Por unos 20 minutos el jefe de Estado recorri\u00f3 la ca\u00f1ada, acompa\u00f1ado de vecinos [&hellip;]<\/p>\n","protected":false},"author":3,"featured_media":0,"comment_status":"open","ping_status":"open","sticky":false,"template":"","format":"standard","meta":{"footnotes":""},"categories":[20],"tags":[],"class_list":["post-219461","post","type-post","status-publish","format-standard","hentry","category-dominicana-hoy"],"_links":{"self":[{"href":"https:\/\/diariodominicano.com\/index.php?rest_route=\/wp\/v2\/posts\/219461","targetHints":{"allow":["GET"]}}],"collection":[{"href":"https:\/\/diariodominicano.com\/index.php?rest_route=\/wp\/v2\/posts"}],"about":[{"href":"https:\/\/diariodominicano.com\/index.php?rest_route=\/wp\/v2\/types\/post"}],"author":[{"embeddable":true,"href":"https:\/\/diariodominicano.com\/index.php?rest_route=\/wp\/v2\/users\/3"}],"replies":[{"embeddable":true,"href":"https:\/\/diariodominicano.com\/index.php?rest_route=%2Fwp%2Fv2%2Fcomments&post=219461"}],"version-history":[{"count":0,"href":"https:\/\/diariodominicano.com\/index.php?rest_route=\/wp\/v2\/posts\/219461\/revisions"}],"wp:attachment":[{"href":"https:\/\/diariodominicano.com\/index.php?rest_route=%2Fwp%2Fv2%2Fmedia&parent=219461"}],"wp:term":[{"taxonomy":"category","embeddable":true,"href":"https:\/\/diariodominicano.com\/index.php?rest_route=%2Fwp%2Fv2%2Fcategories&post=219461"},{"taxonomy":"post_tag","embeddable":true,"href":"https:\/\/diariodominicano.com\/index.php?rest_route=%2Fwp%2Fv2%2Ftags&post=219461"}],"curies":[{"name":"wp","href":"https:\/\/api.w.org\/{rel}","templated":true}]}}