{"id":219460,"date":"2016-02-06T14:58:50","date_gmt":"2016-02-06T14:58:50","guid":{"rendered":"http:\/\/diariodominicano.ddns.net\/?p=219460"},"modified":"2016-02-06T14:58:50","modified_gmt":"2016-02-06T14:58:50","slug":"rodriguez-marchena-el-sur-vive-su-mejor-momento-con-danilo-medina","status":"publish","type":"post","link":"https:\/\/diariodominicano.com\/?p=219460","title":{"rendered":"Rodr\u00edguez Marchena: \u00abEl Sur vive su mejor momento con Danilo Medina\u00bb"},"content":{"rendered":"<p><body><\/p>\n<p><img decoding=\"async\" src=\"img3\/marchenamariseida.jpg\" \/><br \/><img decoding=\"async\" src=\"img3\/celida.jpg\" \/>  <\/p>\n<p><span class=\"text1noticias\">Santo Domingo, RD, 06 de Febrero (DICOM).-El portavoz del gobierno dominicano y director general de Comunicaci\u00f3n dijo que la regi\u00f3n Sur vive su mejor momento desde que Danilo Medina lleg\u00f3 a la presidencia.<\/span><\/p>\n<p><span class=\"text1noticias\"> <\/span><\/p>\n<p><span class=\"text1noticias\">Roberto Rodr\u00edguez Marchena destac\u00f3 el apoyo decidido que han recibido decenas de asociaciones y cooperativas de la regi\u00f3n a trav\u00e9s de las visitas sorpresa que realiza el presidente Danilo Medina.<\/span><\/p>\n<p><span class=\"text1noticias\"> <\/span><\/p>\n<p><span class=\"text1noticias\">Dijo que cuando Danilo Medina lleg\u00f3 a la presidencia los proyectos de esas asociaciones y cooperativas se encontraban paralizados, quebrados o en extrema dificultad que pod\u00edan y deb\u00edan ser rescatados por su impronta econ\u00f3mica y social en la comunidad. Mientras otros, eran posibles iniciar.<\/span><\/p>\n<p><span class=\"text1noticias\"> <\/span><\/p>\n<p><span class=\"text1noticias\"><strong> Gobierno est\u00e1 saldando deuda social en la regi\u00f3n<\/strong><\/span><\/p>\n<p><span class=\"text1noticias\"> <\/span><\/p>\n<p><span class=\"text1noticias\">Roberto Rodr\u00edguez Marchena destac\u00f3 tambi\u00e9n las obras de infraestructuras realizadas por el gobierno en la regi\u00f3n sur las cuales han tenido como componente principal el inter\u00e9s de la gente, tales como construcci\u00f3n de carreteras, presas, hospitales, escuelas, estancias infantiles, centros de diagn\u00f3sticos con los cuales se est\u00e1 saldando la deuda social acumulada por todos los gobiernos en esta importante regi\u00f3n.<\/span><\/p>\n<p><span class=\"text1noticias\"> <\/span><\/p>\n<p><span class=\"text1noticias\">Durante un programa especial transmitido Empresas Radiof\u00f3nicas propiedad de Roberto Lama, Roberto Rodr\u00edguez Marchena, Jos\u00e9 del Castillo y Jorge Minaya se hicieron acompa\u00f1ar de dominicanos y dominicanas beneficiarios de las pol\u00edticas p\u00fablicas del presidente Danilo Medina.<\/span><\/p>\n<p><span class=\"text1noticias\"> <\/span><\/p>\n<p><span class=\"text1noticias\"><strong>La Bombita vive una \u00e9poca de esplendor<\/strong><\/span><\/p>\n<p><span class=\"text1noticias\"><strong> <\/strong><\/span><\/p>\n<p><span class=\"text1noticias\">C\u00e9lida Marcelo l\u00edder de las granjeras de tilapia de la regi\u00f3n dijo que el apoyo recibido por el presidente Danilo Medina luego de la visita sorpresa que hizo el 17 de febrero del a\u00f1o 2013, les ha permitido hacer realidad su sue\u00f1o de producir y vender tilapias para ayudar a sus familias y comunidad.<\/span><\/p>\n<p><span class=\"text1noticias\"> <\/span><\/p>\n<p><span class=\"text1noticias\">\u00abTuvimos la idea de criar tilapias. Siempre fue nuestro sue\u00f1o y nuestro pensamiento, que con nuestro esfuerzo \u00edbamos a cambiar esta comunidad y se hizo realidad\u00bb.<\/span><\/p>\n<p><span class=\"text1noticias\"> <\/span><\/p>\n<p><span class=\"text1noticias\">Rodr\u00edguez Marchena destaco la unidad y perseverancia de C\u00e9lida y las mujeres organizadas Asociaci\u00f3n de Mujeres Hacia el Progreso de La Bombita, que, a pesar de las dificultades que ten\u00edan perseveraron unidas y atrajeron la atenci\u00f3n del presidente Medina.<\/span><\/p>\n<p><span class=\"text1noticias\"> <\/span><\/p>\n<p><span class=\"text1noticias\">Reiter\u00f3 que el presidente Danilo Medina utiliza su poder para beneficiar a los emprendedores y destac\u00f3 la honradez con la que se maneja cada peso invertido en una visita sorpresa.<\/span><\/p>\n<p><span class=\"text1noticias\"> <\/span><\/p>\n<p><span class=\"text1noticias\">Antes de la visita sorpresa que les hiciera Danilo Medina, ten\u00edan 17 jaulas. En la actualidad, poseen 55, mediante las cuales suplen a reconocidas cadenas de supermercados entre ellos Carrefour.<\/span><\/p>\n<p><span class=\"text1noticias\"> <\/span><\/p>\n<p><span class=\"text1noticias\"><strong>La Bombita: \u00danico proyecto en el que Danilo lleg\u00f3 con un cheque en la mano<\/strong><\/span><\/p>\n<p><span class=\"text1noticias\"> <\/span><\/p>\n<p><span class=\"text1noticias\">Sobre este proyecto, Rodr\u00edguez Marchena dijo que la oposici\u00f3n fue desmentida al decir que no hab\u00eda recibido el apoyo del gobierno cuando fue el \u00fanico proyecto en el que Danilo Medina lleg\u00f3 con un cheque en la mano.<\/span><\/p>\n<p><span class=\"text1noticias\"> <\/span><\/p>\n<p><span class=\"text1noticias\">C\u00e9lida Marcelo, dijo que el pa\u00eds no se imagina lo que significa para el grupo de mujeres que integran la cooperativa, el apoyo y seguimiento dado por el primer mandatario a un proyecto que adem\u00e1s de conservar el ecosistema, permite un desarrollo socioecon\u00f3mico.<\/span><\/p>\n<p><span class=\"text1noticias\"> <\/span><\/p>\n<p><span class=\"text1noticias\"><strong>Mariseida cambi\u00f3 su hijo de un colegio a una p\u00fablica<\/strong><\/span><\/p>\n<p><span class=\"text1noticias\"> <\/span><\/p>\n<p><span class=\"text1noticias\">La construcci\u00f3n de 561 nuevas aulas para la Jornada Escolar Extendida ha tenido un impacto sin precedentes en las familias de Barahona.<\/span><\/p>\n<p><span class=\"text1noticias\"> <\/span><\/p>\n<p><span class=\"text1noticias\">Una muestra de ello fue el testimonio contado por Mariseida Pineda, quien tom\u00f3 la decisi\u00f3n de cambiar de un colegio privado a una escuela p\u00fablica a su ni\u00f1o de cinco a\u00f1os. \u00abMe va muy bien porque me ahorro mucho dinero\u00bb.<\/span><\/p>\n<p><span class=\"text1noticias\"> <\/span><\/p>\n<p><span class=\"text1noticias\">Su hijo es uno de los 57,986 alumnos y alumnas que son son favorecidos con el Plan de Alimentaci\u00f3n Escolar (PAE) el cual ha tambi\u00e9n entregado 39,134 unidades de utiler\u00eda escolar.<\/span><\/p>\n<p><span class=\"text1noticias\">La Jornada Escolar Extendida para Romelia Suero constituye una fuente de tranquilidad ya que su hijo est\u00e1 en la escuela y no en la calle.<\/span><\/p>\n<p><span class=\"text1noticias\"> <\/span><\/p>\n<p><span class=\"text1noticias\">\u00abHay m\u00e1s tranquilidad porque uno sabe que est\u00e1n en la escuela y no en la calle\u00bb, dijo Romelia Suero, quien consider\u00f3 que contribuye a evitar que j\u00f3venes se pongan a delinquir.<\/span><\/p>\n<p><span class=\"text1noticias\"> <\/span><\/p>\n<p><span class=\"text1noticias\">Ademas de C\u00e9lida, Mariseida y Romelia, en el programa especial tambi\u00e9n participaron estudiantes que han sido beneficiados con las becas otorgadas por el gobierno dominicano y que hoy ya no tienen que caminar kil\u00f3metros para llegar a su centro de estudios pues han recibido su autobuses para llegar a sus escuelas y universidades.<\/span><\/p>\n<p><span class=\"text1noticias\"><strong>C\u00e9lida Marcelo: \u00abSiempre fue nuestro sue\u00f1o y se hizo realidad<\/strong><\/span><\/p>\n<p><span class=\"text1noticias\"> <\/span><\/p>\n<p><span class=\"text1noticias\">En toda esta provincia y dem\u00e1s zonas que integran la subregi\u00f3n Enriquillo, se percibe la algarab\u00eda y el regocijo por el recorrido que este s\u00e1bado realizar\u00e1 el candidato presidencial del Partido de la Liberac\u00f3n Dominicana (PLD), Danilo Medina.<\/span><\/p>\n<\/p>\n<p><span class=\"text1noticias\">Muchos han manifestado la intenci\u00f3n de acompa\u00f1arle y expresarle sus afectos por colocar a la gente como centro de las pol\u00edticas p\u00fablicas.<\/span><\/p>\n<\/p>\n<p><span class=\"text1noticias\">Para C\u00e9lida Marcelo, l\u00edder de la Asociaci\u00f3n de Mujeres Hacia el Progreso de La Bombita, la visita sorpresa que Danilo Medina hizo a esa comunidad, el 17 de febrero del a\u00f1o 2013, les ha impactado de manera significativa, pues ha cambiado el entorno de la zona y ha ayudado a mejorar su calidad de vida.<\/span><\/p>\n<\/p>\n<p><span class=\"text1noticias\">\u00abLa visita sorpresa del Presidente ha impactado de una manera muy importante a nuestra comunidad, ya que La Bombita anteriormente fue muy olvidada, pero nosotras como Asociaci\u00f3n de Mujeres hacia el Progreso de La Bombita, siempre nos mantuvimos en pie luchando\u00bb.<\/span><\/p>\n<\/p>\n<p><strong><span class=\"text1noticias\">Visita sorpresa beneficia a toda la comunidad <\/span><\/strong><\/p>\n<\/p>\n<p><span class=\"text1noticias\"> Durante un programa especial transmitido por Empresas Radiof\u00f3nicas propiedad de Roberto Lama, C\u00e9lida valor\u00f3 el apoyo brindado por el presidente y candidato, lo que les permiti\u00f3 emprender un proyecto pisc\u00edcola que ha mejorado no solo la vida de las integrantes de la Asociaci\u00f3n, sino de toda la comunidad.<\/span><\/p>\n<\/p>\n<p><strong><span class=\"text1noticias\">Uni\u00f3n y perseverancia<\/span><\/strong><\/p>\n<\/p>\n<p><span class=\"text1noticias\">\u00abTuvimos la idea de criar tilapias. Siempre fue nuestro sue\u00f1o y nuestro pensamiento, que con nuestro esfuerzo \u00edbamos a cambiar esta comunidad y se hizo realidad\u00bb.<\/span><\/p>\n<p><span class=\"text1noticias\"><strong>Un antes y un despu\u00e9s<\/strong><\/span><\/p>\n<\/p>\n<p><span class=\"text1noticias\">Antes de la visita sorpresa que les hiciera Danilo Medina, ten\u00edan 17 jaulas. En la actualidad, poseen 55, mediante las cuales suplen a reconocidas cadenas de supermercados.<\/span><\/p>\n<p><span class=\"text1noticias\"> <\/span><\/p>\n<p><span class=\"text1noticias\"><strong>\u00abPudimos expresarnos y decirle lo que necesit\u00e1bamos\u00bb<\/strong><\/span><\/p>\n<\/p>\n<p><span class=\"text1noticias\">\u00abCuando lleg\u00f3 el presidente de la Rep\u00fablica s\u00ed pudimos expresarnos y decirle lo que necesit\u00e1bamos para la comunidad. Ahora tenemos 55 granjas y nuestras tilapias van a Santo Domingo\u00bb.<\/span><\/p>\n<\/p>\n<p><span class=\"text1noticias\">C\u00e9lida acompa\u00f1\u00f3 al portavoz del Gobierno, Roberto Rodr\u00edguez-Marchena junto a otros barahoneros beneficiados con las pol\u00edticas p\u00fablicas implementadas esta gesti\u00f3n, en un programa especial transmitido por matriz Empresas Radiof\u00f3nicas, con motivo de la marcha caravana, vuelta al Lago Enriquillo y por Barahona que har\u00e1 ma\u00f1ana Danilo Medina<\/span><\/p>\n<\/p>\n<p><strong><span class=\"text1noticias\">Desmiente al aspirante del PRM<\/span><\/strong><\/p>\n<\/p>\n<p><span class=\"text1noticias\">La l\u00edder de la Asociaci\u00f3n al descalificar al candidato del Partido Revolucionario Moderno, afirm\u00f3 que sus acusaciones son falsas. Aclar\u00f3 que el proyecto de las mujeres de La Bombita, fue el primer proyecto al que Danilo Medina lleg\u00f3 con un cheque en mano.<\/span><\/p>\n<\/p>\n<p><strong><span class=\"text1noticias\">No solo generan riquezas particulares, propician labor social<\/span><\/strong><\/p>\n<\/p>\n<p><span class=\"text1noticias\">Adem\u00e1s, los recursos provenientes de la venta de la tilapias no solo ayudan a generar riquezas particulares, tambi\u00e9n han propiciado una labor social. \u00abTenemos un transporte. Para lo que se necesite ah\u00ed est\u00e1 y nuestra mano amiga\u00bb, resalt\u00f3.<\/span><\/p>\n<p><span class=\"text1noticias\"><strong>Revoluci\u00f3n Educativa: Aumento de ingresos y tranquilidad para las familias<\/strong><\/span><\/p>\n<\/p>\n<p><span class=\"text1noticias\">Tambi\u00e9n acudieron al edificio Emisoras Radiof\u00f3nicas para expresar su satisfacci\u00f3n con la obra de gesti\u00f3n de Danilo Medina, Mariseida Pineda Olivero y Romelia Suero.<\/span><\/p>\n<\/p>\n<p><span class=\"text1noticias\">Las madres ponderaron la Revoluci\u00f3n Educativa impulsada por Danilo Medina, que en estos 41 meses que lleva en el poder se han construido en Barahona 561 nuevas aulas, en beneficio de una matr\u00edcula de 17,465 estudiantes.<\/span><\/p>\n<\/p>\n<p><span class=\"text1noticias\">Adem\u00e1s, han sido construidas 38 nuevas escuelas, 57,986 alumnos y alumnas son favorecidos con el Plan de Alimentaci\u00f3n Escolar (PAE) y se han entregado 39,134 unidades de utiler\u00eda escolar.<\/span><\/p>\n<p><span class=\"text1noticias\"> <\/span><\/p>\n<p><span class=\"text1noticias\"><strong> Me va muy bien, ahorro mucho dinero<\/strong><\/span><\/p>\n<\/p>\n<p><span class=\"text1noticias\">A partir de la implementaci\u00f3n de la Jornada Escolar Extendida, Mariseida tom\u00f3 la decisi\u00f3n de cambiar de un colegio privado a una escuela p\u00fablica a su ni\u00f1o de cinco a\u00f1os. \u00abMe va muy bien porque me ahorro mucho dinero\u00bb.<\/span><\/p>\n<\/p>\n<p><span class=\"text1noticias\">Esta opini\u00f3n es compartida por Romelia Suero, madre de una joven de 17 a\u00f1os, quien ha percibido un aumento en sus ingresos, adem\u00e1s de la tranquilidad que le causa saber que su hija est\u00e1 en un lugar seguro y con desayuno, almuerzo y merienda garantizados.<\/span><\/p>\n<\/p>\n<p><span class=\"text1noticias\">\u00abHay m\u00e1s tranquilidad porque uno sabe que est\u00e1n en la escuela y no en la calle\u00bb, dijo Romelia, quien consider\u00f3 que la Jornada Escolar Extendida contribuye a evitar que j\u00f3venes se pongan a delinquir.<\/span><\/p>\n<p><span class=\"text1noticias\"><strong>Oportunidades a j\u00f3venes para salir de la pobreza y superarse<\/strong><\/span><\/p>\n<\/p>\n<p><span class=\"text1noticias\">Otros j\u00f3venes que manifestaron su agradecimiento a Danilo Medina fueron V\u00edctor Manuel Espinosa y Meranny P\u00e9rez, favorecidos con programas de becas.<\/span><\/p>\n<\/p>\n<p><span class=\"text1noticias\">V\u00edctor Manuel di\u00f3 las gracias por la oportunidad de capacitarse en el \u00e1rea de ensamblaje y mantenimiento de PC, lo que le permite brindar servicios en la comunidad de Canoa, donde reside, y pagar el transporte hacia la Universidad Cat\u00f3lica Tecnol\u00f3gica de Barahona (UCATEBA), para cursar sus estudios superiores.<\/span><\/p>\n<p><span class=\"text1noticias\"><strong>Con entusiasmo y determinaci\u00f3n; \u00a1Por Danilo!<\/strong><\/span><\/p>\n<\/p>\n<p><span class=\"text1noticias\">Asimismo, Meranny se mostr\u00f3 feliz por la beca que le fue otorgada en UCATEBA, donde realiza la carrera de contabilidad, adem\u00e1s de que no vacil\u00f3 al responder la pregunta de por qui\u00e9n votar\u00e1 en las pr\u00f3ximas elecciones. \u00a1Por Danilo!, expres\u00f3 la joven con entusiasmo y determinaci\u00f3n.<\/span><\/p>\n<\/p>\n<p><strong><span class=\"text1noticias\">Protecci\u00f3n a agricultores<\/span><\/strong><\/p>\n<\/p>\n<p><span class=\"text1noticias\">Los agricultores barahoneros no se quedaron atr\u00e1s, manifestaron tambi\u00e9n el cari\u00f1o que sienten por Danilo Medina, pues gracias al seguro de la Aseguradora Agropecuaria Dominicana (AGRODOSA), ellos y sus cosechas han sido protegidos de la sequ\u00eda que afecta a esa zona.<\/span><\/p>\n<p><span class=\"text1noticias\"><strong> <\/strong><\/span><\/p>\n<p><span class=\"text1noticias\"><strong> Ahora los productores est\u00e1n protegidos<\/strong><\/span><\/p>\n<\/p>\n<p><span class=\"text1noticias\">As\u00ed lo confirma Julio Ernesto Caraballo, quien destac\u00f3 la atenci\u00f3n que Danilo Medina da a los campesinos y agricultores. Indic\u00f3, que ha aconsejado a todos los agricultores de su comunidad que se aseguren.<\/span><\/p>\n<\/p>\n<p><span class=\"text1noticias\">\u00abDanilo Medina, a trav\u00e9s de AGROSOSA, me supli\u00f3 28 mil pesos. Por eso en este a\u00f1o, vuelvo a asegurarme y les he dicho a todos que se aseguren\u00bb.<\/span><\/p>\n<\/p>\n<p><span class=\"text1noticias\">De igual modo, se expres\u00f3 Joaqu\u00edn L\u00f3pez, al explicar que antes la sequ\u00eda no ten\u00eda cobertura, pero en la actualidad, los productores est\u00e1n protegidos de las condiciones desfavorables. \u00abEl seguro no cubr\u00eda la larga sequ\u00eda pero \u00e9l esta gesti\u00f3n aport\u00f3 el 50% para que se hiciera\u00bb, explic\u00f3.<\/span><\/p>\n<\/p>\n<p><span class=\"text1noticias\">Durante el programa, que cont\u00f3 con la participaci\u00f3n de barahoneros que representan a miles de compueblanos beneficiados con las pol\u00edticas aplicadas por Danilo Medina, tambi\u00e9n estuvieron presentes los dirigentes pelede\u00edstas Jos\u00e9 del Castillo, Jorge Minaya y Pedro Pe\u00f1a Rubio.<\/span><\/p>\n<\/p>\n<p><strong><span class=\"text1noticias\">Productores agradecen cari\u00f1o del gobierno<\/span><\/strong><\/p>\n<p><span class=\"text1noticias\"> <\/span><\/p>\n<p><span class=\"text1noticias\">Los agricultores barahoneros manifestaron tambi\u00e9n el cari\u00f1o que sienten por Danilo Medina, pues gracias al seguro de la Aseguradora Agropecuaria Dominicana (AGRODOSA), ellos y sus cosechas han sido protegidos de la sequ\u00eda que afecta a esa zona.<\/span><\/p>\n<p><span class=\"text1noticias\"> <\/span><\/p>\n<p><span class=\"text1noticias\">Julio Ernesto Caraballo, destac\u00f3 la atenci\u00f3n que Danilo Medina da a los campesinos y agricultores. Indic\u00f3, que ha aconsejado a todos los agricultores de su comunidad que se aseguren.<\/span><\/p>\n<p><span class=\"text1noticias\">\u00abDanilo Medina, a trav\u00e9s de AGROSOSA, me supli\u00f3 28 mil pesos. Por eso en este a\u00f1o, vuelvo a asegurarme y les he dicho a todos que se aseguren\u00bb.<\/span><\/p>\n<p><span class=\"text1noticias\"> <\/span><\/p>\n<p><span class=\"text1noticias\">De igual modo, se expres\u00f3 Joaqu\u00edn L\u00f3pez, al explicar que antes la sequ\u00eda no ten\u00eda cobertura, pero en la actualidad, los productores est\u00e1n protegidos de las condiciones desfavorables. \u00abEl seguro no cubr\u00eda la larga sequ\u00eda pero el esta gesti\u00f3n aport\u00f3 el 50% para que se hiciera\u00bb, explic\u00f3.<\/span><\/p>\n<p><span class=\"text1noticias\"> <\/span><\/p>\n<p><span class=\"text1noticias\">Rodr\u00edguez Marchena dijo que el presidente Danilo Medina continuar\u00e1 transformando la regi\u00f3n sur y todo el pa\u00eds a trav\u00e9s de pol\u00edticas p\u00fablicas incluyentes y con la democratizaci\u00f3n del cr\u00e9dito.<\/span><\/p>\n<h6> 2016-02-06 14:58:50 <\/h6>\n<p><!--\n<link rel=\"stylesheet\" href=\"css\/bootstrap.min.css\">\n\n\n<ul class=\"pagination\">\n\t    \n\t\n\n<li >\n\t<a href='?page_no=13779'>Previous<\/a>\n\t<\/li>\n\n\n       \n    \n\n<li><a href='?page_no=1'>1<\/a><\/li>\n\n\n\n<li><a href='?page_no=2'>2<\/a><\/li>\n\n\n\n<li><a>...<\/a><\/li>\n\n\n\n<li><a href='?page_no=13778'>13778<\/a><\/li>\n\n\n\n<li><a href='?page_no=13779'>13779<\/a><\/li>\n\n\n\n<li class='active'><a>13780<\/a><\/li>\n\n\n\n<li><a href='?page_no=13781'>13781<\/a><\/li>\n\n\n\n<li><a href='?page_no=13782'>13782<\/a><\/li>\n\n\n\n<li><a>...<\/a><\/li>\n\n\n\n<li><a href='?page_no=56169'>56169<\/a><\/li>\n\n\n\n<li><a href='?page_no=56170'>56170<\/a><\/li>\n\n    \n\t\n\n<li >\n\t<a href='?page_no=13781'>Next<\/a>\n\t<\/li>\n\n\n    \n\n<li><a href='?page_no=56170'>Last &rsaquo;&rsaquo;<\/a><\/li>\n\n<\/ul>\n\n\n--><br \/>\n<\/body><\/p>\n","protected":false},"excerpt":{"rendered":"<p>Santo Domingo, RD, 06 de Febrero (DICOM).-El portavoz del gobierno dominicano y director general de Comunicaci\u00f3n dijo que la regi\u00f3n Sur vive su mejor momento desde que Danilo Medina lleg\u00f3 a la presidencia. Roberto Rodr\u00edguez Marchena destac\u00f3 el apoyo decidido que han recibido decenas de asociaciones y cooperativas de la regi\u00f3n a trav\u00e9s de las [&hellip;]<\/p>\n","protected":false},"author":3,"featured_media":0,"comment_status":"open","ping_status":"open","sticky":false,"template":"","format":"standard","meta":{"footnotes":""},"categories":[20],"tags":[],"class_list":["post-219460","post","type-post","status-publish","format-standard","hentry","category-dominicana-hoy"],"_links":{"self":[{"href":"https:\/\/diariodominicano.com\/index.php?rest_route=\/wp\/v2\/posts\/219460","targetHints":{"allow":["GET"]}}],"collection":[{"href":"https:\/\/diariodominicano.com\/index.php?rest_route=\/wp\/v2\/posts"}],"about":[{"href":"https:\/\/diariodominicano.com\/index.php?rest_route=\/wp\/v2\/types\/post"}],"author":[{"embeddable":true,"href":"https:\/\/diariodominicano.com\/index.php?rest_route=\/wp\/v2\/users\/3"}],"replies":[{"embeddable":true,"href":"https:\/\/diariodominicano.com\/index.php?rest_route=%2Fwp%2Fv2%2Fcomments&post=219460"}],"version-history":[{"count":0,"href":"https:\/\/diariodominicano.com\/index.php?rest_route=\/wp\/v2\/posts\/219460\/revisions"}],"wp:attachment":[{"href":"https:\/\/diariodominicano.com\/index.php?rest_route=%2Fwp%2Fv2%2Fmedia&parent=219460"}],"wp:term":[{"taxonomy":"category","embeddable":true,"href":"https:\/\/diariodominicano.com\/index.php?rest_route=%2Fwp%2Fv2%2Fcategories&post=219460"},{"taxonomy":"post_tag","embeddable":true,"href":"https:\/\/diariodominicano.com\/index.php?rest_route=%2Fwp%2Fv2%2Ftags&post=219460"}],"curies":[{"name":"wp","href":"https:\/\/api.w.org\/{rel}","templated":true}]}}