{"id":219457,"date":"2016-02-07T06:01:53","date_gmt":"2016-02-07T06:01:53","guid":{"rendered":"http:\/\/diariodominicano.ddns.net\/?p=219457"},"modified":"2016-02-07T06:01:53","modified_gmt":"2016-02-07T06:01:53","slug":"incremento-de-la-humedad-por-viento-del-sureste-y-vaguada-frontal","status":"publish","type":"post","link":"https:\/\/diariodominicano.com\/?p=219457","title":{"rendered":"Incremento de la humedad por viento del sureste y vaguada frontal   &#13;"},"content":{"rendered":"<p><body><\/p>\n<p><span class=\"text1noticias\">Santo Domingo, RD, 7 de Febrero.-la Oficina Nacional de Meteorolog\u00eda inform\u00f3 que el viento del sureste arrastra n\u00facleos nubosos desde el mar hasta nuestro territorio para provocar durante este domingo las lluvias de corto periodo sobre algunos poblados de la zona costera Caribe\u00f1a.<\/span><\/p>\n<\/p>\n<p><span class=\"text1noticias\">La Onamet pronostic\u00f3, adem\u00e1s, para esta noche una vaguada frontal se aproximar\u00e1 al pa\u00eds e incrementar\u00e1 el contenido de humedad en nuestra atm\u00f3sfera para generar precipitaciones sobre las provincias de Montecristi, Valverde, Santiago Rodr\u00edguez, Puerto Plata, Espaillat, Hermanas Mirabal, Mar\u00eda Trinidad S\u00e1nchez, Saman\u00e1, Hato Mayor, El Seibo, La Altagracia, La Romana, San Pedro de Macor\u00eds, Monte Plata y el gran Santo Domingo.  <\/span><\/p>\n<\/p>\n<p><span class=\"text1noticias\">El organismo predictor indic\u00f3 que la d\u00e9bil vaguada que estuvo sobre el canal de la mona ha entrado en fase de disipaci\u00f3n. Para ma\u00f1ana lunes y el martes, la vaguada frontal se mantendr\u00e1 casi estacionaria sobre nuestro territorio y seguir\u00e1 provocando lluvias hacia las regiones noroeste, norte, noreste, sureste y la cordillera central.<\/span><\/p>\n<\/p>\n<p><span class=\"text1noticias\">Las temperaturas se mantendr\u00e1n agradables en la noche y madrugada debido a la \u00e9poca del a\u00f1o.<\/span><\/p>\n<\/p>\n<p><span class=\"text1noticias\">Recomiend\u00f3 a las fr\u00e1giles y peque\u00f1as embarcaciones en la costa atl\u00e1ntica que deben navegar con precauci\u00f3n cerca del per\u00edmetro costero, y no aventurarse mar adentro debido a viento y olas anormales.   <\/span><\/p>\n<p><span class=\"text1noticias\"> <\/span><\/p>\n<p><span class=\"text1noticias\">Para el Distrito Nacional y la provincia de  Santo Domingo el cielo estar\u00e1 medio nublado a nublado con lluvias espor\u00e1dicas, con incrementos nubosos con lluvia algunas veces<\/span>.<\/p>\n<h6> 2016-02-07 06:01:53 <\/h6>\n<p><!--\n<link rel=\"stylesheet\" href=\"css\/bootstrap.min.css\">\n\n\n<ul class=\"pagination\">\n\t    \n\t\n\n<li >\n\t<a href='?page_no=13777'>Previous<\/a>\n\t<\/li>\n\n\n       \n    \n\n<li><a href='?page_no=1'>1<\/a><\/li>\n\n\n\n<li><a href='?page_no=2'>2<\/a><\/li>\n\n\n\n<li><a>...<\/a><\/li>\n\n\n\n<li><a href='?page_no=13776'>13776<\/a><\/li>\n\n\n\n<li><a href='?page_no=13777'>13777<\/a><\/li>\n\n\n\n<li class='active'><a>13778<\/a><\/li>\n\n\n\n<li><a href='?page_no=13779'>13779<\/a><\/li>\n\n\n\n<li><a href='?page_no=13780'>13780<\/a><\/li>\n\n\n\n<li><a>...<\/a><\/li>\n\n\n\n<li><a href='?page_no=56169'>56169<\/a><\/li>\n\n\n\n<li><a href='?page_no=56170'>56170<\/a><\/li>\n\n    \n\t\n\n<li >\n\t<a href='?page_no=13779'>Next<\/a>\n\t<\/li>\n\n\n    \n\n<li><a href='?page_no=56170'>Last &rsaquo;&rsaquo;<\/a><\/li>\n\n<\/ul>\n\n\n--><br \/>\n<\/body><\/p>\n","protected":false},"excerpt":{"rendered":"<p>Santo Domingo, RD, 7 de Febrero.-la Oficina Nacional de Meteorolog\u00eda inform\u00f3 que el viento del sureste arrastra n\u00facleos nubosos desde el mar hasta nuestro territorio para provocar durante este domingo las lluvias de corto periodo sobre algunos poblados de la zona costera Caribe\u00f1a. La Onamet pronostic\u00f3, adem\u00e1s, para esta noche una vaguada frontal se aproximar\u00e1 [&hellip;]<\/p>\n","protected":false},"author":3,"featured_media":0,"comment_status":"open","ping_status":"open","sticky":false,"template":"","format":"standard","meta":{"footnotes":""},"categories":[20],"tags":[],"class_list":["post-219457","post","type-post","status-publish","format-standard","hentry","category-dominicana-hoy"],"_links":{"self":[{"href":"https:\/\/diariodominicano.com\/index.php?rest_route=\/wp\/v2\/posts\/219457","targetHints":{"allow":["GET"]}}],"collection":[{"href":"https:\/\/diariodominicano.com\/index.php?rest_route=\/wp\/v2\/posts"}],"about":[{"href":"https:\/\/diariodominicano.com\/index.php?rest_route=\/wp\/v2\/types\/post"}],"author":[{"embeddable":true,"href":"https:\/\/diariodominicano.com\/index.php?rest_route=\/wp\/v2\/users\/3"}],"replies":[{"embeddable":true,"href":"https:\/\/diariodominicano.com\/index.php?rest_route=%2Fwp%2Fv2%2Fcomments&post=219457"}],"version-history":[{"count":0,"href":"https:\/\/diariodominicano.com\/index.php?rest_route=\/wp\/v2\/posts\/219457\/revisions"}],"wp:attachment":[{"href":"https:\/\/diariodominicano.com\/index.php?rest_route=%2Fwp%2Fv2%2Fmedia&parent=219457"}],"wp:term":[{"taxonomy":"category","embeddable":true,"href":"https:\/\/diariodominicano.com\/index.php?rest_route=%2Fwp%2Fv2%2Fcategories&post=219457"},{"taxonomy":"post_tag","embeddable":true,"href":"https:\/\/diariodominicano.com\/index.php?rest_route=%2Fwp%2Fv2%2Ftags&post=219457"}],"curies":[{"name":"wp","href":"https:\/\/api.w.org\/{rel}","templated":true}]}}