{"id":219451,"date":"2016-02-07T16:03:43","date_gmt":"2016-02-07T16:03:43","guid":{"rendered":"http:\/\/diariodominicano.ddns.net\/?p=219451"},"modified":"2016-02-07T16:03:43","modified_gmt":"2016-02-07T16:03:43","slug":"vicepresidenta-ciudad-mujer-sera-primer-centro-de-atencion-integral-a-la-mujer-en-el-pais","status":"publish","type":"post","link":"https:\/\/diariodominicano.com\/?p=219451","title":{"rendered":"Vicepresidenta: Ciudad Mujer ser\u00e1 primer centro de atenci\u00f3n integral a la mujer en el pa\u00eds"},"content":{"rendered":"<p><body><\/p>\n<p><span class=\"text1noticias\">Santo Domingo, RD, 7 de febrero.-La vicepresidenta de la Rep\u00fablica, Margarita Cede\u00f1o, calific\u00f3como trascendentela construcci\u00f3n del primer Centro de Atenci\u00f3n Integral a la Mujer, anunciado por el presidente Danilo Medinadurante su discurso de proclamaci\u00f3n como candidato a la Presidencia de la Rep\u00fablica el pasado 31 de enero en el Palacio de los Deportes.<\/span><\/p>\n<\/p>\n<p><span class=\"text1noticias\">\u00abEl compromiso manifestado por el compa\u00f1ero presidente de la Rep\u00fablica y candidato por nuestro partido, Danilo Medina, con la construcci\u00f3n de Ciudad Mujer es un gran paso que corona el esfuerzo que venimos haciendo desde hace tres a\u00f1osjunto al Banco Interamericano de Desarrollo y la Secretaria de Inclusi\u00f3n Social de El Salvador para replicar en el pa\u00eds este proyecto, que garantiza los derechos fundamentales de la mujer\u00bb, se\u00f1al\u00f3 Margarita Cede\u00f1o.<\/span><\/p>\n<\/p>\n<p><span class=\"text1noticias\">La Vicemandataria explic\u00f3 que el pa\u00eds contar\u00e1 con un Centro de Atenci\u00f3n Integral a la Mujer, donde en un solo espacio, se concentrar\u00e1n todos los servicios especializados como salud sexual y reproductiva, atenci\u00f3n integral a la violencia de g\u00e9nero, empoderamiento econ\u00f3mico y la promoci\u00f3n de sus derechos, ycontar\u00e1 con un \u00e1rea de atenci\u00f3n infantil, donde las madres podr\u00e1n dejar a sus hijos mientras reciben los servicios anteriormente se\u00f1alados.<\/span><\/p>\n<\/p>\n<p><span class=\"text1noticias\">La Vicepresidenta explic\u00f3 que para tales fines firm\u00f3 en julio del pasado a\u00f1o un convenio con la Fundaci\u00f3n Plenus, mediante el cual, el pa\u00eds recibi\u00f3 asesor\u00eda y asistencia t\u00e9cnica para adaptar el modelo que se lleva a cabo en El Salvador a la realidad del pa\u00eds y lograr el empoderamiento de las mujeresdominicnanas.<\/span><\/p>\n<\/p>\n<p><span class=\"text1noticias\">\u00abHa sido un proceso interesante, donde hemos agotado una intensa agenda de reuniones, visitas t\u00e9cnicas, foros de discusi\u00f3n con la participaci\u00f3n de instituciones p\u00fablicas y privadas del pa\u00eds y Organizaciones No Gubernamentales que trabajan el tema Mujer, as\u00ed como la presentaci\u00f3n del proyecto Ciudad Mujer al Directorio del Banco Interamericano de Desarrollo (BID) en noviembre del a\u00f1o pasado\u00bb, explic\u00f3.<\/span><\/p>\n<\/p>\n<p><span class=\"text1noticias\">Al ser abordada por los medios de comunicaci\u00f3n en las escalinatas del Palacio Nacional la Vicemandataria dijo sentirse muy feliz y llena de esperanza, pues en Ciudad Mujer, las mujeres podr\u00e1n ser atendidas de manera oportuna en un ambiente de confiabilidad y calidad, al respetar sus derechos y evitar su revictimizaci\u00f3n. <\/span><\/p>\n<\/p>\n<p><span class=\"text1noticias\">\u00abEste Centro de Atenci\u00f3n Integral a la Mujer, Ciudad Mujer, es un sue\u00f1o acariciado que vengo trabajando intensamente por tres a\u00f1os, y hoy gracias a Dios ya tenemos los planos  y contamos con todo el apoyo del Presidente Medina\u00bb, indic\u00f3 Margarita Cede\u00f1o<\/span>.<\/p>\n<\/p>\n<\/p>\n<h6> 2016-02-07 16:03:43 <\/h6>\n<p><!--\n<link rel=\"stylesheet\" href=\"css\/bootstrap.min.css\">\n\n\n<ul class=\"pagination\">\n\t    \n\t\n\n<li >\n\t<a href='?page_no=13771'>Previous<\/a>\n\t<\/li>\n\n\n       \n    \n\n<li><a href='?page_no=1'>1<\/a><\/li>\n\n\n\n<li><a href='?page_no=2'>2<\/a><\/li>\n\n\n\n<li><a>...<\/a><\/li>\n\n\n\n<li><a href='?page_no=13770'>13770<\/a><\/li>\n\n\n\n<li><a href='?page_no=13771'>13771<\/a><\/li>\n\n\n\n<li class='active'><a>13772<\/a><\/li>\n\n\n\n<li><a href='?page_no=13773'>13773<\/a><\/li>\n\n\n\n<li><a href='?page_no=13774'>13774<\/a><\/li>\n\n\n\n<li><a>...<\/a><\/li>\n\n\n\n<li><a href='?page_no=56169'>56169<\/a><\/li>\n\n\n\n<li><a href='?page_no=56170'>56170<\/a><\/li>\n\n    \n\t\n\n<li >\n\t<a href='?page_no=13773'>Next<\/a>\n\t<\/li>\n\n\n    \n\n<li><a href='?page_no=56170'>Last &rsaquo;&rsaquo;<\/a><\/li>\n\n<\/ul>\n\n\n--><br \/>\n<\/body><\/p>\n","protected":false},"excerpt":{"rendered":"<p>Santo Domingo, RD, 7 de febrero.-La vicepresidenta de la Rep\u00fablica, Margarita Cede\u00f1o, calific\u00f3como trascendentela construcci\u00f3n del primer Centro de Atenci\u00f3n Integral a la Mujer, anunciado por el presidente Danilo Medinadurante su discurso de proclamaci\u00f3n como candidato a la Presidencia de la Rep\u00fablica el pasado 31 de enero en el Palacio de los Deportes. \u00abEl compromiso [&hellip;]<\/p>\n","protected":false},"author":3,"featured_media":0,"comment_status":"open","ping_status":"open","sticky":false,"template":"","format":"standard","meta":{"footnotes":""},"categories":[20],"tags":[],"class_list":["post-219451","post","type-post","status-publish","format-standard","hentry","category-dominicana-hoy"],"_links":{"self":[{"href":"https:\/\/diariodominicano.com\/index.php?rest_route=\/wp\/v2\/posts\/219451","targetHints":{"allow":["GET"]}}],"collection":[{"href":"https:\/\/diariodominicano.com\/index.php?rest_route=\/wp\/v2\/posts"}],"about":[{"href":"https:\/\/diariodominicano.com\/index.php?rest_route=\/wp\/v2\/types\/post"}],"author":[{"embeddable":true,"href":"https:\/\/diariodominicano.com\/index.php?rest_route=\/wp\/v2\/users\/3"}],"replies":[{"embeddable":true,"href":"https:\/\/diariodominicano.com\/index.php?rest_route=%2Fwp%2Fv2%2Fcomments&post=219451"}],"version-history":[{"count":0,"href":"https:\/\/diariodominicano.com\/index.php?rest_route=\/wp\/v2\/posts\/219451\/revisions"}],"wp:attachment":[{"href":"https:\/\/diariodominicano.com\/index.php?rest_route=%2Fwp%2Fv2%2Fmedia&parent=219451"}],"wp:term":[{"taxonomy":"category","embeddable":true,"href":"https:\/\/diariodominicano.com\/index.php?rest_route=%2Fwp%2Fv2%2Fcategories&post=219451"},{"taxonomy":"post_tag","embeddable":true,"href":"https:\/\/diariodominicano.com\/index.php?rest_route=%2Fwp%2Fv2%2Ftags&post=219451"}],"curies":[{"name":"wp","href":"https:\/\/api.w.org\/{rel}","templated":true}]}}