{"id":219450,"date":"2016-02-07T16:08:49","date_gmt":"2016-02-07T16:08:49","guid":{"rendered":"http:\/\/diariodominicano.ddns.net\/?p=219450"},"modified":"2016-02-07T16:08:49","modified_gmt":"2016-02-07T16:08:49","slug":"oisoe-iniciara-trabajo-solucion-canada-los-platanitos-en-los-guaricanos","status":"publish","type":"post","link":"https:\/\/diariodominicano.com\/?p=219450","title":{"rendered":"OISOE iniciar\u00e1 trabajo soluci\u00f3n ca\u00f1ada Los Platanitos, en Los Guaricanos"},"content":{"rendered":"<p><body><\/p>\n<p><img decoding=\"async\" src=\"img3\/platanitos.jpg\" \/>  <\/p>\n<p><span class=\"text1noticias\">Santo Domingo, RD, 7 de Febrero.-La Oficina de Ingenieros Supervisores de Obras del Estado (OISOE) dando cumplimiento a la promesa que hizo el presidente Danilo Medina, a los residentes del sector Los Platanitos, en Los Guaricanos, iniciar\u00e1 los trabajos de soluci\u00f3n a la ca\u00f1ada que afecta a los residentes del sector.<\/span><\/p>\n<\/p>\n<p><span class=\"text1noticias\">El presidente Danilo Medina realiz\u00f3 el pasado viernes una visita sorpresa al lugar, donde se comprometi\u00f3 con la comunidad a sanear la ca\u00f1ada, reparar las viviendas en mal estado y las calles del sector.<\/span><\/p>\n<\/p>\n<p><span class=\"text1noticias\">El ingeniero Francisco Pag\u00e1n Rodr\u00edguez, quien estuvo acompa\u00f1ando al Mandatario en su recorrido por el sector, regreso hoy en compa\u00f1\u00eda de t\u00e9cnicos de la instituci\u00f3n para coordinar los trabajos que se realizar\u00e1n en la ca\u00f1ada que tiene una dimensi\u00f3n de 1,300 metros,<\/span><\/p>\n<\/p>\n<p><span class=\"text1noticias\">El funcionario design\u00f3 al ingeniero Juan Francisco Cabrera, como coordinador de los trabajos que se llevar\u00e1n a cabo para sanear la ca\u00f1ada de los platanitos, en los Guaricanos. <\/span><\/p>\n<\/p>\n<p><span class=\"text1noticias\">El director de la OISOE inform\u00f3 a los l\u00edderes comunitarios de Los Platanitos, que en los trabajos que se van a realizar se utilizar\u00e1n manos de obra del mismo sector, como una forma de ayudar a la econom\u00eda familiar. <\/span><\/p>\n<\/p>\n<p><span class=\"text1noticias\">Durante su visita para anunciar el inicio de los trabajos que solucionar\u00e1 el problema de una quebrada que por d\u00e9cadas ha afectado el diario vivir de los lugare\u00f1os, Pag\u00e1n dijo que \u00abse canalizar\u00e1 la ca\u00f1ada y se van a cambiar las tuber\u00edas del agua potable. El plan de acci\u00f3n iniciar\u00e1 sacando toda la basura que hay dentro de la ca\u00f1ada, para de inmediato proceder a los trabajos que podr\u00e1n soluci\u00f3n definitiva a ese mal\u00bb,<\/span><\/p>\n<p><span class=\"text1noticias\">El director de la OISOE al impartir las instrucciones al ingeniero Cabrera, quien coordinar\u00e1 los trabajos de soluci\u00f3n a la ca\u00f1ada, aseguro a los dirigentes comunitarios que no estaba en el lugar para jugar, sino que fue a trabajar.<\/span><\/p>\n<\/p>\n<p><span class=\"text1noticias\">\u00abYo no vine a jugar, yo viene a trabajar. Vamos a iniciar los trabajos de arriba hac\u00eda abajo. Vamos air tapando en medida que se vaya trabajando, para evitar que lancen nuevamente desperdicios\u00bb.<\/span><\/p>\n<\/p>\n<p><span class=\"text1noticias\">El ingeniero Pag\u00e1n Rodr\u00edguez explic\u00f3 que al concluir los trabajos de saneamiento de la ca\u00f1ada Los Planitos, se proceder\u00e1 a trabajar en la reparaci\u00f3n de viviendas. <\/span><\/p>\n<\/p>\n<p><span class=\"text1noticias\">Visita el Barrio 27 de febrero<\/span><\/p>\n<\/p>\n<p><span class=\"text1noticias\">Al concluir su visita en el sector Los Guaricanos, el ingeniero Pag\u00e1n Rodr\u00edguez, se traslad\u00f3 al Centro Parroquial Domingo Savio, ubicado en el barrio 27 de febrero, donde anunci\u00f3 la reparaci\u00f3n y ampliaci\u00f3n de dicho centro, que ser\u00e1 convertirlo en una escuela vocacional, que adem\u00e1s constar\u00e1 de un comedor y una cancha deportiva.<\/span><\/p>\n<p><span class=\"text1noticias\">El director de la OISOE indic\u00f3 que por orden del presidente Danilo Medina todas estas obras ser\u00e1n construidas con responsabilidad y les prometi\u00f3 a los moradores del sector que pronto sus sue\u00f1os ser\u00e1n una realidad<\/span>.<\/p>\n<h6> 2016-02-07 16:08:49 <\/h6>\n<p><!--\n<link rel=\"stylesheet\" href=\"css\/bootstrap.min.css\">\n\n\n<ul class=\"pagination\">\n\t    \n\t\n\n<li >\n\t<a href='?page_no=13770'>Previous<\/a>\n\t<\/li>\n\n\n       \n    \n\n<li><a href='?page_no=1'>1<\/a><\/li>\n\n\n\n<li><a href='?page_no=2'>2<\/a><\/li>\n\n\n\n<li><a>...<\/a><\/li>\n\n\n\n<li><a href='?page_no=13769'>13769<\/a><\/li>\n\n\n\n<li><a href='?page_no=13770'>13770<\/a><\/li>\n\n\n\n<li class='active'><a>13771<\/a><\/li>\n\n\n\n<li><a href='?page_no=13772'>13772<\/a><\/li>\n\n\n\n<li><a href='?page_no=13773'>13773<\/a><\/li>\n\n\n\n<li><a>...<\/a><\/li>\n\n\n\n<li><a href='?page_no=56169'>56169<\/a><\/li>\n\n\n\n<li><a href='?page_no=56170'>56170<\/a><\/li>\n\n    \n\t\n\n<li >\n\t<a href='?page_no=13772'>Next<\/a>\n\t<\/li>\n\n\n    \n\n<li><a href='?page_no=56170'>Last &rsaquo;&rsaquo;<\/a><\/li>\n\n<\/ul>\n\n\n--><br \/>\n<\/body><\/p>\n","protected":false},"excerpt":{"rendered":"<p>Santo Domingo, RD, 7 de Febrero.-La Oficina de Ingenieros Supervisores de Obras del Estado (OISOE) dando cumplimiento a la promesa que hizo el presidente Danilo Medina, a los residentes del sector Los Platanitos, en Los Guaricanos, iniciar\u00e1 los trabajos de soluci\u00f3n a la ca\u00f1ada que afecta a los residentes del sector. El presidente Danilo Medina [&hellip;]<\/p>\n","protected":false},"author":3,"featured_media":0,"comment_status":"open","ping_status":"open","sticky":false,"template":"","format":"standard","meta":{"footnotes":""},"categories":[20],"tags":[],"class_list":["post-219450","post","type-post","status-publish","format-standard","hentry","category-dominicana-hoy"],"_links":{"self":[{"href":"https:\/\/diariodominicano.com\/index.php?rest_route=\/wp\/v2\/posts\/219450","targetHints":{"allow":["GET"]}}],"collection":[{"href":"https:\/\/diariodominicano.com\/index.php?rest_route=\/wp\/v2\/posts"}],"about":[{"href":"https:\/\/diariodominicano.com\/index.php?rest_route=\/wp\/v2\/types\/post"}],"author":[{"embeddable":true,"href":"https:\/\/diariodominicano.com\/index.php?rest_route=\/wp\/v2\/users\/3"}],"replies":[{"embeddable":true,"href":"https:\/\/diariodominicano.com\/index.php?rest_route=%2Fwp%2Fv2%2Fcomments&post=219450"}],"version-history":[{"count":0,"href":"https:\/\/diariodominicano.com\/index.php?rest_route=\/wp\/v2\/posts\/219450\/revisions"}],"wp:attachment":[{"href":"https:\/\/diariodominicano.com\/index.php?rest_route=%2Fwp%2Fv2%2Fmedia&parent=219450"}],"wp:term":[{"taxonomy":"category","embeddable":true,"href":"https:\/\/diariodominicano.com\/index.php?rest_route=%2Fwp%2Fv2%2Fcategories&post=219450"},{"taxonomy":"post_tag","embeddable":true,"href":"https:\/\/diariodominicano.com\/index.php?rest_route=%2Fwp%2Fv2%2Ftags&post=219450"}],"curies":[{"name":"wp","href":"https:\/\/api.w.org\/{rel}","templated":true}]}}