{"id":219449,"date":"2016-02-07T21:57:02","date_gmt":"2016-02-07T21:57:02","guid":{"rendered":"http:\/\/diariodominicano.ddns.net\/?p=219449"},"modified":"2016-02-07T21:57:02","modified_gmt":"2016-02-07T21:57:02","slug":"vaguada-pre-frontal-y-viento-del-sureste-provocando-lluvias-en-algunas-provincias","status":"publish","type":"post","link":"https:\/\/diariodominicano.com\/?p=219449","title":{"rendered":"Vaguada pre-frontal y viento del sureste provocando lluvias en algunas provincias"},"content":{"rendered":"<p><body><\/p>\n<p>Santo Domingo RD 8 febrero.- Ayer tarde se registraron lluvias en varias regiones del pa\u00eds debido a la incidencia que mantiene sobre el pa\u00eds una vaguada que antecede el sistema frontal (vaguada pre-frontal). Estas lluvias son de car\u00e1cter d\u00e9bil y en ocasiones moderadas. <\/p>\n<\/p>\n<p>Tambi\u00e9n se suma el viento del sureste que  transporta campos nubosos con bastante humedad y al entrar en contacto con la orograf\u00eda dejan dichas lluvias. Este comportamiento permanecer\u00e1 durante la noche.<\/p>\n<\/p>\n<p>Este lunes iniciando la semana laboral seguir\u00e1 acerc\u00e1ndose lentamente al pa\u00eds el sistema frontal y a su paso incrementar\u00e1 el contenido de humedad sobre las regiones, norte, noreste, l\u00ednea noroeste y algunas localidades del Cibao central y a su vez estar\u00e1 generando lluvias de moderadas a fuerte. Este comportamiento de mucha nubosidad permanecer\u00e1 hasta el martes en la tarde,  debido a que el sistema frontal encontrara resistencia para desplazarse libremente hacia el este\/sureste provocada por un sistema de alta presi\u00f3n.<\/p>\n<\/p>\n<p>En cuanto a las temperaturas,  seguir\u00e1n comport\u00e1ndose agradables en la noche y madrugada, especialmente en zonas de monta\u00f1as debido a las condiciones de lluvias y la \u00e9poca del a\u00f1o.<\/p>\n<\/p>\n<p>La Oficina Nacional de Meteorolog\u00eda (ONAMET), recomienda a las fr\u00e1giles y peque\u00f1as embarcaciones en las costas Atl\u00e1ntica y Caribe\u00f1a que deben navegar con precauci\u00f3n cerca del per\u00edmetro costero, y no aventurarse mar adentro debido a olas anormales.   <\/p>\n<\/p>\n<p>Distrito Nacional.          Nublado con lluvias dispersas durante la tarde y parte de la noche.<\/p>\n<\/p>\n<p>Santo Domingo norte.   Incrementos nubosos con lluvias dispersas durante la tarde y parte de la noche.<\/p>\n<\/p>\n<p>Santo Domingo Oeste.   Nublado con  lluvias dispersas durante la tarde.<\/p>\n<\/p>\n<p>Santo Domingo Este.     Nublado con lluvias dispersas durante la tarde y parte de la noche.<\/p>\n<\/p>\n<p>El  Gran Santo Domingo. La temperatura m\u00e1xima estar\u00e1 entre  29\u00baC y 31\u00baC  y la m\u00ednima entre 21\u00baC y 23\u00baC.    <\/p>\n<p><strong> <\/strong><\/p>\n<p><strong>PRONOSTICO EXTENDIDO<\/strong><\/p>\n<\/p>\n<p>Esta noche.  Medio nublado a nublado con lluvias ocasionales hacia las regiones noroeste noreste, sureste y la parte Central del pa\u00eds.       <\/p>\n<\/p>\n<p>Lunes.  Medio nublado a nublado con lluvias dispersas, que podr\u00edan ser localmente moderadas hacia las regiones noroeste, noreste, sureste y la cordillera Central.<\/p>\n<\/p>\n<p>Santo Domingo y sus municipios. Medio nublado a nublado en ocasiones con lluvias ocasionales en la tarde y noche.  <\/p>\n<\/p>\n<p>Distrito Nacional. Medio nublado a nublado con lluvias dispersas en la tarde y noche.<\/p>\n<\/p>\n<p>Martes. Medio nublado a nublado  en  ocasiones con lluvias d\u00e9biles hacia las regiones sureste, noreste y centro del pa\u00eds, pudiendo ser moderadas en la parte noroeste y norte.<\/p>\n<\/p>\n<p>Santo Domingo y sus municipios. Medio nublado a nublado con lluvias d\u00e9biles.<\/p>\n<\/p>\n<p>Distrito Nacional.  Medio nublado a nublado en ocasiones con lluvias d\u00e9biles.<\/p>\n<\/p>\n<h6> 2016-02-07 21:57:02 <\/h6>\n<p><!--\n<link rel=\"stylesheet\" href=\"css\/bootstrap.min.css\">\n\n\n<ul class=\"pagination\">\n\t    \n\t\n\n<li >\n\t<a href='?page_no=13769'>Previous<\/a>\n\t<\/li>\n\n\n       \n    \n\n<li><a href='?page_no=1'>1<\/a><\/li>\n\n\n\n<li><a href='?page_no=2'>2<\/a><\/li>\n\n\n\n<li><a>...<\/a><\/li>\n\n\n\n<li><a href='?page_no=13768'>13768<\/a><\/li>\n\n\n\n<li><a href='?page_no=13769'>13769<\/a><\/li>\n\n\n\n<li class='active'><a>13770<\/a><\/li>\n\n\n\n<li><a href='?page_no=13771'>13771<\/a><\/li>\n\n\n\n<li><a href='?page_no=13772'>13772<\/a><\/li>\n\n\n\n<li><a>...<\/a><\/li>\n\n\n\n<li><a href='?page_no=56169'>56169<\/a><\/li>\n\n\n\n<li><a href='?page_no=56170'>56170<\/a><\/li>\n\n    \n\t\n\n<li >\n\t<a href='?page_no=13771'>Next<\/a>\n\t<\/li>\n\n\n    \n\n<li><a href='?page_no=56170'>Last &rsaquo;&rsaquo;<\/a><\/li>\n\n<\/ul>\n\n\n--><br \/>\n<\/body><\/p>\n","protected":false},"excerpt":{"rendered":"<p>Santo Domingo RD 8 febrero.- Ayer tarde se registraron lluvias en varias regiones del pa\u00eds debido a la incidencia que mantiene sobre el pa\u00eds una vaguada que antecede el sistema frontal (vaguada pre-frontal). Estas lluvias son de car\u00e1cter d\u00e9bil y en ocasiones moderadas. Tambi\u00e9n se suma el viento del sureste que transporta campos nubosos con [&hellip;]<\/p>\n","protected":false},"author":3,"featured_media":0,"comment_status":"open","ping_status":"open","sticky":false,"template":"","format":"standard","meta":{"footnotes":""},"categories":[20],"tags":[],"class_list":["post-219449","post","type-post","status-publish","format-standard","hentry","category-dominicana-hoy"],"_links":{"self":[{"href":"https:\/\/diariodominicano.com\/index.php?rest_route=\/wp\/v2\/posts\/219449","targetHints":{"allow":["GET"]}}],"collection":[{"href":"https:\/\/diariodominicano.com\/index.php?rest_route=\/wp\/v2\/posts"}],"about":[{"href":"https:\/\/diariodominicano.com\/index.php?rest_route=\/wp\/v2\/types\/post"}],"author":[{"embeddable":true,"href":"https:\/\/diariodominicano.com\/index.php?rest_route=\/wp\/v2\/users\/3"}],"replies":[{"embeddable":true,"href":"https:\/\/diariodominicano.com\/index.php?rest_route=%2Fwp%2Fv2%2Fcomments&post=219449"}],"version-history":[{"count":0,"href":"https:\/\/diariodominicano.com\/index.php?rest_route=\/wp\/v2\/posts\/219449\/revisions"}],"wp:attachment":[{"href":"https:\/\/diariodominicano.com\/index.php?rest_route=%2Fwp%2Fv2%2Fmedia&parent=219449"}],"wp:term":[{"taxonomy":"category","embeddable":true,"href":"https:\/\/diariodominicano.com\/index.php?rest_route=%2Fwp%2Fv2%2Fcategories&post=219449"},{"taxonomy":"post_tag","embeddable":true,"href":"https:\/\/diariodominicano.com\/index.php?rest_route=%2Fwp%2Fv2%2Ftags&post=219449"}],"curies":[{"name":"wp","href":"https:\/\/api.w.org\/{rel}","templated":true}]}}