{"id":219447,"date":"2016-02-08T07:18:13","date_gmt":"2016-02-08T07:18:13","guid":{"rendered":"http:\/\/diariodominicano.ddns.net\/?p=219447"},"modified":"2016-02-08T07:18:13","modified_gmt":"2016-02-08T07:18:13","slug":"gustavo-montalvo-en-recorrido-por-espaillat-se-reune-con-autoridades-y-comunitarios","status":"publish","type":"post","link":"https:\/\/diariodominicano.com\/?p=219447","title":{"rendered":"Gustavo Montalvo en recorrido por Espaillat; se re\u00fane con autoridades y comunitarios"},"content":{"rendered":"<p><body><\/p>\n<p><img decoding=\"async\" src=\"img3\/guta 1.jpg\" \/>  <\/p>\n<p>Moca, Espaillat RD 8 febrero (DICOM).- El ministro de la Presidencia, Gustavo Montalvo, se reuni\u00f3 hoy en Moca con directivos del Plan Estrat\u00e9gico para el Desarrollo de la Provincia Espaillat (PEDEPE) y con representantes de la comunidad de Gaspar Hern\u00e1ndez.<\/p>\n<\/p>\n<p>Montalvo sostuvo un encuentro con m\u00e1s de 100 representantes de organizaciones empresariales, religiosas, sociedad civil y comunicadores de Gaspar Hern\u00e1ndez y la provincia Espaillat, a quienes escuch\u00f3 exponer acerca de sus necesidades y proyectos prioritarios.<\/p>\n<\/p>\n<p><strong>Junto a la comunidad, apoyando su mejor\u00eda<\/strong><\/p>\n<\/p>\n<p>Al compartir con las autoridades y comunitarios de la zona, el ministro Montalvo expres\u00f3 \u00abustedes son ejemplo de laboriosidad, de esfuerzo com\u00fan, pero adem\u00e1s tienen bien definidas sus necesidades y prioridades, por lo que les aseguro que el Gobierno del presidente Medina estar\u00e1 junto a ustedes para apoyarlos en la mejor\u00eda de infraestructura vial, as\u00ed como en proyectos productivos, tur\u00edsticos y ecotur\u00edsticos\u00bb.<\/p>\n<\/p>\n<p>Los directivos del Plan Estrat\u00e9gico explicaron al ministro de la Presidencia que dentro de sus aspiraciones est\u00e1 la de posesionar a la Provincia como un destino tur\u00edstico, destacando los atributos naturales y la riqueza cultural de esa demarcaci\u00f3n.<\/p>\n<\/p>\n<p><strong>Objetivos comunes<\/strong><\/p>\n<p><strong> <\/strong><\/p>\n<p>\u00abSus proyectos van en la direcci\u00f3n de los objetivos del Gobierno del presidente Medina, que busca, y as\u00ed lo dejo claro en Plan de Gobierno, reducir la pobreza y la inequidad social, llevar el bienestar y mejorar la calidad de vida de los dominicanos y dominicanas\u00bb, enfatiz\u00f3 Montalvo.<\/p>\n<\/p>\n<p>Montalvo dijo adem\u00e1s que el Gobierno al declarar mediante el Decreto No. 389-15 el  2016 como \u00abA\u00f1o del Fomento a la Vivienda\u00bb, acompa\u00f1ar\u00e1 junto al sector privado a las diferentes provincias del pa\u00eds a dotar a las personas de menores ingresos de viviendas dignas y a bajo costo y, l\u00f3gicamente, la provincia Espaillat ya tiene un camino recorrido al contemplar ese rengl\u00f3n en su Plan Estrat\u00e9gico.<\/p>\n<\/p>\n<p>Durante este recorrido, el ministro Montalvo estuvo acompa\u00f1ado por autoridades y representativos de la zona, entre los cuales se encontraban Jos\u00e9 Rafael Vargas y  Dilon\u00e9 Ovalles senador y gobernador de la provincia Espaillat, respectivamente.<\/p>\n<\/p>\n<\/p>\n<h6> 2016-02-08 07:18:13 <\/h6>\n<p><!--\n<link rel=\"stylesheet\" href=\"css\/bootstrap.min.css\">\n\n\n<ul class=\"pagination\">\n\t    \n\t\n\n<li >\n\t<a href='?page_no=13768'>Previous<\/a>\n\t<\/li>\n\n\n       \n    \n\n<li><a href='?page_no=1'>1<\/a><\/li>\n\n\n\n<li><a href='?page_no=2'>2<\/a><\/li>\n\n\n\n<li><a>...<\/a><\/li>\n\n\n\n<li><a href='?page_no=13767'>13767<\/a><\/li>\n\n\n\n<li><a href='?page_no=13768'>13768<\/a><\/li>\n\n\n\n<li class='active'><a>13769<\/a><\/li>\n\n\n\n<li><a href='?page_no=13770'>13770<\/a><\/li>\n\n\n\n<li><a href='?page_no=13771'>13771<\/a><\/li>\n\n\n\n<li><a>...<\/a><\/li>\n\n\n\n<li><a href='?page_no=56169'>56169<\/a><\/li>\n\n\n\n<li><a href='?page_no=56170'>56170<\/a><\/li>\n\n    \n\t\n\n<li >\n\t<a href='?page_no=13770'>Next<\/a>\n\t<\/li>\n\n\n    \n\n<li><a href='?page_no=56170'>Last &rsaquo;&rsaquo;<\/a><\/li>\n\n<\/ul>\n\n\n--><br \/>\n<\/body><\/p>\n","protected":false},"excerpt":{"rendered":"<p>Moca, Espaillat RD 8 febrero (DICOM).- El ministro de la Presidencia, Gustavo Montalvo, se reuni\u00f3 hoy en Moca con directivos del Plan Estrat\u00e9gico para el Desarrollo de la Provincia Espaillat (PEDEPE) y con representantes de la comunidad de Gaspar Hern\u00e1ndez. Montalvo sostuvo un encuentro con m\u00e1s de 100 representantes de organizaciones empresariales, religiosas, sociedad civil [&hellip;]<\/p>\n","protected":false},"author":3,"featured_media":0,"comment_status":"open","ping_status":"open","sticky":false,"template":"","format":"standard","meta":{"footnotes":""},"categories":[20],"tags":[],"class_list":["post-219447","post","type-post","status-publish","format-standard","hentry","category-dominicana-hoy"],"_links":{"self":[{"href":"https:\/\/diariodominicano.com\/index.php?rest_route=\/wp\/v2\/posts\/219447","targetHints":{"allow":["GET"]}}],"collection":[{"href":"https:\/\/diariodominicano.com\/index.php?rest_route=\/wp\/v2\/posts"}],"about":[{"href":"https:\/\/diariodominicano.com\/index.php?rest_route=\/wp\/v2\/types\/post"}],"author":[{"embeddable":true,"href":"https:\/\/diariodominicano.com\/index.php?rest_route=\/wp\/v2\/users\/3"}],"replies":[{"embeddable":true,"href":"https:\/\/diariodominicano.com\/index.php?rest_route=%2Fwp%2Fv2%2Fcomments&post=219447"}],"version-history":[{"count":0,"href":"https:\/\/diariodominicano.com\/index.php?rest_route=\/wp\/v2\/posts\/219447\/revisions"}],"wp:attachment":[{"href":"https:\/\/diariodominicano.com\/index.php?rest_route=%2Fwp%2Fv2%2Fmedia&parent=219447"}],"wp:term":[{"taxonomy":"category","embeddable":true,"href":"https:\/\/diariodominicano.com\/index.php?rest_route=%2Fwp%2Fv2%2Fcategories&post=219447"},{"taxonomy":"post_tag","embeddable":true,"href":"https:\/\/diariodominicano.com\/index.php?rest_route=%2Fwp%2Fv2%2Ftags&post=219447"}],"curies":[{"name":"wp","href":"https:\/\/api.w.org\/{rel}","templated":true}]}}