{"id":219445,"date":"2016-02-08T10:43:42","date_gmt":"2016-02-08T10:43:42","guid":{"rendered":"http:\/\/diariodominicano.ddns.net\/?p=219445"},"modified":"2016-02-08T10:43:42","modified_gmt":"2016-02-08T10:43:42","slug":"demandan-publicidad-gubernamental-sea-sorteada-por-el-cdp","status":"publish","type":"post","link":"https:\/\/diariodominicano.com\/?p=219445","title":{"rendered":"Demandan publicidad gubernamental sea sorteada por el CDP"},"content":{"rendered":"<p><body><\/p>\n<p><img decoding=\"async\" src=\"img3\/oli 4.jpg\" \/><br \/><img decoding=\"async\" src=\"img3\/olivo 1.jpg\" \/>  <\/p>\n<p>Santo Domingo RD 8 febrero.- El Colegio Dominicano de Periodistas (CDP) le pidi\u00f3 al gobierno la asignaci\u00f3n del 40% de su cartera publicitaria para sortearla entre los comunicadores sociales que tienen medios digitales, impresos, programas de radio, televisi\u00f3n y otros espacios.<\/p>\n<\/p>\n<p>Olivo De Le\u00f3n, presidente del CDP, explic\u00f3 que esa ser\u00eda una forma de contribuir a la transparencia y equidad en  la colocaci\u00f3n de la publicidad, evitando la discriminaci\u00f3n de programas y medios independientes por razones pol\u00edticas y de cualquier otra \u00edndole.<\/p>\n<\/p>\n<p>Precis\u00f3 que as\u00ed como el gobierno le dio la potestad al Colegio Dominicano de Ingenieros, Arquitectos y Agrimensores (CODIA) para sortear gran parte de las construcciones de escuelas y otras obras, deb\u00eda hacerlo con el CDP para garantizar la distribuci\u00f3n equitativa de la publicidad y lograr que llegue a medios locales, regionales, alternativos, preservando de esa forma su permanencia.<\/p>\n<\/p>\n<p>La sugerencia en este sentido surgi\u00f3 durante el taller que sobre la Seguridad de los Periodistas en la Rep\u00fablica Dominicana organiz\u00f3 el CDP con el auspicio de la UNESCO,en cuyas conclusiones y recomendaciones figura la de reclamar al Estado y sus instituciones transparencia y equidad en la colocaci\u00f3n de su cartera publicitaria y solicitarle que designe un 40% de su publicidad al CDP.<\/p>\n<\/p>\n<p>Record\u00f3 que es responsabilidad del gobierno contribuir a la preservaci\u00f3n y mantenimiento de los medios de comunicaci\u00f3n, incluyendo los peque\u00f1os, medianos, los nacionales, regionales, locales, digitales, electr\u00f3nicos, los independientes, los cr\u00edticos, para lo cual dispondr\u00e1 de una distribuci\u00f3n equitativa de su cartera publicitaria.<\/p>\n<\/p>\n<p>El presidente del CDP dijo que de llegar la publicidad al CDP, se laborar\u00eda un reglamento para que todos tengan acceso al sorteo y la oportunidad de publicidad para sus medios.<\/p>\n<\/p>\n<p>Indic\u00f3 que durante el taller sobre la Seguridad de los Periodistas efectuado durante los d\u00edas 22,23 y 24 de Enero en Punta Cana, qued\u00f3 claro que la publicidad es una de las herramientas utilizadas por gobiernos y sectores empresariales para limitar la libertad de expresi\u00f3n y el ejercicio del periodismo en  la mayor\u00eda de los pa\u00edses de Am\u00e9rica Latina.  <\/p>\n<\/p>\n<p>De ah\u00ed que el presidente del CDP reiter\u00f3 su pedido al presidente Danilo Medina, al director de Comunicaciones de la Presidencia, Roberto Rodr\u00edguez Marchena, que dispongan la entrega del 40% de la publicidad gubernamental al CDP para que habilite un sorteo transparente de la misma y se elimine la posibilidad de tr\u00e1fico de influencias, inequidad, castigo o premio en su <\/p>\n<p>asignaci\u00f3n, entre otras situaciones.<\/p>\n<\/p>\n<p>Sostuvo que los periodistas reunidos en el taller, entre los que figuran profesores universitarios, directores y ejecutivos de medios, expertos internacionales en el tema, dirigentes de gremios period\u00edsticos y representantes de distintas seccionales, concluyeron recordando que los medios de comunicaci\u00f3n y los periodistas est\u00e1n llamados a desempe\u00f1ar un papel estelar en la construcci\u00f3n de la democracia. <\/p>\n<\/p>\n<p>Asegur\u00f3 que en  el documento elaborado en esa actividad se establece que los profesionales del periodismo tienen la funci\u00f3n de vigilar las actuaciones de los poderes p\u00fablicos: Legislativo, Judicial, Ejecutivo, Municipal, a fin de que estos no se aparten de sus funciones y manejen con transparencia, honestidad y equidad los recursos p\u00fablicos puestos bajo su administraci\u00f3n.<\/p>\n<\/p>\n<p>Que son los encargados de canalizar las denuncias y los reclamos de la poblaci\u00f3n, garantizando su derecho a la informaci\u00f3n y a la libertad de expresi\u00f3n.<\/p>\n<\/p>\n<p>Que tienen la responsabilidad de recoger, procesar y divulgar informaciones sobre los acontecimientos de inter\u00e9s p\u00fablico, siempre apegados a principios \u00e9ticos, la independencia profesional, la b\u00fasqueda de la verdad y los valores de la democracia.<\/p>\n<\/p>\n<p>Adem\u00e1s, que para cumplir con sus funciones democr\u00e1ticas los periodistas necesitan seguridad laboral, social y pol\u00edtica, independencia econ\u00f3mica e ideol\u00f3gica y un contexto libre de presiones y amenazas.<\/p>\n<\/p>\n<p>Olivo De Le\u00f3n dijo que no obstante existir un marco jur\u00eddico que define la Naci\u00f3n como  un Estado Social y Democr\u00e1tico de <\/p>\n<p>Derecho, fundado en el respeto a la dignidad humana y los derechos fundamentales, y que toda persona tiene derecho a expresar libremente sus pensamientos, ideas y opiniones, por cualquier medio, sin que pueda establecerse censura previa, en el pa\u00eds existen disposiciones y un contexto que limitan el trabajo profesional de los y las periodistas y el disfrute pleno por parte de la poblaci\u00f3n a los derechos de informaci\u00f3n y a la libre expresi\u00f3n del pensamiento.<\/p>\n<\/p>\n<h6> 2016-02-08 10:43:42 <\/h6>\n<p><!--\n<link rel=\"stylesheet\" href=\"css\/bootstrap.min.css\">\n\n\n<ul class=\"pagination\">\n\t    \n\t\n\n<li >\n\t<a href='?page_no=13766'>Previous<\/a>\n\t<\/li>\n\n\n       \n    \n\n<li><a href='?page_no=1'>1<\/a><\/li>\n\n\n\n<li><a href='?page_no=2'>2<\/a><\/li>\n\n\n\n<li><a>...<\/a><\/li>\n\n\n\n<li><a href='?page_no=13765'>13765<\/a><\/li>\n\n\n\n<li><a href='?page_no=13766'>13766<\/a><\/li>\n\n\n\n<li class='active'><a>13767<\/a><\/li>\n\n\n\n<li><a href='?page_no=13768'>13768<\/a><\/li>\n\n\n\n<li><a href='?page_no=13769'>13769<\/a><\/li>\n\n\n\n<li><a>...<\/a><\/li>\n\n\n\n<li><a href='?page_no=56169'>56169<\/a><\/li>\n\n\n\n<li><a href='?page_no=56170'>56170<\/a><\/li>\n\n    \n\t\n\n<li >\n\t<a href='?page_no=13768'>Next<\/a>\n\t<\/li>\n\n\n    \n\n<li><a href='?page_no=56170'>Last &rsaquo;&rsaquo;<\/a><\/li>\n\n<\/ul>\n\n\n--><br \/>\n<\/body><\/p>\n","protected":false},"excerpt":{"rendered":"<p>Santo Domingo RD 8 febrero.- El Colegio Dominicano de Periodistas (CDP) le pidi\u00f3 al gobierno la asignaci\u00f3n del 40% de su cartera publicitaria para sortearla entre los comunicadores sociales que tienen medios digitales, impresos, programas de radio, televisi\u00f3n y otros espacios. Olivo De Le\u00f3n, presidente del CDP, explic\u00f3 que esa ser\u00eda una forma de contribuir [&hellip;]<\/p>\n","protected":false},"author":3,"featured_media":0,"comment_status":"open","ping_status":"open","sticky":false,"template":"","format":"standard","meta":{"footnotes":""},"categories":[20],"tags":[],"class_list":["post-219445","post","type-post","status-publish","format-standard","hentry","category-dominicana-hoy"],"_links":{"self":[{"href":"https:\/\/diariodominicano.com\/index.php?rest_route=\/wp\/v2\/posts\/219445","targetHints":{"allow":["GET"]}}],"collection":[{"href":"https:\/\/diariodominicano.com\/index.php?rest_route=\/wp\/v2\/posts"}],"about":[{"href":"https:\/\/diariodominicano.com\/index.php?rest_route=\/wp\/v2\/types\/post"}],"author":[{"embeddable":true,"href":"https:\/\/diariodominicano.com\/index.php?rest_route=\/wp\/v2\/users\/3"}],"replies":[{"embeddable":true,"href":"https:\/\/diariodominicano.com\/index.php?rest_route=%2Fwp%2Fv2%2Fcomments&post=219445"}],"version-history":[{"count":0,"href":"https:\/\/diariodominicano.com\/index.php?rest_route=\/wp\/v2\/posts\/219445\/revisions"}],"wp:attachment":[{"href":"https:\/\/diariodominicano.com\/index.php?rest_route=%2Fwp%2Fv2%2Fmedia&parent=219445"}],"wp:term":[{"taxonomy":"category","embeddable":true,"href":"https:\/\/diariodominicano.com\/index.php?rest_route=%2Fwp%2Fv2%2Fcategories&post=219445"},{"taxonomy":"post_tag","embeddable":true,"href":"https:\/\/diariodominicano.com\/index.php?rest_route=%2Fwp%2Fv2%2Ftags&post=219445"}],"curies":[{"name":"wp","href":"https:\/\/api.w.org\/{rel}","templated":true}]}}