{"id":219443,"date":"2016-02-08T12:34:38","date_gmt":"2016-02-08T12:34:38","guid":{"rendered":"http:\/\/diariodominicano.ddns.net\/?p=219443"},"modified":"2016-02-08T12:34:38","modified_gmt":"2016-02-08T12:34:38","slug":"presidente-medina-ordena-intensa-jornada-de-raciones-alimenticias","status":"publish","type":"post","link":"https:\/\/diariodominicano.com\/?p=219443","title":{"rendered":"Presidente Medina ordena intensa jornada de raciones alimenticias"},"content":{"rendered":"<p><body><\/p>\n<p><img decoding=\"async\" src=\"img3\/comida.jpg\" \/>  <\/p>\n<p><span class=\"text1noticias\">Santo Domingo , RD, 8 de Febrero.-Habitantes del marginado sector Los Platanitos en Los Guaricanos de Santo Domingo Norte, recibieron con j\u00fabilo a numerosos camiones cargados de raciones de alimentos crudos que envi\u00f3 el presidente de la Rep\u00fablica, Danilo Medina, a trav\u00e9s del Plan de Asistencia Social de la Presidencia.<\/span><\/p>\n<\/p>\n<p><span class=\"text1noticias\">La jornada fue dispuesta como resultado de la \u00abVisita Sorpresa\u00bb que realizara el Jefe del Estado a esta barriada el pasado viernes.<\/span><\/p>\n<\/p>\n<p><span class=\"text1noticias\">Los Platanitos esta en los alrededores de una ca\u00f1ada y sus habitantes carecen de recursos econ\u00f3micos  para el sustento diario por lo que agradecieron la ayuda alimenticia.<\/span><\/p>\n<\/p>\n<p><span class=\"text1noticias\">Esta jornada se suma a la disposici\u00f3n del presidente Medina de ordenar un levantamiento del estado de deterioro de algunas viviendas para su reparaci\u00f3n inmediata y tambi\u00e9n al saneamiento de dicha ca\u00f1ada.<\/span><\/p>\n<\/p>\n<p><span class=\"text1noticias\">Por orden del director del Plan Social, ingeniero Cesar Prieto, el personal de esta instituci\u00f3n pein\u00f3 los callejones por donde anduvo el presidente Danilo Medina junto a vecinos  y dirigentes comunitarios para entregar a cada familia las raciones alimenticias necesarias<\/span>.<\/p>\n<h6> 2016-02-08 12:34:38 <\/h6>\n<p><!--\n<link rel=\"stylesheet\" href=\"css\/bootstrap.min.css\">\n\n\n<ul class=\"pagination\">\n\t    \n\t\n\n<li >\n\t<a href='?page_no=13764'>Previous<\/a>\n\t<\/li>\n\n\n       \n    \n\n<li><a href='?page_no=1'>1<\/a><\/li>\n\n\n\n<li><a href='?page_no=2'>2<\/a><\/li>\n\n\n\n<li><a>...<\/a><\/li>\n\n\n\n<li><a href='?page_no=13763'>13763<\/a><\/li>\n\n\n\n<li><a href='?page_no=13764'>13764<\/a><\/li>\n\n\n\n<li class='active'><a>13765<\/a><\/li>\n\n\n\n<li><a href='?page_no=13766'>13766<\/a><\/li>\n\n\n\n<li><a href='?page_no=13767'>13767<\/a><\/li>\n\n\n\n<li><a>...<\/a><\/li>\n\n\n\n<li><a href='?page_no=56169'>56169<\/a><\/li>\n\n\n\n<li><a href='?page_no=56170'>56170<\/a><\/li>\n\n    \n\t\n\n<li >\n\t<a href='?page_no=13766'>Next<\/a>\n\t<\/li>\n\n\n    \n\n<li><a href='?page_no=56170'>Last &rsaquo;&rsaquo;<\/a><\/li>\n\n<\/ul>\n\n\n--><br \/>\n<\/body><\/p>\n","protected":false},"excerpt":{"rendered":"<p>Santo Domingo , RD, 8 de Febrero.-Habitantes del marginado sector Los Platanitos en Los Guaricanos de Santo Domingo Norte, recibieron con j\u00fabilo a numerosos camiones cargados de raciones de alimentos crudos que envi\u00f3 el presidente de la Rep\u00fablica, Danilo Medina, a trav\u00e9s del Plan de Asistencia Social de la Presidencia. La jornada fue dispuesta como [&hellip;]<\/p>\n","protected":false},"author":3,"featured_media":0,"comment_status":"open","ping_status":"open","sticky":false,"template":"","format":"standard","meta":{"footnotes":""},"categories":[20],"tags":[],"class_list":["post-219443","post","type-post","status-publish","format-standard","hentry","category-dominicana-hoy"],"_links":{"self":[{"href":"https:\/\/diariodominicano.com\/index.php?rest_route=\/wp\/v2\/posts\/219443","targetHints":{"allow":["GET"]}}],"collection":[{"href":"https:\/\/diariodominicano.com\/index.php?rest_route=\/wp\/v2\/posts"}],"about":[{"href":"https:\/\/diariodominicano.com\/index.php?rest_route=\/wp\/v2\/types\/post"}],"author":[{"embeddable":true,"href":"https:\/\/diariodominicano.com\/index.php?rest_route=\/wp\/v2\/users\/3"}],"replies":[{"embeddable":true,"href":"https:\/\/diariodominicano.com\/index.php?rest_route=%2Fwp%2Fv2%2Fcomments&post=219443"}],"version-history":[{"count":0,"href":"https:\/\/diariodominicano.com\/index.php?rest_route=\/wp\/v2\/posts\/219443\/revisions"}],"wp:attachment":[{"href":"https:\/\/diariodominicano.com\/index.php?rest_route=%2Fwp%2Fv2%2Fmedia&parent=219443"}],"wp:term":[{"taxonomy":"category","embeddable":true,"href":"https:\/\/diariodominicano.com\/index.php?rest_route=%2Fwp%2Fv2%2Fcategories&post=219443"},{"taxonomy":"post_tag","embeddable":true,"href":"https:\/\/diariodominicano.com\/index.php?rest_route=%2Fwp%2Fv2%2Ftags&post=219443"}],"curies":[{"name":"wp","href":"https:\/\/api.w.org\/{rel}","templated":true}]}}