{"id":219442,"date":"2016-02-08T13:05:22","date_gmt":"2016-02-08T13:05:22","guid":{"rendered":"http:\/\/diariodominicano.ddns.net\/?p=219442"},"modified":"2016-02-08T13:05:22","modified_gmt":"2016-02-08T13:05:22","slug":"anuncian-paro-nacional-en-hospitales-dominicanos","status":"publish","type":"post","link":"https:\/\/diariodominicano.com\/?p=219442","title":{"rendered":"Anuncian paro nacional en hospitales dominicanos"},"content":{"rendered":"<p><body><\/p>\n<p><img decoding=\"async\" src=\"img3\/Waldo.jpeg\" \/>  <\/p>\n<p><span class=\"text1noticias\">Santo Domingo, 8 feb (PL) Los hospitales dominicanos entrar\u00e1n en paro nacional por 24 horas el mi\u00e9rcoles, anunci\u00f3 el Colegio M\u00e9dico del pa\u00eds.<\/span><\/p>\n<\/p>\n<p><span class=\"text1noticias\">El presidente de dicha organizaci\u00f3n, Waldo Ariel Suero, advirti\u00f3 que llamaron a la huelga a todos los centros hospitalarios del Ministerio de Salud P\u00fablica y del Instituto Dominicano de Seguro Social debido a que el Gobierno hace caso omiso a sus exigencias.<\/span><\/p>\n<\/p>\n<p><span class=\"text1noticias\">A grandes rasgos, el gremio exige para el sector el cinco por ciento del Producto Interno Bruto del pa\u00eds, as\u00ed como una revisi\u00f3n de las pensiones y un reajuste salarial, entre otras cuestiones.<\/span><\/p>\n<\/p>\n<p><span class=\"text1noticias\">La protesta comenz\u00f3 la pasada semana cuando el gremio paraliz\u00f3 varios hospitales de esta capital como medida de presi\u00f3n y solo mantuvieron abiertos los servicios de emergencias.<\/span><\/p>\n<\/p>\n<p><span class=\"text1noticias\">Suero aclar\u00f3 que mantendr\u00e1n la lucha por las reivindicaciones y se\u00f1al\u00f3 que el ejecutivo se niega a un di\u00e1logo, raz\u00f3n por la cual llamaron a un paro nacional<\/span>.<\/p>\n<h6> 2016-02-08 13:05:22 <\/h6>\n<p><!--\n<link rel=\"stylesheet\" href=\"css\/bootstrap.min.css\">\n\n\n<ul class=\"pagination\">\n\t    \n\t\n\n<li >\n\t<a href='?page_no=13763'>Previous<\/a>\n\t<\/li>\n\n\n       \n    \n\n<li><a href='?page_no=1'>1<\/a><\/li>\n\n\n\n<li><a href='?page_no=2'>2<\/a><\/li>\n\n\n\n<li><a>...<\/a><\/li>\n\n\n\n<li><a href='?page_no=13762'>13762<\/a><\/li>\n\n\n\n<li><a href='?page_no=13763'>13763<\/a><\/li>\n\n\n\n<li class='active'><a>13764<\/a><\/li>\n\n\n\n<li><a href='?page_no=13765'>13765<\/a><\/li>\n\n\n\n<li><a href='?page_no=13766'>13766<\/a><\/li>\n\n\n\n<li><a>...<\/a><\/li>\n\n\n\n<li><a href='?page_no=56169'>56169<\/a><\/li>\n\n\n\n<li><a href='?page_no=56170'>56170<\/a><\/li>\n\n    \n\t\n\n<li >\n\t<a href='?page_no=13765'>Next<\/a>\n\t<\/li>\n\n\n    \n\n<li><a href='?page_no=56170'>Last &rsaquo;&rsaquo;<\/a><\/li>\n\n<\/ul>\n\n\n--><br \/>\n<\/body><\/p>\n","protected":false},"excerpt":{"rendered":"<p>Santo Domingo, 8 feb (PL) Los hospitales dominicanos entrar\u00e1n en paro nacional por 24 horas el mi\u00e9rcoles, anunci\u00f3 el Colegio M\u00e9dico del pa\u00eds. El presidente de dicha organizaci\u00f3n, Waldo Ariel Suero, advirti\u00f3 que llamaron a la huelga a todos los centros hospitalarios del Ministerio de Salud P\u00fablica y del Instituto Dominicano de Seguro Social debido [&hellip;]<\/p>\n","protected":false},"author":3,"featured_media":0,"comment_status":"open","ping_status":"open","sticky":false,"template":"","format":"standard","meta":{"footnotes":""},"categories":[20],"tags":[],"class_list":["post-219442","post","type-post","status-publish","format-standard","hentry","category-dominicana-hoy"],"_links":{"self":[{"href":"https:\/\/diariodominicano.com\/index.php?rest_route=\/wp\/v2\/posts\/219442","targetHints":{"allow":["GET"]}}],"collection":[{"href":"https:\/\/diariodominicano.com\/index.php?rest_route=\/wp\/v2\/posts"}],"about":[{"href":"https:\/\/diariodominicano.com\/index.php?rest_route=\/wp\/v2\/types\/post"}],"author":[{"embeddable":true,"href":"https:\/\/diariodominicano.com\/index.php?rest_route=\/wp\/v2\/users\/3"}],"replies":[{"embeddable":true,"href":"https:\/\/diariodominicano.com\/index.php?rest_route=%2Fwp%2Fv2%2Fcomments&post=219442"}],"version-history":[{"count":0,"href":"https:\/\/diariodominicano.com\/index.php?rest_route=\/wp\/v2\/posts\/219442\/revisions"}],"wp:attachment":[{"href":"https:\/\/diariodominicano.com\/index.php?rest_route=%2Fwp%2Fv2%2Fmedia&parent=219442"}],"wp:term":[{"taxonomy":"category","embeddable":true,"href":"https:\/\/diariodominicano.com\/index.php?rest_route=%2Fwp%2Fv2%2Fcategories&post=219442"},{"taxonomy":"post_tag","embeddable":true,"href":"https:\/\/diariodominicano.com\/index.php?rest_route=%2Fwp%2Fv2%2Ftags&post=219442"}],"curies":[{"name":"wp","href":"https:\/\/api.w.org\/{rel}","templated":true}]}}