{"id":219435,"date":"2016-02-09T08:29:33","date_gmt":"2016-02-09T08:29:33","guid":{"rendered":"http:\/\/diariodominicano.ddns.net\/?p=219435"},"modified":"2016-02-09T08:29:33","modified_gmt":"2016-02-09T08:29:33","slug":"director-bienes-nacionales-dice-modernizar-institucion-es-su-meta","status":"publish","type":"post","link":"https:\/\/diariodominicano.com\/?p=219435","title":{"rendered":"Director Bienes Nacionales dice modernizar instituci\u00f3n es su meta"},"content":{"rendered":"<p><body><\/p>\n<p><img decoding=\"async\" src=\"img3\/biene 6.jpg\" \/><br \/><img decoding=\"async\" src=\"img3\/bienes 3.jpg\" \/>  <\/p>\n<p>Santo Domingo RD 9 febrero (Por Orlando Arias).- Al encabezar hoy una ofrenda floral en el Altar de la Patria, el director general de Bienes Nacionales, doctor Emilio C\u00e9sar Rivas Rodr\u00edguez dijo que la instituci\u00f3n se apresta  a un proceso de modernizaci\u00f3n y ampliaci\u00f3n de los servicios que ofrece.<\/p>\n<\/p>\n<p>Rivas Rodr\u00edguez expres\u00f3 que el objetivo es brindar calidad a la ciudadan\u00eda, algo que se ha venido realizando en los casi dos meses  que tiene al frente de la entidad.<\/p>\n<\/p>\n<p>\u00abNuestro trabajo debe enmarcarse necesariamente en tecnificar  la instituci\u00f3n, para hacerla m\u00e1s competitiva en beneficio de la poblaci\u00f3n que demanda cada vez m\u00e1s y mejores servicios\u00bb, sostuvo.<\/p>\n<\/p>\n<p>En el acto en honor a los Padres de la Patria, Rivas Rodr\u00edguez, en compa\u00f1\u00eda de funcionarios y empleados de la dependencia oficial,  indic\u00f3 que es inter\u00e9s del Presidente de la Rep\u00fablica el recordar las fechas patrias.<\/p>\n<\/p>\n<p>\u00abEn nombre del se\u00f1or presidente Danilo Medina S\u00e1nchez y de todo el personal de la Direcci\u00f3n Nacional de Bienes Nacionales, hemos llegado en esta ma\u00f1ana a honrar a quienes hicieron posible que hoy tengamos democracia y libertad, Juan Pablo Duarte, Francisco del Rosario S\u00e1nchez y Mat\u00edas Ram\u00f3n Mella\u00bb, se\u00f1al\u00f3.<\/p>\n<\/p>\n<p>La ofrenda floral a intenci\u00f3n de los patricios forma parte de las acciones que se enmarcan en el Mes de la Patria, que se inici\u00f3 el pasado 26 de enero en recordaci\u00f3n del natalicio de Duarte y culmina el 27 de febrero, fecha en que se conmemora el D\u00eda de la Independencia Nacional.    <\/p>\n<\/p>\n<h6> 2016-02-09 08:29:33 <\/h6>\n<p><!--\n<link rel=\"stylesheet\" href=\"css\/bootstrap.min.css\">\n\n\n<ul class=\"pagination\">\n\t    \n\t\n\n<li >\n\t<a href='?page_no=13757'>Previous<\/a>\n\t<\/li>\n\n\n       \n    \n\n<li><a href='?page_no=1'>1<\/a><\/li>\n\n\n\n<li><a href='?page_no=2'>2<\/a><\/li>\n\n\n\n<li><a>...<\/a><\/li>\n\n\n\n<li><a href='?page_no=13756'>13756<\/a><\/li>\n\n\n\n<li><a href='?page_no=13757'>13757<\/a><\/li>\n\n\n\n<li class='active'><a>13758<\/a><\/li>\n\n\n\n<li><a href='?page_no=13759'>13759<\/a><\/li>\n\n\n\n<li><a href='?page_no=13760'>13760<\/a><\/li>\n\n\n\n<li><a>...<\/a><\/li>\n\n\n\n<li><a href='?page_no=56169'>56169<\/a><\/li>\n\n\n\n<li><a href='?page_no=56170'>56170<\/a><\/li>\n\n    \n\t\n\n<li >\n\t<a href='?page_no=13759'>Next<\/a>\n\t<\/li>\n\n\n    \n\n<li><a href='?page_no=56170'>Last &rsaquo;&rsaquo;<\/a><\/li>\n\n<\/ul>\n\n\n--><br \/>\n<\/body><\/p>\n","protected":false},"excerpt":{"rendered":"<p>Santo Domingo RD 9 febrero (Por Orlando Arias).- Al encabezar hoy una ofrenda floral en el Altar de la Patria, el director general de Bienes Nacionales, doctor Emilio C\u00e9sar Rivas Rodr\u00edguez dijo que la instituci\u00f3n se apresta a un proceso de modernizaci\u00f3n y ampliaci\u00f3n de los servicios que ofrece. Rivas Rodr\u00edguez expres\u00f3 que el objetivo [&hellip;]<\/p>\n","protected":false},"author":3,"featured_media":0,"comment_status":"open","ping_status":"open","sticky":false,"template":"","format":"standard","meta":{"footnotes":""},"categories":[20],"tags":[],"class_list":["post-219435","post","type-post","status-publish","format-standard","hentry","category-dominicana-hoy"],"_links":{"self":[{"href":"https:\/\/diariodominicano.com\/index.php?rest_route=\/wp\/v2\/posts\/219435","targetHints":{"allow":["GET"]}}],"collection":[{"href":"https:\/\/diariodominicano.com\/index.php?rest_route=\/wp\/v2\/posts"}],"about":[{"href":"https:\/\/diariodominicano.com\/index.php?rest_route=\/wp\/v2\/types\/post"}],"author":[{"embeddable":true,"href":"https:\/\/diariodominicano.com\/index.php?rest_route=\/wp\/v2\/users\/3"}],"replies":[{"embeddable":true,"href":"https:\/\/diariodominicano.com\/index.php?rest_route=%2Fwp%2Fv2%2Fcomments&post=219435"}],"version-history":[{"count":0,"href":"https:\/\/diariodominicano.com\/index.php?rest_route=\/wp\/v2\/posts\/219435\/revisions"}],"wp:attachment":[{"href":"https:\/\/diariodominicano.com\/index.php?rest_route=%2Fwp%2Fv2%2Fmedia&parent=219435"}],"wp:term":[{"taxonomy":"category","embeddable":true,"href":"https:\/\/diariodominicano.com\/index.php?rest_route=%2Fwp%2Fv2%2Fcategories&post=219435"},{"taxonomy":"post_tag","embeddable":true,"href":"https:\/\/diariodominicano.com\/index.php?rest_route=%2Fwp%2Fv2%2Ftags&post=219435"}],"curies":[{"name":"wp","href":"https:\/\/api.w.org\/{rel}","templated":true}]}}