{"id":219434,"date":"2016-02-09T11:40:32","date_gmt":"2016-02-09T11:40:32","guid":{"rendered":"http:\/\/diariodominicano.ddns.net\/?p=219434"},"modified":"2016-02-09T11:40:32","modified_gmt":"2016-02-09T11:40:32","slug":"la-dgii-advierte-a-partir-del-uno-de-abril-la-amet-impedira-circulacion-de-vehiculos-con-placas-oficiales-viejas","status":"publish","type":"post","link":"https:\/\/diariodominicano.com\/?p=219434","title":{"rendered":"La DGII advierte a partir del uno de  abril, la AMET impedir\u00e1 circulaci\u00f3n de veh\u00edculos con placas oficiales viejas"},"content":{"rendered":"<p><body><\/p>\n<p><img decoding=\"async\" src=\"img3\/amemao.jpg\" \/>  <\/p>\n<p><strong>En un bolet\u00edn de prensa dice que se  trata del cumplimiento de la Norma General  14-2011, seg\u00fan las disposiciones de la Ley 195-11, por lo que se alerta que vencido este \u00faltimo plazo de sustituci\u00f3n, las placas oficiales anteriores  no podr\u00e1n circular en la v\u00eda p\u00fablica, correspondiendo a la Autoridad Metropolitana de Transporte (AMET) impedir la circulaci\u00f3n de veh\u00edculos del Estado que no cumplan con esta normativa.<\/strong><\/p>\n<\/p>\n<p><strong>SANTO DOMINGO, RD,  9 de Febrero de 2016.-<\/strong>  La Direcci\u00f3n General de Impuestos Internos (DGII) emplaz\u00f3 hoy a todos los responsables de instituciones del Estado a concluir con el proceso de sustituci\u00f3n, asignaci\u00f3n y renovaci\u00f3n de las placas rotuladas oficiales y exoneradas estatales, que cierra definitivamente el pr\u00f3ximo 31 de marzo.<\/p>\n<\/p>\n<p>En un bolet\u00edn de prensa enviado a <strong>Diariodominicano.com<\/strong>, la DGII recuerda que se trata del cumplimiento de la Norma General  14-2011, seg\u00fan las disposiciones de la Ley 195-11, por lo que se alerta que vencido este \u00faltimo plazo de sustituci\u00f3n, las placas oficiales anteriores  no podr\u00e1n circular en la v\u00eda p\u00fablica, correspondiendo a la Autoridad Metropolitana de Transporte (AMET) impedir la circulaci\u00f3n de veh\u00edculos del Estado que no cumplan con esta normativa.<\/p>\n<\/p>\n<p>Se\u00f1ala a todos los responsables de instituciones p\u00fablicas que constituye una falta que enfrenta multas y otras sanciones el uso de las placas registradas y asignadas a un veh\u00edculo y colocadas en otro veh\u00edculo, sin que se haya registrado el cambio en la Direcci\u00f3n General de Impuestos Internos (DGII) as\u00ed como la no devoluci\u00f3n de la placa en caso de traspaso, descargo o cesaci\u00f3n de funciones.<\/p>\n<\/p>\n<p>En un aviso publicado en la prensa nacional,indica que las renovaciones deben realizarse en el departamento de Veh\u00edculos de Motor, en el segundo piso de Malec\u00f3n Center.<\/p>\n<\/p>\n<p>Seg\u00fan expresa el Art\u00edculo 10 de la Norma General 14-11, la sustituci\u00f3n de las placas oficiales y exoneradas estatales se har\u00e1 conforme sean recibos los inventarios por parte de cada una de las entidades estatales y aut\u00f3nomas, ayuntamientos, organismos militares y policiales a los cuales corresponden este tipo de placas.<\/p>\n<\/p>\n<p>Cada instituci\u00f3n debe depositar ante la DGII un  inventario completo con los datos de sus  veh\u00edculos, incluyendo el tipo (autom\u00f3vil, cami\u00f3n, camioneta, \u00abjeepeta\u00bb, etc.), matr\u00edcula del veh\u00edculo, placa actual, chasis, a\u00f1o de fabricaci\u00f3n, marca, modelo y color. Deber\u00e1 hacerse constar si el veh\u00edculo est\u00e1 activo y en uso, si est\u00e1 inservible o ha sido reportado como robado o desmantelado y cualquier otra circunstancia relativa a su estado, que permita la emisi\u00f3n <\/p>\n<\/p>\n<p><strong>Sobre los nuevos tipos de placas <\/strong><\/p>\n<\/p>\n<p>Las placas Rotuladas est\u00e1n destinadas al uso de funcionarios p\u00fablicos, civiles y militares en virtud de la Ley 195-11. Se identifican con la letra \u00abO\u00bb y llevan el cargo del funcionario en la parte inferior.<\/p>\n<\/p>\n<p>Las placas Exoneradas Estatales est\u00e1n destinadas para uso oficial en veh\u00edculos propiedad del Estado dominicano o entidades aut\u00f3nomas. Llevan la inscripci\u00f3n \u00abExonerada Estatal\u00bb, inician con la letra \u00abE\u00bb seguida de la letra que distingue el tipo de veh\u00edculo, como se presenta a continuaci\u00f3n: EA: Exonerada Estatal Autom\u00f3vil \/ EG: Exonerada Estatal Jeep \/ EI: Exonerada Estatal Autob\u00fas \/ EL: Exonerada Estatal Carga \/ED: Ayuntamiento del Distrito Nacional \/EM: Ayuntamientos Municipales<\/p>\n<\/p>\n<p>Las placas Oficiales Militares y Policiales est\u00e1n destinadas al uso de veh\u00edculos propiedad de las Fuerzas Armadas y la Polic\u00eda Nacional y est\u00e1n rotuladas con el nombre de cada instituci\u00f3n. Estas son:OE: Ej\u00e9rcito Nacional \/ OF: Fuerza \u00c1rea \/OM: Armada de la Rep\u00fablica\/OP: Polic\u00eda Nacional<\/p>\n<\/p>\n<h6> 2016-02-09 11:40:32 <\/h6>\n<p><!--\n<link rel=\"stylesheet\" href=\"css\/bootstrap.min.css\">\n\n\n<ul class=\"pagination\">\n\t    \n\t\n\n<li >\n\t<a href='?page_no=13756'>Previous<\/a>\n\t<\/li>\n\n\n       \n    \n\n<li><a href='?page_no=1'>1<\/a><\/li>\n\n\n\n<li><a href='?page_no=2'>2<\/a><\/li>\n\n\n\n<li><a>...<\/a><\/li>\n\n\n\n<li><a href='?page_no=13755'>13755<\/a><\/li>\n\n\n\n<li><a href='?page_no=13756'>13756<\/a><\/li>\n\n\n\n<li class='active'><a>13757<\/a><\/li>\n\n\n\n<li><a href='?page_no=13758'>13758<\/a><\/li>\n\n\n\n<li><a href='?page_no=13759'>13759<\/a><\/li>\n\n\n\n<li><a>...<\/a><\/li>\n\n\n\n<li><a href='?page_no=56169'>56169<\/a><\/li>\n\n\n\n<li><a href='?page_no=56170'>56170<\/a><\/li>\n\n    \n\t\n\n<li >\n\t<a href='?page_no=13758'>Next<\/a>\n\t<\/li>\n\n\n    \n\n<li><a href='?page_no=56170'>Last &rsaquo;&rsaquo;<\/a><\/li>\n\n<\/ul>\n\n\n--><br \/>\n<\/body><\/p>\n","protected":false},"excerpt":{"rendered":"<p>En un bolet\u00edn de prensa dice que se trata del cumplimiento de la Norma General 14-2011, seg\u00fan las disposiciones de la Ley 195-11, por lo que se alerta que vencido este \u00faltimo plazo de sustituci\u00f3n, las placas oficiales anteriores no podr\u00e1n circular en la v\u00eda p\u00fablica, correspondiendo a la Autoridad Metropolitana de Transporte (AMET) impedir [&hellip;]<\/p>\n","protected":false},"author":3,"featured_media":0,"comment_status":"open","ping_status":"open","sticky":false,"template":"","format":"standard","meta":{"footnotes":""},"categories":[20],"tags":[],"class_list":["post-219434","post","type-post","status-publish","format-standard","hentry","category-dominicana-hoy"],"_links":{"self":[{"href":"https:\/\/diariodominicano.com\/index.php?rest_route=\/wp\/v2\/posts\/219434","targetHints":{"allow":["GET"]}}],"collection":[{"href":"https:\/\/diariodominicano.com\/index.php?rest_route=\/wp\/v2\/posts"}],"about":[{"href":"https:\/\/diariodominicano.com\/index.php?rest_route=\/wp\/v2\/types\/post"}],"author":[{"embeddable":true,"href":"https:\/\/diariodominicano.com\/index.php?rest_route=\/wp\/v2\/users\/3"}],"replies":[{"embeddable":true,"href":"https:\/\/diariodominicano.com\/index.php?rest_route=%2Fwp%2Fv2%2Fcomments&post=219434"}],"version-history":[{"count":0,"href":"https:\/\/diariodominicano.com\/index.php?rest_route=\/wp\/v2\/posts\/219434\/revisions"}],"wp:attachment":[{"href":"https:\/\/diariodominicano.com\/index.php?rest_route=%2Fwp%2Fv2%2Fmedia&parent=219434"}],"wp:term":[{"taxonomy":"category","embeddable":true,"href":"https:\/\/diariodominicano.com\/index.php?rest_route=%2Fwp%2Fv2%2Fcategories&post=219434"},{"taxonomy":"post_tag","embeddable":true,"href":"https:\/\/diariodominicano.com\/index.php?rest_route=%2Fwp%2Fv2%2Ftags&post=219434"}],"curies":[{"name":"wp","href":"https:\/\/api.w.org\/{rel}","templated":true}]}}