{"id":219433,"date":"2016-02-09T11:45:28","date_gmt":"2016-02-09T11:45:28","guid":{"rendered":"http:\/\/diariodominicano.ddns.net\/?p=219433"},"modified":"2016-02-09T11:45:28","modified_gmt":"2016-02-09T11:45:28","slug":"presidente-danilo-medina-juramenta-el-nuevo-gobernador-de-san-jose-de-ocoa","status":"publish","type":"post","link":"https:\/\/diariodominicano.com\/?p=219433","title":{"rendered":"Presidente Danilo Medina juramenta el nuevo gobernador de San Jos\u00e9 de Ocoa"},"content":{"rendered":"<p><body><\/p>\n<p>Santo Domingo RD 9 febrero (DICOM) .- El presidente Danilo Medina jurament\u00f3 el nuevo gobernador de la provincia  San Jos\u00e9 de Ocoa, Abraham de la Cruz Mart\u00ednez Pujols, designado en esa posici\u00f3n la semana pasada en virtud del decreto 14-16.<\/p>\n<\/p>\n<p>Mart\u00ednez Pujols, quien se desempe\u00f1aba como miembro del Consejo de Administraci\u00f3n de la Empresa de Generaci\u00f3n Hidroel\u00e9ctrica Dominicana (EGEHID), sustituye a Bernab\u00e9 F\u00e9lix Estrella Ovalles.<\/p>\n<\/p>\n<p>La juramentaci\u00f3n tuvo lugar pasadas las 11:00 de la ma\u00f1ana de este martes  en el despacho del Presidente de la Rep\u00fablica.<\/p>\n<h6> 2016-02-09 11:45:28 <\/h6>\n<p><!--\n<link rel=\"stylesheet\" href=\"css\/bootstrap.min.css\">\n\n\n<ul class=\"pagination\">\n\t    \n\t\n\n<li >\n\t<a href='?page_no=13755'>Previous<\/a>\n\t<\/li>\n\n\n       \n    \n\n<li><a href='?page_no=1'>1<\/a><\/li>\n\n\n\n<li><a href='?page_no=2'>2<\/a><\/li>\n\n\n\n<li><a>...<\/a><\/li>\n\n\n\n<li><a href='?page_no=13754'>13754<\/a><\/li>\n\n\n\n<li><a href='?page_no=13755'>13755<\/a><\/li>\n\n\n\n<li class='active'><a>13756<\/a><\/li>\n\n\n\n<li><a href='?page_no=13757'>13757<\/a><\/li>\n\n\n\n<li><a href='?page_no=13758'>13758<\/a><\/li>\n\n\n\n<li><a>...<\/a><\/li>\n\n\n\n<li><a href='?page_no=56169'>56169<\/a><\/li>\n\n\n\n<li><a href='?page_no=56170'>56170<\/a><\/li>\n\n    \n\t\n\n<li >\n\t<a href='?page_no=13757'>Next<\/a>\n\t<\/li>\n\n\n    \n\n<li><a href='?page_no=56170'>Last &rsaquo;&rsaquo;<\/a><\/li>\n\n<\/ul>\n\n\n--><br \/>\n<\/body><\/p>\n","protected":false},"excerpt":{"rendered":"<p>Santo Domingo RD 9 febrero (DICOM) .- El presidente Danilo Medina jurament\u00f3 el nuevo gobernador de la provincia San Jos\u00e9 de Ocoa, Abraham de la Cruz Mart\u00ednez Pujols, designado en esa posici\u00f3n la semana pasada en virtud del decreto 14-16. Mart\u00ednez Pujols, quien se desempe\u00f1aba como miembro del Consejo de Administraci\u00f3n de la Empresa de [&hellip;]<\/p>\n","protected":false},"author":3,"featured_media":0,"comment_status":"open","ping_status":"open","sticky":false,"template":"","format":"standard","meta":{"footnotes":""},"categories":[20],"tags":[],"class_list":["post-219433","post","type-post","status-publish","format-standard","hentry","category-dominicana-hoy"],"_links":{"self":[{"href":"https:\/\/diariodominicano.com\/index.php?rest_route=\/wp\/v2\/posts\/219433","targetHints":{"allow":["GET"]}}],"collection":[{"href":"https:\/\/diariodominicano.com\/index.php?rest_route=\/wp\/v2\/posts"}],"about":[{"href":"https:\/\/diariodominicano.com\/index.php?rest_route=\/wp\/v2\/types\/post"}],"author":[{"embeddable":true,"href":"https:\/\/diariodominicano.com\/index.php?rest_route=\/wp\/v2\/users\/3"}],"replies":[{"embeddable":true,"href":"https:\/\/diariodominicano.com\/index.php?rest_route=%2Fwp%2Fv2%2Fcomments&post=219433"}],"version-history":[{"count":0,"href":"https:\/\/diariodominicano.com\/index.php?rest_route=\/wp\/v2\/posts\/219433\/revisions"}],"wp:attachment":[{"href":"https:\/\/diariodominicano.com\/index.php?rest_route=%2Fwp%2Fv2%2Fmedia&parent=219433"}],"wp:term":[{"taxonomy":"category","embeddable":true,"href":"https:\/\/diariodominicano.com\/index.php?rest_route=%2Fwp%2Fv2%2Fcategories&post=219433"},{"taxonomy":"post_tag","embeddable":true,"href":"https:\/\/diariodominicano.com\/index.php?rest_route=%2Fwp%2Fv2%2Ftags&post=219433"}],"curies":[{"name":"wp","href":"https:\/\/api.w.org\/{rel}","templated":true}]}}