{"id":219432,"date":"2016-02-09T12:03:04","date_gmt":"2016-02-09T12:03:04","guid":{"rendered":"http:\/\/diariodominicano.ddns.net\/?p=219432"},"modified":"2016-02-09T12:03:04","modified_gmt":"2016-02-09T12:03:04","slug":"presidenta-del-senado-viaja-a-francia-para-participar-en-conferencia","status":"publish","type":"post","link":"https:\/\/diariodominicano.com\/?p=219432","title":{"rendered":"Presidenta del Senado viaja a Francia para participar en conferencia"},"content":{"rendered":"<p><body><\/p>\n<p><img decoding=\"async\" src=\"img3\/cristina 1.jpeg\" \/>  <\/p>\n<p>Santo Domingo RD 9 febrero.-  La presidenta del Senado, Cristina Lizardo M\u00e9zquita, viaj\u00f3 este martes a Francia para participar en la Conferencia Internacional: \u00abContribuci\u00f3n de la Competencia Econ\u00f3mica  al Desarrollo de las Naciones\u00bb, que se realizar\u00e1 del 10 al 12 de febrero, en la sede de la Organizaci\u00f3n para la Cooperaci\u00f3n y el Desarrollo Econ\u00f3mico (OCDE), en Par\u00eds.<\/p>\n<\/p>\n<p>Cristina Lizardo encabeza la misi\u00f3n de alto nivel t\u00e9cnico-acad\u00e9mico que asistir\u00e1 la referida conferencia y adem\u00e1s  estar\u00e1 concretizando un acuerdo de colaboraci\u00f3n de la OCDE a su labor legislativa; con el objetivo de apoyar mejoras en las pol\u00edticas p\u00fablicas econ\u00f3micas, que emanan del Congreso, procurando la eficiencia econ\u00f3mica y el bienestar de los ciudadanos.<\/p>\n<\/p>\n<p>Este programa estar\u00e1 a cargo de la presidencia del Comit\u00e9 de Pol\u00edticas de la Defensa de la Competencia del OCDE, dirigida por el presidente del Comit\u00e9 Global de Competencia, Fr\u00e9d\u00e9ric Jenny, y el presidente de la Comisi\u00f3n Nacional de los Mercados y la Competencia de Espa\u00f1a, Jos\u00e9 Mar\u00eda Mar\u00edn Quemada.<\/p>\n<\/p>\n<p>Con este encuentro internacional la  Comisi\u00f3n Nacional de Defensa de la Competencia procura edificar los gestores de pol\u00edticas p\u00fablicas y a facilitadores del conocimiento, a trav\u00e9s del organismo internacionales de mayor renombre en la materia a nivel mundial, sobre la importancia de promover la cultura de la competencia econ\u00f3mica para eficientizar la forma en que operan los mercados de bienes y servicios en la Rep\u00fablica Dominicana.<\/p>\n<h6> 2016-02-09 12:03:04 <\/h6>\n<p><!--\n<link rel=\"stylesheet\" href=\"css\/bootstrap.min.css\">\n\n\n<ul class=\"pagination\">\n\t    \n\t\n\n<li >\n\t<a href='?page_no=13754'>Previous<\/a>\n\t<\/li>\n\n\n       \n    \n\n<li><a href='?page_no=1'>1<\/a><\/li>\n\n\n\n<li><a href='?page_no=2'>2<\/a><\/li>\n\n\n\n<li><a>...<\/a><\/li>\n\n\n\n<li><a href='?page_no=13753'>13753<\/a><\/li>\n\n\n\n<li><a href='?page_no=13754'>13754<\/a><\/li>\n\n\n\n<li class='active'><a>13755<\/a><\/li>\n\n\n\n<li><a href='?page_no=13756'>13756<\/a><\/li>\n\n\n\n<li><a href='?page_no=13757'>13757<\/a><\/li>\n\n\n\n<li><a>...<\/a><\/li>\n\n\n\n<li><a href='?page_no=56169'>56169<\/a><\/li>\n\n\n\n<li><a href='?page_no=56170'>56170<\/a><\/li>\n\n    \n\t\n\n<li >\n\t<a href='?page_no=13756'>Next<\/a>\n\t<\/li>\n\n\n    \n\n<li><a href='?page_no=56170'>Last &rsaquo;&rsaquo;<\/a><\/li>\n\n<\/ul>\n\n\n--><br \/>\n<\/body><\/p>\n","protected":false},"excerpt":{"rendered":"<p>Santo Domingo RD 9 febrero.- La presidenta del Senado, Cristina Lizardo M\u00e9zquita, viaj\u00f3 este martes a Francia para participar en la Conferencia Internacional: \u00abContribuci\u00f3n de la Competencia Econ\u00f3mica al Desarrollo de las Naciones\u00bb, que se realizar\u00e1 del 10 al 12 de febrero, en la sede de la Organizaci\u00f3n para la Cooperaci\u00f3n y el Desarrollo Econ\u00f3mico [&hellip;]<\/p>\n","protected":false},"author":3,"featured_media":0,"comment_status":"open","ping_status":"open","sticky":false,"template":"","format":"standard","meta":{"footnotes":""},"categories":[20],"tags":[],"class_list":["post-219432","post","type-post","status-publish","format-standard","hentry","category-dominicana-hoy"],"_links":{"self":[{"href":"https:\/\/diariodominicano.com\/index.php?rest_route=\/wp\/v2\/posts\/219432","targetHints":{"allow":["GET"]}}],"collection":[{"href":"https:\/\/diariodominicano.com\/index.php?rest_route=\/wp\/v2\/posts"}],"about":[{"href":"https:\/\/diariodominicano.com\/index.php?rest_route=\/wp\/v2\/types\/post"}],"author":[{"embeddable":true,"href":"https:\/\/diariodominicano.com\/index.php?rest_route=\/wp\/v2\/users\/3"}],"replies":[{"embeddable":true,"href":"https:\/\/diariodominicano.com\/index.php?rest_route=%2Fwp%2Fv2%2Fcomments&post=219432"}],"version-history":[{"count":0,"href":"https:\/\/diariodominicano.com\/index.php?rest_route=\/wp\/v2\/posts\/219432\/revisions"}],"wp:attachment":[{"href":"https:\/\/diariodominicano.com\/index.php?rest_route=%2Fwp%2Fv2%2Fmedia&parent=219432"}],"wp:term":[{"taxonomy":"category","embeddable":true,"href":"https:\/\/diariodominicano.com\/index.php?rest_route=%2Fwp%2Fv2%2Fcategories&post=219432"},{"taxonomy":"post_tag","embeddable":true,"href":"https:\/\/diariodominicano.com\/index.php?rest_route=%2Fwp%2Fv2%2Ftags&post=219432"}],"curies":[{"name":"wp","href":"https:\/\/api.w.org\/{rel}","templated":true}]}}