{"id":219431,"date":"2016-02-09T13:58:38","date_gmt":"2016-02-09T13:58:38","guid":{"rendered":"http:\/\/diariodominicano.ddns.net\/?p=219431"},"modified":"2016-02-09T13:58:38","modified_gmt":"2016-02-09T13:58:38","slug":"experto-afirma-comparticion-infraestructura-beneficia-a-empresas-y-usuarios-de-telecomunicaciones","status":"publish","type":"post","link":"https:\/\/diariodominicano.com\/?p=219431","title":{"rendered":"Experto afirma compartici\u00f3n infraestructura beneficia a empresas y usuarios de telecomunicaciones"},"content":{"rendered":"<p><body><\/p>\n<p><span class=\"text1noticias\">Santo Domingo, RD, 9 de Febrero.-Los usuarios y empresas de telecomunicaciones en la Rep\u00fablica Dominicana se beneficiar\u00e1n con la puesta en marcha la compartici\u00f3n de infraestructuras, en raz\u00f3n de que promover\u00eda una mayor competencia con \u00abmenores costos\u00bb que estimular\u00e1n -a su vez- precios m\u00e1s bajos\u00bb de los servicios.<\/span><\/p>\n<\/p>\n<p><span class=\"text1noticias\">La afirmaci\u00f3n la hizo el gerente de Regulaci\u00f3n y Defensa de la Competencia del Instituto Dominicano de las Telecomunicaciones (Indotel), Luis Scheker, en el \u00abtaller internacional sobre compartici\u00f3n de infraestructura y acceso abierto\u00bb, organizado por el \u00f3rgano regulador y el organismo mundial Alianza para una Internet Asequible (A4AI) en esta capital.<\/span><\/p>\n<\/p>\n<p><span class=\"text1noticias\">Explic\u00f3 que una red compartida consiste en que \u00abdos o m\u00e1s operadores utilizan parte de una red junto pero cada uno es due\u00f1o de sus respectivos clientes,  pudi\u00e9ndose compartir redes m\u00f3viles y redes fijas, as\u00ed como infraestructura activa y pasiva.<\/span><\/p>\n<\/p>\n<p><span class=\"text1noticias\">En su disertaci\u00f3n acerca de la \u00abCompartici\u00f3n de facilidades y marco regulatorio en la Rep\u00fablica Dominicana\u00bb, Scheker dijo que este esquema beneficia al regulador porque \u00abacelera competencia\u00bb, adem\u00e1s de que contribuye a alcanzar metas de servicio universal en \u00e1reas de baja densidad.<\/span><\/p>\n<p><span class=\"text1noticias\"><strong>Reducir inversiones evitables<\/strong><\/span><\/p>\n<\/p>\n<p><span class=\"text1noticias\">Expuso que el prop\u00f3sito del Indotel con la compartici\u00f3n de infraestructura, es \u00abpromover la inversi\u00f3n, y a su vez reducir las inversiones evitables\u00bb, especialmente \u00aben sitios muy densos donde tanta infraestructura tiene alto costo social\u00bb y en sitios poco densos donde \u00e9sta tiene bajo retorno privado, por lo que sugiere ver c\u00f3mo se reduce el costo.<\/span><\/p>\n<\/p>\n<p><span class=\"text1noticias\">Indic\u00f3 que en la situaci\u00f3n actual \u00abse necesitar\u00e1n colocar m\u00e1s antenas m\u00e1s antenas m\u00e1s para cobertura y capacidad\u00bb, debido al continuo crecimiento en el tr\u00e1fico de datos producto del desarrollo y penetraci\u00f3n de los servicios de banda ancha m\u00f3vil en el pa\u00eds.<\/span><\/p>\n<\/p>\n<p><span class=\"text1noticias\">Adem\u00e1s, Scheker dijo que el regulador desea aumentar la coordinaci\u00f3n entre las empresas y con el gobierno todo lo relativo al despliegue de infraestructura, aumentar la  transparencia en las ofertas p\u00fablicas y promover la expansi\u00f3n de m\u00e1s competencia (y mejores precios),  facilitando el acceso a los mercados.<\/span><\/p>\n<\/p>\n<p><span class=\"text1noticias\">Sostuvo que para los clientes habr\u00e1 m\u00e1s posibilidades de elecciones debido a la competencia y los menores costos estimular\u00e1n precios m\u00e1s bajos. En tanto, los operadores tendr\u00e1n \u00abmenores costos de inversi\u00f3n, menos permisos, mayor cobertura de redes, acceso a nuevos mercados y a time-to-market\u00bb.<\/span><\/p>\n<\/p>\n<p><span class=\"text1noticias\">Tambi\u00e9n, la compartici\u00f3n impactar\u00eda en t\u00e9rminos econ\u00f3micos y sociales, ya que empresas operar\u00e1n de manera \u00abamigable ambientalmente\u00bb, tendr\u00e1n menos obras civiles, optimizar\u00e1n sus recursos y desestimular\u00e1n la duplicaci\u00f3n de infraestructura.<\/span><\/p>\n<p><span class=\"text1noticias\"><strong>Las trabas<\/strong><\/span><\/p>\n<\/p>\n<p><span class=\"text1noticias\">Entre los inconvenientes que se enfrentar\u00edan ser\u00edan \u00abla posibilidad de pr\u00e1cticas anticompetitiva o colusi\u00f3n, especialmente si se permite compartici\u00f3n con exclusividad\u00bb, menores incentivos para la inversi\u00f3n, ya que puede fomentar que algunos decidan esperar y ser segundo.<\/span><\/p>\n<\/p>\n<p><span class=\"text1noticias\">Otros elementos a considerar sobre la compartici\u00f3n e que podr\u00eda reducir las trabas burocr\u00e1ticas y los permisos necesarios, reducir la resistencia a los despliegues infraestructura parte de la poblaci\u00f3n, espec\u00edficamente temor a que la infraestructura da\u00f1e la salud a pesar de que los estudios m\u00e1s recientes indican que \u00abno hay impacto adverso a la salud\u00bb por parte de las estaciones bases que instalan las operadoras, se\u00f1al\u00f3 el especialista del Indotel.  Igualmente reduce la contaminaci\u00f3n visual, y la p\u00e9rdida de valor de las propiedades.<\/span><\/p>\n<\/p>\n<p><span class=\"text1noticias\">Scheker destac\u00f3 que la compartici\u00f3n de infraestructura impactar\u00eda favorablemente el volumen de tr\u00e1fico, costo de la red, los ingresos, ganancias de las empresas, el tiempo, adem\u00e1s de que \u00abla demanda de servicios m\u00f3viles ha aumentado considerablemente, impulsada precisamente por los servicios de datos y tarifas planas\u00bb seg\u00fan expertos.<\/span><\/p>\n<\/p>\n<p><span class=\"text1noticias\">Advirti\u00f3 que aunque en la Rep\u00fablica Dominicana existe un marco legal y regulatorio con la ley 153-98, as\u00ed como una serie de reglamentaciones, \u00abno hay un reglamento o norma sobre compartici\u00f3n per se\u00bb.<\/span><\/p>\n<\/p>\n<p><span class=\"text1noticias\">Agreg\u00f3 que la experiencia en el pa\u00eds est\u00e1 centrada en un acuerdo de intercambio de \u00absites\u00bb entre operadores m\u00f3viles, resaltando que se trata de acuerdos privados sin intervenci\u00f3n del regulador, la compartici\u00f3n de infraestructura pasiva de redes inal\u00e1mbricas (coubicaci\u00f3n) en el que el impacto depender\u00e1 del menor complemento de cobertura por lo que este esquema no es muy empleado, lo que ha proliferado m\u00e1s en operadores peque\u00f1os.<\/span><\/p>\n<\/p>\n<p><span class=\"text1noticias\">Se refiri\u00f3 adem\u00e1s a la licitaci\u00f3n la LPI-003-2011 la cual incluy\u00f3 la compartici\u00f3n de infraestructura para llegar a 30 comunidades, y a los arrendamientos de que se registran entre corporaciones del sector el\u00e9ctrico y las de las telecomunicaciones sin intervenci\u00f3n de reguladores.<\/span><\/p>\n<\/p>\n<p><span class=\"text1noticias\">Scheker apunt\u00f3 que existe una legislaci\u00f3n el\u00e9ctrica que tiene un marco bien establecido para la compartici\u00f3n y arrendamiento dentro del sector, no con otros sectores; mientras las principales proveedoras del servicio de Internet intercambian tr\u00e1fico local en un punto, estamos lejos de tener los beneficios de un  el NAP neutral integrado por todos los prestadores.<\/span><\/p>\n<\/p>\n<p><span class=\"text1noticias\">Favoreci\u00f3 asimismo el proyecto CARCIP que se implementar\u00eda con un financiamiento de US$30 millones del Banco Mundial, el cual servir\u00e1 para crear una red de fibra \u00f3ptica troncal capilarizada para uso por todos los operadores<\/span>.<\/p>\n<\/p>\n<h6> 2016-02-09 13:58:38 <\/h6>\n<p><!--\n<link rel=\"stylesheet\" href=\"css\/bootstrap.min.css\">\n\n\n<ul class=\"pagination\">\n\t    \n\t\n\n<li >\n\t<a href='?page_no=13753'>Previous<\/a>\n\t<\/li>\n\n\n       \n    \n\n<li><a href='?page_no=1'>1<\/a><\/li>\n\n\n\n<li><a href='?page_no=2'>2<\/a><\/li>\n\n\n\n<li><a>...<\/a><\/li>\n\n\n\n<li><a href='?page_no=13752'>13752<\/a><\/li>\n\n\n\n<li><a href='?page_no=13753'>13753<\/a><\/li>\n\n\n\n<li class='active'><a>13754<\/a><\/li>\n\n\n\n<li><a href='?page_no=13755'>13755<\/a><\/li>\n\n\n\n<li><a href='?page_no=13756'>13756<\/a><\/li>\n\n\n\n<li><a>...<\/a><\/li>\n\n\n\n<li><a href='?page_no=56169'>56169<\/a><\/li>\n\n\n\n<li><a href='?page_no=56170'>56170<\/a><\/li>\n\n    \n\t\n\n<li >\n\t<a href='?page_no=13755'>Next<\/a>\n\t<\/li>\n\n\n    \n\n<li><a href='?page_no=56170'>Last &rsaquo;&rsaquo;<\/a><\/li>\n\n<\/ul>\n\n\n--><br \/>\n<\/body><\/p>\n","protected":false},"excerpt":{"rendered":"<p>Santo Domingo, RD, 9 de Febrero.-Los usuarios y empresas de telecomunicaciones en la Rep\u00fablica Dominicana se beneficiar\u00e1n con la puesta en marcha la compartici\u00f3n de infraestructuras, en raz\u00f3n de que promover\u00eda una mayor competencia con \u00abmenores costos\u00bb que estimular\u00e1n -a su vez- precios m\u00e1s bajos\u00bb de los servicios. La afirmaci\u00f3n la hizo el gerente de [&hellip;]<\/p>\n","protected":false},"author":3,"featured_media":0,"comment_status":"open","ping_status":"open","sticky":false,"template":"","format":"standard","meta":{"footnotes":""},"categories":[20],"tags":[],"class_list":["post-219431","post","type-post","status-publish","format-standard","hentry","category-dominicana-hoy"],"_links":{"self":[{"href":"https:\/\/diariodominicano.com\/index.php?rest_route=\/wp\/v2\/posts\/219431","targetHints":{"allow":["GET"]}}],"collection":[{"href":"https:\/\/diariodominicano.com\/index.php?rest_route=\/wp\/v2\/posts"}],"about":[{"href":"https:\/\/diariodominicano.com\/index.php?rest_route=\/wp\/v2\/types\/post"}],"author":[{"embeddable":true,"href":"https:\/\/diariodominicano.com\/index.php?rest_route=\/wp\/v2\/users\/3"}],"replies":[{"embeddable":true,"href":"https:\/\/diariodominicano.com\/index.php?rest_route=%2Fwp%2Fv2%2Fcomments&post=219431"}],"version-history":[{"count":0,"href":"https:\/\/diariodominicano.com\/index.php?rest_route=\/wp\/v2\/posts\/219431\/revisions"}],"wp:attachment":[{"href":"https:\/\/diariodominicano.com\/index.php?rest_route=%2Fwp%2Fv2%2Fmedia&parent=219431"}],"wp:term":[{"taxonomy":"category","embeddable":true,"href":"https:\/\/diariodominicano.com\/index.php?rest_route=%2Fwp%2Fv2%2Fcategories&post=219431"},{"taxonomy":"post_tag","embeddable":true,"href":"https:\/\/diariodominicano.com\/index.php?rest_route=%2Fwp%2Fv2%2Ftags&post=219431"}],"curies":[{"name":"wp","href":"https:\/\/api.w.org\/{rel}","templated":true}]}}