{"id":219424,"date":"2016-02-09T16:40:10","date_gmt":"2016-02-09T16:40:10","guid":{"rendered":"http:\/\/diariodominicano.ddns.net\/?p=219424"},"modified":"2016-02-09T16:40:10","modified_gmt":"2016-02-09T16:40:10","slug":"indotel-exhorta-a-ciudadania-a-ser-cautelosa-en-uso-de-internet","status":"publish","type":"post","link":"https:\/\/diariodominicano.com\/?p=219424","title":{"rendered":"Indotel exhorta a ciudadan\u00eda a ser cautelosa en uso de Internet &#13;"},"content":{"rendered":"<p><body><\/p>\n<p><img decoding=\"async\" src=\"img3\/internetsano.jpg\" \/>  <\/p>\n<p><span class=\"text1noticias\">Santo Domingo, RD, 10 e Febrero.-El Instituto Dominicano de las Telecomunicaciones (Indotel), exhort\u00f3 a orientar a ni\u00f1os, ni\u00f1as y j\u00f3venes a ser precavidos al subir fotos o videos en las redes sociales, al tiempo que pidi\u00f3 ser cautelosos con las informaciones que comparten, a fin de no que resulten perjudicados ellos y sus familiares por pr\u00e1cticas da\u00f1inas que usan los ciber delincuentes en la Internet.<\/span><\/p>\n<\/p>\n<p><span class=\"text1noticias\">La entidad reguladora destac\u00f3 que desde esta instituci\u00f3n se unifican esfuerzos con la Vicepresidencia de la Rep\u00fablica y el Ministerio de Educaci\u00f3n para orientar a ni\u00f1os, ni\u00f1as, j\u00f3venes, adolescentes y adultos a que utilicen las redes, el mundo de la  Internet \u00abde manera sana y productiva\u00bb.<\/span><\/p>\n<\/p>\n<p><span class=\"text1noticias\">Las recomendaciones fueron ofrecidas durante dos talleres l\u00fadicos impartidos a ni\u00f1os, j\u00f3venes y adultos de escuelas p\u00fablicas y privadas en la Plaza Sambil, con motivo del D\u00eda Internacional de Internet Sano, que se celebra hoy en m\u00e1s de cien pa\u00edses del mundo.<\/span><\/p>\n<\/p>\n<p><span class=\"text1noticias\">Las charlas fueron animadas por la entidad Cierta Divertida que dirige la comunicadora Patricia Solano.<\/span><\/p>\n<\/p>\n<p><span class=\"text1noticias\">En los talleres se orient\u00f3 sobre las amenazas del ciberbullying, el acoso sexual y del tr\u00e1fico en la Internet de pornograf\u00eda infantil, fotograf\u00edas sexy y otros ciberdelitos que est\u00e1n aconteciendo en el mundo de las tecnolog\u00edas.<\/span><\/p>\n<\/p>\n<p><span class=\"text1noticias\">En tal sentido, la coordinadora de la Unidad de Apoyo de la Comisi\u00f3n Nacional para la Sociedad de la Informacion y el Conocimiento (CNSIC) del Indotel, Mirna Gonz\u00e1lez, dijo que ni\u00f1os y adultos utilizan  las redes sociales de manera  indiscriminada y terminan siendo afectados.<\/span><\/p>\n<\/p>\n<p><span class=\"text1noticias\">Deplor\u00f3 que incluso se registren casos de ni\u00f1os y ni\u00f1as que han terminado suicid\u00e1ndose por mal manejo de las redes.<\/span><\/p>\n<\/p>\n<p><span class=\"text1noticias\">Explic\u00f3 que el Indotel y un grupo de entidades enfrentan la situaci\u00f3n con programas educativos sobre el uso correcto de la Internet o Internet Sano que llevan a escuelas, colegios, clubes y otras entidades.<\/span><\/p>\n<\/p>\n<p><span class=\"text1noticias\">\u00abInternet Sano es un programa que desde el a\u00f1o 2005 el Indotel cre\u00f3 con la finalidad de crearle a los ni\u00f1os, ni\u00f1as, adolescentes y adultos, tomen conciencia de que tienen que utilizar la Internet de una forma segura, con respeto hacia los dem\u00e1s y cuidarse de las amenazas que est\u00e1n en el ciberespacio\u00bb, expres\u00f3.<\/span><\/p>\n<\/p>\n<p><span class=\"text1noticias\">Gonz\u00e1lez dijo que estas charlas se imparten en escuelas, colegios y clubes que las solicitan.  En las charlas se utilizan facilitadores del Centro Cultural de las Telecomunicaciones del Indotel, donde asisten cada mes asisten cientos de ni\u00f1os, adolescentes y adultos que se benefician de las orientaciones sobre el uso correcto de la Internet.<\/span><\/p>\n<\/p>\n<p><span class=\"text1noticias\">En tanto, Claritza De La Cruz, encargada de Internet Sano, argument\u00f3 que los talleres l\u00fadicos tienen el objetivo de unificar esfuerzos desde el Indotel con la Vicepresidencia de la Rep\u00fablica y el Ministerio de Educaci\u00f3n para crear conciencia de que se debe utilizar las redes, el mundo de la Internet de manera sana y productiva.<\/span><\/p>\n<\/p>\n<p><span class=\"text1noticias\">De La Cruz manifest\u00f3 que los j\u00f3venes utilizan de manera inconsciente esta herramienta tecnol\u00f3gica, tomando en consideraci\u00f3n solo el momento y no las consecuencias que el uso incorrecto de la misma le puede traer.<\/span><\/p>\n<\/p>\n<p><span class=\"text1noticias\">Las charlas fueron  impartidas en dos grupos de diferentes edades, la primera para ni\u00f1os de ocho a doce a\u00f1os y la segunda charla a j\u00f3venes  de 13 a 16 a\u00f1os. Estas actividades se han realizado de manera divertida en todo el pa\u00eds con el objetivo de sensibilizar a la ciudadan\u00eda del cuidado que deben tener al usar las redes del Internet.<\/span><\/p>\n<\/p>\n<p><span class=\"text1noticias\">En la actividad estuvieron presentes, Jos\u00e9 Garc\u00eda, representante de Inform\u00e1tica Educativa de Ministerio de Educaci\u00f3n; Wilda Florentino, Fiordaliza de los Santos, de la Regional 15; Rosa Pichardo, del Distrito 15-02 y M\u00e1ximo de Jes\u00fas, distrito 10-04, as\u00ed como Patricia Solano y j\u00f3venes animadores de Ciencia Divertida<\/span>.<\/p>\n<h6> 2016-02-09 16:40:10 <\/h6>\n<p><!--\n<link rel=\"stylesheet\" href=\"css\/bootstrap.min.css\">\n\n\n<ul class=\"pagination\">\n\t    \n\t\n\n<li >\n\t<a href='?page_no=13747'>Previous<\/a>\n\t<\/li>\n\n\n       \n    \n\n<li><a href='?page_no=1'>1<\/a><\/li>\n\n\n\n<li><a href='?page_no=2'>2<\/a><\/li>\n\n\n\n<li><a>...<\/a><\/li>\n\n\n\n<li><a href='?page_no=13746'>13746<\/a><\/li>\n\n\n\n<li><a href='?page_no=13747'>13747<\/a><\/li>\n\n\n\n<li class='active'><a>13748<\/a><\/li>\n\n\n\n<li><a href='?page_no=13749'>13749<\/a><\/li>\n\n\n\n<li><a href='?page_no=13750'>13750<\/a><\/li>\n\n\n\n<li><a>...<\/a><\/li>\n\n\n\n<li><a href='?page_no=56169'>56169<\/a><\/li>\n\n\n\n<li><a href='?page_no=56170'>56170<\/a><\/li>\n\n    \n\t\n\n<li >\n\t<a href='?page_no=13749'>Next<\/a>\n\t<\/li>\n\n\n    \n\n<li><a href='?page_no=56170'>Last &rsaquo;&rsaquo;<\/a><\/li>\n\n<\/ul>\n\n\n--><br \/>\n<\/body><\/p>\n","protected":false},"excerpt":{"rendered":"<p>Santo Domingo, RD, 10 e Febrero.-El Instituto Dominicano de las Telecomunicaciones (Indotel), exhort\u00f3 a orientar a ni\u00f1os, ni\u00f1as y j\u00f3venes a ser precavidos al subir fotos o videos en las redes sociales, al tiempo que pidi\u00f3 ser cautelosos con las informaciones que comparten, a fin de no que resulten perjudicados ellos y sus familiares por [&hellip;]<\/p>\n","protected":false},"author":3,"featured_media":0,"comment_status":"open","ping_status":"open","sticky":false,"template":"","format":"standard","meta":{"footnotes":""},"categories":[20],"tags":[],"class_list":["post-219424","post","type-post","status-publish","format-standard","hentry","category-dominicana-hoy"],"_links":{"self":[{"href":"https:\/\/diariodominicano.com\/index.php?rest_route=\/wp\/v2\/posts\/219424","targetHints":{"allow":["GET"]}}],"collection":[{"href":"https:\/\/diariodominicano.com\/index.php?rest_route=\/wp\/v2\/posts"}],"about":[{"href":"https:\/\/diariodominicano.com\/index.php?rest_route=\/wp\/v2\/types\/post"}],"author":[{"embeddable":true,"href":"https:\/\/diariodominicano.com\/index.php?rest_route=\/wp\/v2\/users\/3"}],"replies":[{"embeddable":true,"href":"https:\/\/diariodominicano.com\/index.php?rest_route=%2Fwp%2Fv2%2Fcomments&post=219424"}],"version-history":[{"count":0,"href":"https:\/\/diariodominicano.com\/index.php?rest_route=\/wp\/v2\/posts\/219424\/revisions"}],"wp:attachment":[{"href":"https:\/\/diariodominicano.com\/index.php?rest_route=%2Fwp%2Fv2%2Fmedia&parent=219424"}],"wp:term":[{"taxonomy":"category","embeddable":true,"href":"https:\/\/diariodominicano.com\/index.php?rest_route=%2Fwp%2Fv2%2Fcategories&post=219424"},{"taxonomy":"post_tag","embeddable":true,"href":"https:\/\/diariodominicano.com\/index.php?rest_route=%2Fwp%2Fv2%2Ftags&post=219424"}],"curies":[{"name":"wp","href":"https:\/\/api.w.org\/{rel}","templated":true}]}}