{"id":219423,"date":"2016-02-09T18:30:47","date_gmt":"2016-02-09T18:30:47","guid":{"rendered":"http:\/\/diariodominicano.ddns.net\/?p=219423"},"modified":"2016-02-09T18:30:47","modified_gmt":"2016-02-09T18:30:47","slug":"presidente-danilo-medina-inaugura-obras-de-riego-en-montecristi","status":"publish","type":"post","link":"https:\/\/diariodominicano.com\/?p=219423","title":{"rendered":"Presidente Danilo Medina inaugura obras de riego en Montecristi"},"content":{"rendered":"<p><body><\/p>\n<p><img decoding=\"async\" src=\"img3\/daniloindrhi.jpg\" \/><br \/><img decoding=\"async\" src=\"img3\/lago.jpg\" \/>  <\/p>\n<p><span class=\"text1noticias\">Montecristi, RD, 9 de Febrero.-El presidente de la Rep\u00fablica, Danilo Medina, inaugur\u00f3 la rehabilitaci\u00f3n y ampliaci\u00f3n de la laguna Vanessa, adem\u00e1s de la reconstrucci\u00f3n de los canales Cana-Chapet\u00f3n y Mao-Gurabo, levantados por el Gobierno con una inversi\u00f3n de m\u00e1s de  77 millones de pesos.<\/span><\/p>\n<\/p>\n<p><span class=\"text1noticias\">Las obras responden a una de las promesas del presidente Medina dentro de las visitas sorpresas el 13 de marzo de 2013, y en esta ocasi\u00f3n fueron ejecutados para beneficiar habitantes en comunidades de las provincias Valverde y Montecristi. Los trabajos fueron ejecutados por el Instituto Nacional de Recursos Hidr\u00e1ulicos (INDRHI)<\/span><\/p>\n<\/p>\n<p><span class=\"text1noticias\">El Director Ejecutivo del INDRHI, ingeniero Olgo Fern\u00e1ndez, destac\u00f3 que La presa de Vanesa solo estaba concebida en la petici\u00f3n que se le hiciera al Presidente Medina como un peque\u00f1o reservorio y que gracias a su visi\u00f3n de futuro es una obra hidr\u00e1ulica de mucho m\u00e1s alta dimensi\u00f3n que la solicitada por los parceleros.<\/span><\/p>\n<\/p>\n<p><span class=\"text1noticias\">Con las obras se irrigar\u00e1n 22 mil tareas de un total de 30,000 que tiene el \u00e1rea de influencia y que pueden ser aprovechadas en su conjunto con la entrada en operaci\u00f3n de las nuevas infraestructuras, para beneficiar 520 usuarios agrupados en la Asociaci\u00f3n La Buena Fe que est\u00e1n divididos en dos sectores, Piloto y Vanessa.<\/span><\/p>\n<\/p>\n<p><span class=\"text1noticias\">En la laguna Vanesa se levant\u00f3 un muro exterior e interior con arcilla impermeable de una longitud de 1,050 metros y 20,000 metros c\u00fabicos, adem\u00e1s de vertedor de excedencia en hormig\u00f3n.<\/span><\/p>\n<\/p>\n<p><span class=\"text1noticias\">Asimismo, revestimiento de talud exterior con gram\u00edneas de 8,000 metros cuadrados para almacenar 370,210 metros c\u00fabicos de agua que usar\u00e1n en \u00e9pocas de mayor demanda. La referida laguna se alimenta de los canales Cana-Chapet\u00f3n que penetra por el lado oeste y Mao-Gurabo por el sur.<\/span><\/p>\n<\/p>\n<p><span class=\"text1noticias\">Mientras que la rehabilitaci\u00f3n del canal Cana-Chapet\u00f3n incluy\u00f3 la construcci\u00f3n en revestimiento de 300 metros de longitud con mamposter\u00eda y piso de hormig\u00f3n simple.<\/span><\/p>\n<\/p>\n<p><span class=\"text1noticias\">Adem\u00e1s, un relleno con material de mina de 4,500 metros c\u00fabicos, as\u00ed como la construcci\u00f3n de una obra de descarga, un puente vehicular y la instalaci\u00f3n de alcantarillado tipo caj\u00f3n en los drenes principales.<\/span><\/p>\n<\/p>\n<p><span class=\"text1noticias\">En el canal Mao-Gurabo los trabajos abarcaron la construcci\u00f3n en encache de 440 metros de longitud, revestimiento de otros 1,100 metros en encache, mamposter\u00eda y piso de hormig\u00f3n simple, as\u00ed como la limpieza de 42 kil\u00f3metros de drenajes.<\/span><\/p>\n<\/p>\n<p><span class=\"text1noticias\">Tambi\u00e9n, un relleno compactado de 9,300 metros c\u00fabicos, la construcci\u00f3n de cuatro ca\u00eddas y una obra de descarga<\/span>.   <\/p>\n<\/p>\n<h6> 2016-02-09 18:30:47 <\/h6>\n<p><!--\n<link rel=\"stylesheet\" href=\"css\/bootstrap.min.css\">\n\n\n<ul class=\"pagination\">\n\t    \n\t\n\n<li >\n\t<a href='?page_no=13746'>Previous<\/a>\n\t<\/li>\n\n\n       \n    \n\n<li><a href='?page_no=1'>1<\/a><\/li>\n\n\n\n<li><a href='?page_no=2'>2<\/a><\/li>\n\n\n\n<li><a>...<\/a><\/li>\n\n\n\n<li><a href='?page_no=13745'>13745<\/a><\/li>\n\n\n\n<li><a href='?page_no=13746'>13746<\/a><\/li>\n\n\n\n<li class='active'><a>13747<\/a><\/li>\n\n\n\n<li><a href='?page_no=13748'>13748<\/a><\/li>\n\n\n\n<li><a href='?page_no=13749'>13749<\/a><\/li>\n\n\n\n<li><a>...<\/a><\/li>\n\n\n\n<li><a href='?page_no=56169'>56169<\/a><\/li>\n\n\n\n<li><a href='?page_no=56170'>56170<\/a><\/li>\n\n    \n\t\n\n<li >\n\t<a href='?page_no=13748'>Next<\/a>\n\t<\/li>\n\n\n    \n\n<li><a href='?page_no=56170'>Last &rsaquo;&rsaquo;<\/a><\/li>\n\n<\/ul>\n\n\n--><br \/>\n<\/body><\/p>\n","protected":false},"excerpt":{"rendered":"<p>Montecristi, RD, 9 de Febrero.-El presidente de la Rep\u00fablica, Danilo Medina, inaugur\u00f3 la rehabilitaci\u00f3n y ampliaci\u00f3n de la laguna Vanessa, adem\u00e1s de la reconstrucci\u00f3n de los canales Cana-Chapet\u00f3n y Mao-Gurabo, levantados por el Gobierno con una inversi\u00f3n de m\u00e1s de 77 millones de pesos. Las obras responden a una de las promesas del presidente Medina [&hellip;]<\/p>\n","protected":false},"author":3,"featured_media":0,"comment_status":"open","ping_status":"open","sticky":false,"template":"","format":"standard","meta":{"footnotes":""},"categories":[20],"tags":[],"class_list":["post-219423","post","type-post","status-publish","format-standard","hentry","category-dominicana-hoy"],"_links":{"self":[{"href":"https:\/\/diariodominicano.com\/index.php?rest_route=\/wp\/v2\/posts\/219423","targetHints":{"allow":["GET"]}}],"collection":[{"href":"https:\/\/diariodominicano.com\/index.php?rest_route=\/wp\/v2\/posts"}],"about":[{"href":"https:\/\/diariodominicano.com\/index.php?rest_route=\/wp\/v2\/types\/post"}],"author":[{"embeddable":true,"href":"https:\/\/diariodominicano.com\/index.php?rest_route=\/wp\/v2\/users\/3"}],"replies":[{"embeddable":true,"href":"https:\/\/diariodominicano.com\/index.php?rest_route=%2Fwp%2Fv2%2Fcomments&post=219423"}],"version-history":[{"count":0,"href":"https:\/\/diariodominicano.com\/index.php?rest_route=\/wp\/v2\/posts\/219423\/revisions"}],"wp:attachment":[{"href":"https:\/\/diariodominicano.com\/index.php?rest_route=%2Fwp%2Fv2%2Fmedia&parent=219423"}],"wp:term":[{"taxonomy":"category","embeddable":true,"href":"https:\/\/diariodominicano.com\/index.php?rest_route=%2Fwp%2Fv2%2Fcategories&post=219423"},{"taxonomy":"post_tag","embeddable":true,"href":"https:\/\/diariodominicano.com\/index.php?rest_route=%2Fwp%2Fv2%2Ftags&post=219423"}],"curies":[{"name":"wp","href":"https:\/\/api.w.org\/{rel}","templated":true}]}}