{"id":219421,"date":"2016-02-09T22:29:22","date_gmt":"2016-02-09T22:29:22","guid":{"rendered":"http:\/\/diariodominicano.ddns.net\/?p=219421"},"modified":"2016-02-09T22:29:22","modified_gmt":"2016-02-09T22:29:22","slug":"opd-funglode-y-dgdf-analizan-futuro-desarrollo-fronterizo","status":"publish","type":"post","link":"https:\/\/diariodominicano.com\/?p=219421","title":{"rendered":"OPD-Funglode y DGDF analizan futuro desarrollo fronterizo"},"content":{"rendered":"<p><body><\/p>\n<p><span class=\"text1noticias\">Santo Domingo, R. D., 9 de febrero.- El Observatorio Pol\u00edtico Dominicano (OPD), entidad adscrita a la Fundaci\u00f3n Global Democracia y Desarrollo (FUNGLODE), y la Direcci\u00f3n General de Desarrollo Fronterizo (DGDF), realizar\u00e1n el panel \u00abBalance y perspectivas del desarrollo fronterizo en Rep\u00fablica Dominicana\u00bb con los expositores: Miguel Bejar\u00e1n, director de la Direcci\u00f3n General de Desarrollo Fronterizo (DGDF); Rafael Paz, vicepresidente del Consejo Nacional de la Empresa Privada (CONEP) y Greidys Roa, investigador de la Unidad de Pol\u00edticas P\u00fablicas del OPD.<\/span><\/p>\n<p><span class=\"text1noticias\"> <\/span><\/p>\n<p><span class=\"text1noticias\">Sobre el panel<\/span><\/p>\n<p><span class=\"text1noticias\">El evento, que se realizar\u00e1 el jueves 18 de febrero a las 10:00 de la ma\u00f1ana en las aulas del segundo piso de Funglode, contar\u00e1 con la participaci\u00f3n de actores del sector p\u00fablico, privado y de la sociedad civil involucrados en el tema.<\/span><\/p>\n<p><span class=\"text1noticias\"> <\/span><\/p>\n<p><span class=\"text1noticias\">Adem\u00e1s en dicha actividad, el OPD pondr\u00e1 a circular el cuadernillo \u00abBalance de la Ley de Desarrollo Fronterizo: entre el olvido y la necesidad de progreso\u00bb, de la autor\u00eda de Greidys Roa, en el cual se presentan los hallazgos de su investigaci\u00f3n sobre el impacto de la Ley n\u00fam. 28-01 de Desarrollo Fronterizo, que en sus catorce a\u00f1os de vigencia ha sido objeto de importantes debates, muchos de los cuales cuestionan su eficacia en el objetivo de impulsar el desarrollo de la frontera y las distorsiones que genera en el mercado nacional.<\/span><\/p>\n<p><span class=\"text1noticias\"> <\/span><\/p>\n<p><span class=\"text1noticias\">El panel se enmarca en el objetivo del OPD-Funglode de generar espacios de comunicaci\u00f3n para el intercambio de conocimientos sobre temas y proyectos de inter\u00e9s primario, con el fin de elevar la calidad del debate pol\u00edtico nacional y motivar el establecimiento de mejores pol\u00edticas p\u00fablica<\/span>s.<\/p>\n<h6> 2016-02-09 22:29:22 <\/h6>\n<p><!--\n<link rel=\"stylesheet\" href=\"css\/bootstrap.min.css\">\n\n\n<ul class=\"pagination\">\n\t    \n\t\n\n<li >\n\t<a href='?page_no=13744'>Previous<\/a>\n\t<\/li>\n\n\n       \n    \n\n<li><a href='?page_no=1'>1<\/a><\/li>\n\n\n\n<li><a href='?page_no=2'>2<\/a><\/li>\n\n\n\n<li><a>...<\/a><\/li>\n\n\n\n<li><a href='?page_no=13743'>13743<\/a><\/li>\n\n\n\n<li><a href='?page_no=13744'>13744<\/a><\/li>\n\n\n\n<li class='active'><a>13745<\/a><\/li>\n\n\n\n<li><a href='?page_no=13746'>13746<\/a><\/li>\n\n\n\n<li><a href='?page_no=13747'>13747<\/a><\/li>\n\n\n\n<li><a>...<\/a><\/li>\n\n\n\n<li><a href='?page_no=56169'>56169<\/a><\/li>\n\n\n\n<li><a href='?page_no=56170'>56170<\/a><\/li>\n\n    \n\t\n\n<li >\n\t<a href='?page_no=13746'>Next<\/a>\n\t<\/li>\n\n\n    \n\n<li><a href='?page_no=56170'>Last &rsaquo;&rsaquo;<\/a><\/li>\n\n<\/ul>\n\n\n--><br \/>\n<\/body><\/p>\n","protected":false},"excerpt":{"rendered":"<p>Santo Domingo, R. D., 9 de febrero.- El Observatorio Pol\u00edtico Dominicano (OPD), entidad adscrita a la Fundaci\u00f3n Global Democracia y Desarrollo (FUNGLODE), y la Direcci\u00f3n General de Desarrollo Fronterizo (DGDF), realizar\u00e1n el panel \u00abBalance y perspectivas del desarrollo fronterizo en Rep\u00fablica Dominicana\u00bb con los expositores: Miguel Bejar\u00e1n, director de la Direcci\u00f3n General de Desarrollo Fronterizo [&hellip;]<\/p>\n","protected":false},"author":3,"featured_media":0,"comment_status":"open","ping_status":"open","sticky":false,"template":"","format":"standard","meta":{"footnotes":""},"categories":[20],"tags":[],"class_list":["post-219421","post","type-post","status-publish","format-standard","hentry","category-dominicana-hoy"],"_links":{"self":[{"href":"https:\/\/diariodominicano.com\/index.php?rest_route=\/wp\/v2\/posts\/219421","targetHints":{"allow":["GET"]}}],"collection":[{"href":"https:\/\/diariodominicano.com\/index.php?rest_route=\/wp\/v2\/posts"}],"about":[{"href":"https:\/\/diariodominicano.com\/index.php?rest_route=\/wp\/v2\/types\/post"}],"author":[{"embeddable":true,"href":"https:\/\/diariodominicano.com\/index.php?rest_route=\/wp\/v2\/users\/3"}],"replies":[{"embeddable":true,"href":"https:\/\/diariodominicano.com\/index.php?rest_route=%2Fwp%2Fv2%2Fcomments&post=219421"}],"version-history":[{"count":0,"href":"https:\/\/diariodominicano.com\/index.php?rest_route=\/wp\/v2\/posts\/219421\/revisions"}],"wp:attachment":[{"href":"https:\/\/diariodominicano.com\/index.php?rest_route=%2Fwp%2Fv2%2Fmedia&parent=219421"}],"wp:term":[{"taxonomy":"category","embeddable":true,"href":"https:\/\/diariodominicano.com\/index.php?rest_route=%2Fwp%2Fv2%2Fcategories&post=219421"},{"taxonomy":"post_tag","embeddable":true,"href":"https:\/\/diariodominicano.com\/index.php?rest_route=%2Fwp%2Fv2%2Ftags&post=219421"}],"curies":[{"name":"wp","href":"https:\/\/api.w.org\/{rel}","templated":true}]}}