{"id":219420,"date":"2016-02-09T23:35:02","date_gmt":"2016-02-09T23:35:02","guid":{"rendered":"http:\/\/diariodominicano.ddns.net\/?p=219420"},"modified":"2016-02-09T23:35:02","modified_gmt":"2016-02-09T23:35:02","slug":"vaguada-casi-estacionaria-en-el-canal-del-viento-lluvias-esporadicas","status":"publish","type":"post","link":"https:\/\/diariodominicano.com\/?p=219420","title":{"rendered":"Vaguada casi-estacionaria en el canal del Viento; lluvias espor\u00e1dicas"},"content":{"rendered":"<p><body><\/p>\n<p>Santo Domingo RD 10 febrero.- La vaguada frontal se localiza casi-estacionaria sobre el canal del Viento y, el viento se presenta del sureste aportando humedad, estas condiciones incrementar\u00e1n la nubosidad esta noche y la madrugada,  produci\u00e9ndose lluvias espor\u00e1dicas de corta duraci\u00f3n principalmente hacia las provincias Montecristi, Santiago Rodr\u00edguez, Dajabon, Valverde, Santiago, Puerto Plata, Monse\u00f1or Nouel y La Vega.   <\/p>\n<\/p>\n<p> Para ma\u00f1ana  mi\u00e9rcoles la vaguada frontal se localizar\u00e1 sobre la costa norte del pa\u00eds, incrementando la nubosidad y produciendo lluvias d\u00e9biles a moderadas,  principalmente hacia las regiones norte, noroeste, noreste, sureste y la cordillera Central.<\/p>\n<\/p>\n<p> Para el fin de semana  un sistema frontal va a interactuar con la vaguada frontal, ambos sistemas sobre el pa\u00eds, incrementando notablemente la nubosidad y produciendo lluvias d\u00e9biles a moderadas, siendo fuertes en ocasiones, principalmente hacia las regiones norte, noroeste, noreste, sureste, cordillera Central y la zona fronteriza.<\/p>\n<\/p>\n<p> En cuanto a las temperaturas  estas estar\u00e1n  ligeramente calurosas durante la noche, siendo agradables en la madrugada en zonas de monta\u00f1as.  <\/p>\n<\/p>\n<p> La Oficina Nacional de Meteorolog\u00eda (ONAMET), recomienda a las fr\u00e1giles y peque\u00f1as embarcaciones  de la costa atl\u00e1ntica que deben navegar con precauci\u00f3n cerca del per\u00edmetro costero, y no aventurarse mar adentro debido a olas anormales.   <\/p>\n<\/p>\n<p> Distrito Nacional.          Nubes dispersas a medio nublado en ocasiones.   <\/p>\n<\/p>\n<p>Santo Domingo norte.   Medio nublado y posibles lluvias espor\u00e1dicas de corta duraci\u00f3n.<\/p>\n<\/p>\n<p>Santo Domingo Oeste.   Medio nublado en ocasiones.   <\/p>\n<\/p>\n<p>Santo Domingo Este.      Nubes aisladas.  <\/p>\n<\/p>\n<p>El  Gran Santo Domingo. La temperatura m\u00e1xima estar\u00e1 entre  29\u00baC y 31\u00baC  y la m\u00ednima entre 21\u00baC y 23\u00baC.    <\/p>\n<\/p>\n<p>PRONOSTICO EXTENDIDO<\/p>\n<\/p>\n<p>Esta noche.  Nubes dispersas, increment\u00e1ndose en ocasiones con  lluvias espor\u00e1dicas de corta duraci\u00f3n principalmente hacia las regiones norte, noroeste, noreste, sureste y la cordillera Central.        <\/p>\n<\/p>\n<p> Mi\u00e9rcoles.  Incrementos nubosos con lluvias d\u00e9biles a moderadas, principalmente en la tarde y la noche hacia las regiones noroeste, norte, noreste, cordillera Central y zona fronteriza.<\/p>\n<\/p>\n<p>Santo Domingo y sus municipios. Nubes dispersas, siendo medio nublado al final de la tarde y la noche con lluvias ligeras.<\/p>\n<\/p>\n<p>Distrito Nacional.  Nubes dispersas a medio nublado al final de la tarde y la noche con lluvias ligeras.<\/p>\n<\/p>\n<p> Jueves.  Mayormente nublado con lluvias d\u00e9biles a moderadas, siendo fuertes en ocasiones con tormentas el\u00e9ctricas hacia las regiones norte, noroeste, noreste, sureste, cordillera Central y zona fronteriza.<\/p>\n<\/p>\n<p>Santo Domingo y sus municipios. Medio nublado a nublado con lluvias d\u00e9biles a moderadas.<\/p>\n<\/p>\n<p>Distrito Nacional.  Medio nublado a nublado en ocasiones con lluvias d\u00e9biles a moderadas.<\/p>\n<h6> 2016-02-09 23:35:02 <\/h6>\n<p><!--\n<link rel=\"stylesheet\" href=\"css\/bootstrap.min.css\">\n\n\n<ul class=\"pagination\">\n\t    \n\t\n\n<li >\n\t<a href='?page_no=13743'>Previous<\/a>\n\t<\/li>\n\n\n       \n    \n\n<li><a href='?page_no=1'>1<\/a><\/li>\n\n\n\n<li><a href='?page_no=2'>2<\/a><\/li>\n\n\n\n<li><a>...<\/a><\/li>\n\n\n\n<li><a href='?page_no=13742'>13742<\/a><\/li>\n\n\n\n<li><a href='?page_no=13743'>13743<\/a><\/li>\n\n\n\n<li class='active'><a>13744<\/a><\/li>\n\n\n\n<li><a href='?page_no=13745'>13745<\/a><\/li>\n\n\n\n<li><a href='?page_no=13746'>13746<\/a><\/li>\n\n\n\n<li><a>...<\/a><\/li>\n\n\n\n<li><a href='?page_no=56169'>56169<\/a><\/li>\n\n\n\n<li><a href='?page_no=56170'>56170<\/a><\/li>\n\n    \n\t\n\n<li >\n\t<a href='?page_no=13745'>Next<\/a>\n\t<\/li>\n\n\n    \n\n<li><a href='?page_no=56170'>Last &rsaquo;&rsaquo;<\/a><\/li>\n\n<\/ul>\n\n\n--><br \/>\n<\/body><\/p>\n","protected":false},"excerpt":{"rendered":"<p>Santo Domingo RD 10 febrero.- La vaguada frontal se localiza casi-estacionaria sobre el canal del Viento y, el viento se presenta del sureste aportando humedad, estas condiciones incrementar\u00e1n la nubosidad esta noche y la madrugada, produci\u00e9ndose lluvias espor\u00e1dicas de corta duraci\u00f3n principalmente hacia las provincias Montecristi, Santiago Rodr\u00edguez, Dajabon, Valverde, Santiago, Puerto Plata, Monse\u00f1or Nouel [&hellip;]<\/p>\n","protected":false},"author":3,"featured_media":0,"comment_status":"open","ping_status":"open","sticky":false,"template":"","format":"standard","meta":{"footnotes":""},"categories":[20],"tags":[],"class_list":["post-219420","post","type-post","status-publish","format-standard","hentry","category-dominicana-hoy"],"_links":{"self":[{"href":"https:\/\/diariodominicano.com\/index.php?rest_route=\/wp\/v2\/posts\/219420","targetHints":{"allow":["GET"]}}],"collection":[{"href":"https:\/\/diariodominicano.com\/index.php?rest_route=\/wp\/v2\/posts"}],"about":[{"href":"https:\/\/diariodominicano.com\/index.php?rest_route=\/wp\/v2\/types\/post"}],"author":[{"embeddable":true,"href":"https:\/\/diariodominicano.com\/index.php?rest_route=\/wp\/v2\/users\/3"}],"replies":[{"embeddable":true,"href":"https:\/\/diariodominicano.com\/index.php?rest_route=%2Fwp%2Fv2%2Fcomments&post=219420"}],"version-history":[{"count":0,"href":"https:\/\/diariodominicano.com\/index.php?rest_route=\/wp\/v2\/posts\/219420\/revisions"}],"wp:attachment":[{"href":"https:\/\/diariodominicano.com\/index.php?rest_route=%2Fwp%2Fv2%2Fmedia&parent=219420"}],"wp:term":[{"taxonomy":"category","embeddable":true,"href":"https:\/\/diariodominicano.com\/index.php?rest_route=%2Fwp%2Fv2%2Fcategories&post=219420"},{"taxonomy":"post_tag","embeddable":true,"href":"https:\/\/diariodominicano.com\/index.php?rest_route=%2Fwp%2Fv2%2Ftags&post=219420"}],"curies":[{"name":"wp","href":"https:\/\/api.w.org\/{rel}","templated":true}]}}