{"id":219419,"date":"2016-02-10T08:14:56","date_gmt":"2016-02-10T08:14:56","guid":{"rendered":"http:\/\/diariodominicano.ddns.net\/?p=219419"},"modified":"2016-02-10T08:14:56","modified_gmt":"2016-02-10T08:14:56","slug":"profesores-de-la-uasd-detienen-paro-hoy-inician-docencia","status":"publish","type":"post","link":"https:\/\/diariodominicano.com\/?p=219419","title":{"rendered":"Profesores de la UASD detienen paro; hoy inician docencia"},"content":{"rendered":"<p><body><\/p>\n<p><img decoding=\"async\" src=\"img3\/clase 4.jpg\" \/>  <\/p>\n<p>Santo Domingo RD 10 febrero.- La docencia en la Universidad Aut\u00f3noma de Santo Domingo (UASD), se inicia hoy, luego de que los profesores de esa academia levantaran ayer el paro que por tres semanas llevaron a cabo en demanda de un aumento salarial y otras reivindicaciones.<\/p>\n<\/p>\n<p>La decisi\u00f3n fue tomada durante la Asamblea General, tras aprobar la propuesta de aumentar en un plazo de un mes un 20% al salario de los maestros y otro 20% el pr\u00f3ximo semestre. En la asamblea participaron unos 800 maestros, los cuales aprobaron adem\u00e1s, la propuesta del rector de esa academia, Iv\u00e1n Grull\u00f3n, en la que se compromete a aumentar un 25% de los vi\u00e1ticos a los profesores.<\/p>\n<\/p>\n<p>Los maestros tambi\u00e9n acordaron marchar al Palacio Nacional junto con el Consejo Universitario el pr\u00f3ximo mi\u00e9rcoles 17 de este mes a las 10:00 de la ma\u00f1ana, en demanda de que se le otorgue un mayor presupuesto a la UASD. Asimismo, convocaron a una pr\u00f3xima asamblea para el mi\u00e9rcoles nueve de marzo a las 10:00 de la ma\u00f1ana, donde repasar\u00e1n los puntos que se han cumplido del acuerdo.<\/p>\n<\/p>\n<p>La asamblea, encabezada por el presidente de la Federaci\u00f3n de Asociaciones de Profesores de la Universidad Aut\u00f3noma de Santo Domingo (Faprouasd), Santiago Guillermo, se inici\u00f3 a las 11:30 de la ma\u00f1ana y culmin\u00f3 aproximadamente a la 1:20 de la tarde. \u00abHay un compromiso de que se produzca un aumento salarial de un 20% en un plazo de un mes y un 20% aplicable a partir del semestre 2016- 20 y si no se produce ese aumento salarial entonces haremos otro plan de lucha en busca del mismo\u00bb, advirti\u00f3 Guillermo. Dijo que en la pr\u00f3xima asamblea estar\u00e1n revisando la aplicaci\u00f3n o no de esa propuesta. Guillermo dijo adem\u00e1s que est\u00e1n esperanzados en que se cumpla el acuerdo con el Consejo Universitario, pero de no ser as\u00ed implementar\u00e1n medidas m\u00e1s dr\u00e1sticas.<\/p>\n<\/p>\n<p>Acuerdo <\/p>\n<p>Entre los puntos acordados en la propuesta hecha por el rector Iv\u00e1n Grull\u00f3n a Faprouasd est\u00e1, adem\u00e1s de gestionar un reajuste salarial de un 40%, la publicaci\u00f3n de la n\u00f3mina a m\u00e1s tardar el 29 de febrero.<\/p>\n<\/p>\n<p>Tambi\u00e9n entregar mensual a la ARS los recursos que le retiene a los servidores y lo que le corresponde aportar por ley, el acuerdo establece elaborar un estudio para la reducci\u00f3n de la carga docente de 40 a 30 cr\u00e9ditos.<\/p>\n<\/p>\n<h6> 2016-02-10 08:14:56 <\/h6>\n<p><!--\n<link rel=\"stylesheet\" href=\"css\/bootstrap.min.css\">\n\n\n<ul class=\"pagination\">\n\t    \n\t\n\n<li >\n\t<a href='?page_no=13742'>Previous<\/a>\n\t<\/li>\n\n\n       \n    \n\n<li><a href='?page_no=1'>1<\/a><\/li>\n\n\n\n<li><a href='?page_no=2'>2<\/a><\/li>\n\n\n\n<li><a>...<\/a><\/li>\n\n\n\n<li><a href='?page_no=13741'>13741<\/a><\/li>\n\n\n\n<li><a href='?page_no=13742'>13742<\/a><\/li>\n\n\n\n<li class='active'><a>13743<\/a><\/li>\n\n\n\n<li><a href='?page_no=13744'>13744<\/a><\/li>\n\n\n\n<li><a href='?page_no=13745'>13745<\/a><\/li>\n\n\n\n<li><a>...<\/a><\/li>\n\n\n\n<li><a href='?page_no=56169'>56169<\/a><\/li>\n\n\n\n<li><a href='?page_no=56170'>56170<\/a><\/li>\n\n    \n\t\n\n<li >\n\t<a href='?page_no=13744'>Next<\/a>\n\t<\/li>\n\n\n    \n\n<li><a href='?page_no=56170'>Last &rsaquo;&rsaquo;<\/a><\/li>\n\n<\/ul>\n\n\n--><br \/>\n<\/body><\/p>\n","protected":false},"excerpt":{"rendered":"<p>Santo Domingo RD 10 febrero.- La docencia en la Universidad Aut\u00f3noma de Santo Domingo (UASD), se inicia hoy, luego de que los profesores de esa academia levantaran ayer el paro que por tres semanas llevaron a cabo en demanda de un aumento salarial y otras reivindicaciones. La decisi\u00f3n fue tomada durante la Asamblea General, tras [&hellip;]<\/p>\n","protected":false},"author":3,"featured_media":0,"comment_status":"open","ping_status":"open","sticky":false,"template":"","format":"standard","meta":{"footnotes":""},"categories":[20],"tags":[],"class_list":["post-219419","post","type-post","status-publish","format-standard","hentry","category-dominicana-hoy"],"_links":{"self":[{"href":"https:\/\/diariodominicano.com\/index.php?rest_route=\/wp\/v2\/posts\/219419","targetHints":{"allow":["GET"]}}],"collection":[{"href":"https:\/\/diariodominicano.com\/index.php?rest_route=\/wp\/v2\/posts"}],"about":[{"href":"https:\/\/diariodominicano.com\/index.php?rest_route=\/wp\/v2\/types\/post"}],"author":[{"embeddable":true,"href":"https:\/\/diariodominicano.com\/index.php?rest_route=\/wp\/v2\/users\/3"}],"replies":[{"embeddable":true,"href":"https:\/\/diariodominicano.com\/index.php?rest_route=%2Fwp%2Fv2%2Fcomments&post=219419"}],"version-history":[{"count":0,"href":"https:\/\/diariodominicano.com\/index.php?rest_route=\/wp\/v2\/posts\/219419\/revisions"}],"wp:attachment":[{"href":"https:\/\/diariodominicano.com\/index.php?rest_route=%2Fwp%2Fv2%2Fmedia&parent=219419"}],"wp:term":[{"taxonomy":"category","embeddable":true,"href":"https:\/\/diariodominicano.com\/index.php?rest_route=%2Fwp%2Fv2%2Fcategories&post=219419"},{"taxonomy":"post_tag","embeddable":true,"href":"https:\/\/diariodominicano.com\/index.php?rest_route=%2Fwp%2Fv2%2Ftags&post=219419"}],"curies":[{"name":"wp","href":"https:\/\/api.w.org\/{rel}","templated":true}]}}