{"id":219418,"date":"2016-02-10T10:26:42","date_gmt":"2016-02-10T10:26:42","guid":{"rendered":"http:\/\/diariodominicano.ddns.net\/?p=219418"},"modified":"2016-02-10T10:26:42","modified_gmt":"2016-02-10T10:26:42","slug":"rector-uasd-aclara-no-se-ha-aprobado-aumento-salarial","status":"publish","type":"post","link":"https:\/\/diariodominicano.com\/?p=219418","title":{"rendered":"Rector UASD aclara no se ha aprobado aumento salarial"},"content":{"rendered":"<p><body><\/p>\n<p><img decoding=\"async\" src=\"img3\/rector 7.jpg\" \/>  <\/p>\n<p>Santo Domingo RD 10 febrero .- El rector de la Universidad Aut\u00f3noma de Santo Domingo (UASD), doctor Iv\u00e1n Grull\u00f3n Fern\u00e1ndez, aclar\u00f3 hoy que nos es cierto que  las autoridades hayan ofrecido un aumento de un 20% en los salarios de los servidores universitarios con efectividad al mes de marzo del a\u00f1o en curso, ni prometieran un incremento similar  para el pr\u00f3ximo semestre.<\/p>\n<\/p>\n<p>El alto funcionario acad\u00e9mico ofreci\u00f3 esta declaraci\u00f3n en vista de la confusi\u00f3n que se ha creado en torno a lo tratado en la asamblea profesoral del pasado martes, en la cual los docentes levantaron el paro de labores que manten\u00edan y que hab\u00eda impedido el inicio del primer semestre del a\u00f1o en esa academia.<\/p>\n<\/p>\n<p>En el documento de acuerdo aprobado por los profesores para restablecer las actividades, el art\u00edculo tres especifica que \u00abel Consejo Universitario se compromete, junto a los gremios, a gestionar un reajuste salarial de un 40% para los servidores universitarios, activos y jubilados\u00bb, y agrega que dicho organismo \u00abdeterminar\u00e1, en funci\u00f3n de lo recibido, la partida correspondiente para el incremento salarial\u00bb, afirm\u00f3 el rector de la UASD.<\/p>\n<\/p>\n<p>En otro sentido, Grull\u00f3n Fern\u00e1ndez tambi\u00e9n se\u00f1al\u00f3 que la decisi\u00f3n adoptada por los profesores de convocar una marcha al Palacio Nacional para el pr\u00f3ximo mi\u00e9rcoles, no involucra al Consejo Universitario, porque ese organismo no ha elaborado aun el plan de lucha para seguir gestionando la partida del presupuesto nacional que por ley corresponde a la  UASD.<\/p>\n<\/p>\n<p>Indic\u00f3 que la referida marcha no figura entre los compromisos asumidos por el Consejo, tras reiterar la importancia de recuperar los d\u00edas en que se dej\u00f3 de impartir docencia,  a fin de que el semestre concluya en la fecha prevista y que se pueda ofrecer el curso intersemestral de verano sin dificultades.<\/p>\n<h6> 2016-02-10 10:26:42 <\/h6>\n<p><!--\n<link rel=\"stylesheet\" href=\"css\/bootstrap.min.css\">\n\n\n<ul class=\"pagination\">\n\t    \n\t\n\n<li >\n\t<a href='?page_no=13741'>Previous<\/a>\n\t<\/li>\n\n\n       \n    \n\n<li><a href='?page_no=1'>1<\/a><\/li>\n\n\n\n<li><a href='?page_no=2'>2<\/a><\/li>\n\n\n\n<li><a>...<\/a><\/li>\n\n\n\n<li><a href='?page_no=13740'>13740<\/a><\/li>\n\n\n\n<li><a href='?page_no=13741'>13741<\/a><\/li>\n\n\n\n<li class='active'><a>13742<\/a><\/li>\n\n\n\n<li><a href='?page_no=13743'>13743<\/a><\/li>\n\n\n\n<li><a href='?page_no=13744'>13744<\/a><\/li>\n\n\n\n<li><a>...<\/a><\/li>\n\n\n\n<li><a href='?page_no=56169'>56169<\/a><\/li>\n\n\n\n<li><a href='?page_no=56170'>56170<\/a><\/li>\n\n    \n\t\n\n<li >\n\t<a href='?page_no=13743'>Next<\/a>\n\t<\/li>\n\n\n    \n\n<li><a href='?page_no=56170'>Last &rsaquo;&rsaquo;<\/a><\/li>\n\n<\/ul>\n\n\n--><br \/>\n<\/body><\/p>\n","protected":false},"excerpt":{"rendered":"<p>Santo Domingo RD 10 febrero .- El rector de la Universidad Aut\u00f3noma de Santo Domingo (UASD), doctor Iv\u00e1n Grull\u00f3n Fern\u00e1ndez, aclar\u00f3 hoy que nos es cierto que las autoridades hayan ofrecido un aumento de un 20% en los salarios de los servidores universitarios con efectividad al mes de marzo del a\u00f1o en curso, ni prometieran [&hellip;]<\/p>\n","protected":false},"author":3,"featured_media":0,"comment_status":"open","ping_status":"open","sticky":false,"template":"","format":"standard","meta":{"footnotes":""},"categories":[20],"tags":[],"class_list":["post-219418","post","type-post","status-publish","format-standard","hentry","category-dominicana-hoy"],"_links":{"self":[{"href":"https:\/\/diariodominicano.com\/index.php?rest_route=\/wp\/v2\/posts\/219418","targetHints":{"allow":["GET"]}}],"collection":[{"href":"https:\/\/diariodominicano.com\/index.php?rest_route=\/wp\/v2\/posts"}],"about":[{"href":"https:\/\/diariodominicano.com\/index.php?rest_route=\/wp\/v2\/types\/post"}],"author":[{"embeddable":true,"href":"https:\/\/diariodominicano.com\/index.php?rest_route=\/wp\/v2\/users\/3"}],"replies":[{"embeddable":true,"href":"https:\/\/diariodominicano.com\/index.php?rest_route=%2Fwp%2Fv2%2Fcomments&post=219418"}],"version-history":[{"count":0,"href":"https:\/\/diariodominicano.com\/index.php?rest_route=\/wp\/v2\/posts\/219418\/revisions"}],"wp:attachment":[{"href":"https:\/\/diariodominicano.com\/index.php?rest_route=%2Fwp%2Fv2%2Fmedia&parent=219418"}],"wp:term":[{"taxonomy":"category","embeddable":true,"href":"https:\/\/diariodominicano.com\/index.php?rest_route=%2Fwp%2Fv2%2Fcategories&post=219418"},{"taxonomy":"post_tag","embeddable":true,"href":"https:\/\/diariodominicano.com\/index.php?rest_route=%2Fwp%2Fv2%2Ftags&post=219418"}],"curies":[{"name":"wp","href":"https:\/\/api.w.org\/{rel}","templated":true}]}}