{"id":219417,"date":"2016-02-10T10:32:57","date_gmt":"2016-02-10T10:32:57","guid":{"rendered":"http:\/\/diariodominicano.ddns.net\/?p=219417"},"modified":"2016-02-10T10:32:57","modified_gmt":"2016-02-10T10:32:57","slug":"educacion-personalizada-para-adolescentes","status":"publish","type":"post","link":"https:\/\/diariodominicano.com\/?p=219417","title":{"rendered":"Educaci\u00f3n personalizada para adolescentes"},"content":{"rendered":"<p><body><\/p>\n<p><img decoding=\"async\" src=\"img3\/moda 3.jpg\" \/><br \/><img decoding=\"async\" src=\"img3\/moda 2.jpg\" \/>  <\/p>\n<p>Santo Domingo RD 10 febrero.-  El proceso de aprendizaje es una experiencia muy particular que implica diferentes formas y ritmos, partiendo adem\u00e1s de las capacidades y necesidades de cada estudiante.<\/p>\n<\/p>\n<p>En respuesta a este requerimiento, actualmente existe la alternativa de optar por un sistema de educaci\u00f3n personalizado el cual se maneja en grupos limitados de estudiantes, para que los facilitadores puedan conocer y darle seguimiento al progreso de cada alumno.<\/p>\n<\/p>\n<p>Esta modalidad aborda la individualidad para desarrollar de manera balanceada la parte acad\u00e9mica y la emocional, lo cual beneficia en la construcci\u00f3n de una autoestima sana.<\/p>\n<\/p>\n<p>\u00a8La formaci\u00f3n educativa de car\u00e1cter masiva pierde de vista las caracter\u00edsticas propias de cada alumno y le impone condiciones iguales para todos, lo cual violenta el perfil y la identidad de los estudiantes\u00a8, explic\u00f3 Alci Cruz Soto, experto en Educaci\u00f3n y Psicolog\u00eda Escolar.<\/p>\n<\/p>\n<p>En el caso espec\u00edfico de los adolescentes, la educaci\u00f3n personalizada es de mucha ayuda pues al tratarse de una etapa donde se est\u00e1 construyendo la identidad, educarse en este sistema les facilita conocerse a s\u00ed mismos en t\u00e9rminos de raz\u00f3n y emoci\u00f3n, as\u00ed como identificar sus fortalezas y aspectos a reforzar.<\/p>\n<\/p>\n<p>\u00a8En este sistema los padres caminan junto a sus hijos para guiarlos pero no para hacer lo que ellos pueden lograr por s\u00ed mismos, adem\u00e1s que reduce el temor de los padres a si su hijo se siente bien tratado en su ambiente escolar\u00a8, agreg\u00f3 Cruz Soto.<\/p>\n<\/p>\n<p>En el pa\u00eds, la Comunidad Educativa Conexus implementa la educaci\u00f3n personalizada para adolescentes, auxili\u00e1ndose de la tecnolog\u00eda, la cual se ha convertido en la aliada perfecta para lograr que no solo sea sencillo el proceso educativo, sino tambi\u00e9n interactivo y entretenido.<\/p>\n<\/p>\n<p><strong>Reto tecnol\u00f3gico<\/strong><\/p>\n<\/p>\n<p>En el aspecto laboral, social y educativo la tecnolog\u00eda ha impactado grandemente, generando importantes cambios, uno de estos ha sido la interacci\u00f3n del estudiante con los procesos acad\u00e9micos.<\/p>\n<\/p>\n<p>Aunque sin dudas esto tambi\u00e9n representa un desaf\u00edo para los facilitadores quienes deben darle un uso educativo, logrando que pase de ser entretenimiento a que sea arma de aprendizaje.<\/p>\n<\/p>\n<p>\u00a8El aprendizaje a trav\u00e9s de experiencias, la integraci\u00f3n de la tecnolog\u00eda, la promoci\u00f3n del desarrollo del pensamiento cr\u00edtico y la integraci\u00f3n de las distintas \u00e1reas del saber en proyectos que expongan al estudiante a analizar y resolver situaciones pr\u00e1cticas de la vida es la f\u00f3rmula que recomendamos para los adolescentes de estos tiempos\u00a8, agreg\u00f3 el experto.<\/p>\n<\/p>\n<p><strong>M\u00e1s sobre Alci Cruz Soto<\/strong><\/p>\n<\/p>\n<p>Alci Cruz Soto se form\u00f3 en la Universidad Cat\u00f3lica de Costa Rica realizando all\u00ed estudios en Ciencias de la Educaci\u00f3n y Psicolog\u00eda Escolar.<\/p>\n<\/p>\n<p>Realiz\u00f3 una especializaci\u00f3n en Desarrollo Humano y un M\u00e1ster Internacional en Coaching Profesional, avalado por la Asociaci\u00f3n Espa\u00f1ola de Coaching.<\/p>\n<\/p>\n<p>Actualmente es director de la Comunidad Educativa Conexus, la cual implementa un sistema personalizado de educaci\u00f3n respaldado en la tecnolog\u00eda.<\/p>\n<\/p>\n<h6> 2016-02-10 10:32:57 <\/h6>\n<p><!--\n<link rel=\"stylesheet\" href=\"css\/bootstrap.min.css\">\n\n\n<ul class=\"pagination\">\n\t    \n\t\n\n<li >\n\t<a href='?page_no=13740'>Previous<\/a>\n\t<\/li>\n\n\n       \n    \n\n<li><a href='?page_no=1'>1<\/a><\/li>\n\n\n\n<li><a href='?page_no=2'>2<\/a><\/li>\n\n\n\n<li><a>...<\/a><\/li>\n\n\n\n<li><a href='?page_no=13739'>13739<\/a><\/li>\n\n\n\n<li><a href='?page_no=13740'>13740<\/a><\/li>\n\n\n\n<li class='active'><a>13741<\/a><\/li>\n\n\n\n<li><a href='?page_no=13742'>13742<\/a><\/li>\n\n\n\n<li><a href='?page_no=13743'>13743<\/a><\/li>\n\n\n\n<li><a>...<\/a><\/li>\n\n\n\n<li><a href='?page_no=56169'>56169<\/a><\/li>\n\n\n\n<li><a href='?page_no=56170'>56170<\/a><\/li>\n\n    \n\t\n\n<li >\n\t<a href='?page_no=13742'>Next<\/a>\n\t<\/li>\n\n\n    \n\n<li><a href='?page_no=56170'>Last &rsaquo;&rsaquo;<\/a><\/li>\n\n<\/ul>\n\n\n--><br \/>\n<\/body><\/p>\n","protected":false},"excerpt":{"rendered":"<p>Santo Domingo RD 10 febrero.- El proceso de aprendizaje es una experiencia muy particular que implica diferentes formas y ritmos, partiendo adem\u00e1s de las capacidades y necesidades de cada estudiante. En respuesta a este requerimiento, actualmente existe la alternativa de optar por un sistema de educaci\u00f3n personalizado el cual se maneja en grupos limitados de [&hellip;]<\/p>\n","protected":false},"author":3,"featured_media":0,"comment_status":"open","ping_status":"open","sticky":false,"template":"","format":"standard","meta":{"footnotes":""},"categories":[20],"tags":[],"class_list":["post-219417","post","type-post","status-publish","format-standard","hentry","category-dominicana-hoy"],"_links":{"self":[{"href":"https:\/\/diariodominicano.com\/index.php?rest_route=\/wp\/v2\/posts\/219417","targetHints":{"allow":["GET"]}}],"collection":[{"href":"https:\/\/diariodominicano.com\/index.php?rest_route=\/wp\/v2\/posts"}],"about":[{"href":"https:\/\/diariodominicano.com\/index.php?rest_route=\/wp\/v2\/types\/post"}],"author":[{"embeddable":true,"href":"https:\/\/diariodominicano.com\/index.php?rest_route=\/wp\/v2\/users\/3"}],"replies":[{"embeddable":true,"href":"https:\/\/diariodominicano.com\/index.php?rest_route=%2Fwp%2Fv2%2Fcomments&post=219417"}],"version-history":[{"count":0,"href":"https:\/\/diariodominicano.com\/index.php?rest_route=\/wp\/v2\/posts\/219417\/revisions"}],"wp:attachment":[{"href":"https:\/\/diariodominicano.com\/index.php?rest_route=%2Fwp%2Fv2%2Fmedia&parent=219417"}],"wp:term":[{"taxonomy":"category","embeddable":true,"href":"https:\/\/diariodominicano.com\/index.php?rest_route=%2Fwp%2Fv2%2Fcategories&post=219417"},{"taxonomy":"post_tag","embeddable":true,"href":"https:\/\/diariodominicano.com\/index.php?rest_route=%2Fwp%2Fv2%2Ftags&post=219417"}],"curies":[{"name":"wp","href":"https:\/\/api.w.org\/{rel}","templated":true}]}}