{"id":219413,"date":"2016-02-10T13:04:17","date_gmt":"2016-02-10T13:04:17","guid":{"rendered":"http:\/\/diariodominicano.ddns.net\/?p=219413"},"modified":"2016-02-10T13:04:17","modified_gmt":"2016-02-10T13:04:17","slug":"servicio-nacional-de-salud-firma-contrato-con-promese","status":"publish","type":"post","link":"https:\/\/diariodominicano.com\/?p=219413","title":{"rendered":"&#13;Servicio Nacional de Salud firma contrato con promese"},"content":{"rendered":"<p><body><\/p>\n<p><img decoding=\"async\" src=\"img3\/prome 4.jpeg\" \/>  <\/p>\n<p>Santo Domingo RD 10 febrero.- El Servicio Nacional de Salud  (SNS) y el Programa de Medicamentos Esenciales Promese firmaron hoy un acuerdo para la adquisici\u00f3n de medicamentos, insumos y materiales de laboratorios para toda la red de salud p\u00fablica.<\/p>\n<\/p>\n<p>El acuerdo fue firmado entre el director de SNS, Ram\u00f3n Alvarado y la directora de Promese, Elena Fern\u00e1ndez, quienes explicaron que el objetivo es mejorar la disponibilidad y transparencia de los procesos de adquisici\u00f3n de los medicamentos e insumos sanitarios en todos los niveles de atenci\u00f3n.<\/p>\n<\/p>\n<p>Alvarado explic\u00f3 que el pacto forma parte del proceso de implementaci\u00f3n en el pa\u00eds del Sistema \u00danico de Medicamentos e Insumos (SUGEMI) para la compra conjunta de todos esos insumos.<\/p>\n<\/p>\n<p>\u00abCon esta programaci\u00f3n de medicamentos e insumos sanitarios y material de laboratorio se espera dar cobertura a la poblaci\u00f3n que requiere atenciones a la Red P\u00fablica de Servicios en diferentes niveles seg\u00fan las proyecciones realizadas\u00bb, expres\u00f3 Alvarado.<\/p>\n<\/p>\n<h6> 2016-02-10 13:04:17 <\/h6>\n<p><!--\n<link rel=\"stylesheet\" href=\"css\/bootstrap.min.css\">\n\n\n<ul class=\"pagination\">\n\t    \n\t\n\n<li >\n\t<a href='?page_no=13737'>Previous<\/a>\n\t<\/li>\n\n\n       \n    \n\n<li><a href='?page_no=1'>1<\/a><\/li>\n\n\n\n<li><a href='?page_no=2'>2<\/a><\/li>\n\n\n\n<li><a>...<\/a><\/li>\n\n\n\n<li><a href='?page_no=13736'>13736<\/a><\/li>\n\n\n\n<li><a href='?page_no=13737'>13737<\/a><\/li>\n\n\n\n<li class='active'><a>13738<\/a><\/li>\n\n\n\n<li><a href='?page_no=13739'>13739<\/a><\/li>\n\n\n\n<li><a href='?page_no=13740'>13740<\/a><\/li>\n\n\n\n<li><a>...<\/a><\/li>\n\n\n\n<li><a href='?page_no=56169'>56169<\/a><\/li>\n\n\n\n<li><a href='?page_no=56170'>56170<\/a><\/li>\n\n    \n\t\n\n<li >\n\t<a href='?page_no=13739'>Next<\/a>\n\t<\/li>\n\n\n    \n\n<li><a href='?page_no=56170'>Last &rsaquo;&rsaquo;<\/a><\/li>\n\n<\/ul>\n\n\n--><br \/>\n<\/body><\/p>\n","protected":false},"excerpt":{"rendered":"<p>Santo Domingo RD 10 febrero.- El Servicio Nacional de Salud (SNS) y el Programa de Medicamentos Esenciales Promese firmaron hoy un acuerdo para la adquisici\u00f3n de medicamentos, insumos y materiales de laboratorios para toda la red de salud p\u00fablica. El acuerdo fue firmado entre el director de SNS, Ram\u00f3n Alvarado y la directora de Promese, [&hellip;]<\/p>\n","protected":false},"author":3,"featured_media":0,"comment_status":"open","ping_status":"open","sticky":false,"template":"","format":"standard","meta":{"footnotes":""},"categories":[20],"tags":[],"class_list":["post-219413","post","type-post","status-publish","format-standard","hentry","category-dominicana-hoy"],"_links":{"self":[{"href":"https:\/\/diariodominicano.com\/index.php?rest_route=\/wp\/v2\/posts\/219413","targetHints":{"allow":["GET"]}}],"collection":[{"href":"https:\/\/diariodominicano.com\/index.php?rest_route=\/wp\/v2\/posts"}],"about":[{"href":"https:\/\/diariodominicano.com\/index.php?rest_route=\/wp\/v2\/types\/post"}],"author":[{"embeddable":true,"href":"https:\/\/diariodominicano.com\/index.php?rest_route=\/wp\/v2\/users\/3"}],"replies":[{"embeddable":true,"href":"https:\/\/diariodominicano.com\/index.php?rest_route=%2Fwp%2Fv2%2Fcomments&post=219413"}],"version-history":[{"count":0,"href":"https:\/\/diariodominicano.com\/index.php?rest_route=\/wp\/v2\/posts\/219413\/revisions"}],"wp:attachment":[{"href":"https:\/\/diariodominicano.com\/index.php?rest_route=%2Fwp%2Fv2%2Fmedia&parent=219413"}],"wp:term":[{"taxonomy":"category","embeddable":true,"href":"https:\/\/diariodominicano.com\/index.php?rest_route=%2Fwp%2Fv2%2Fcategories&post=219413"},{"taxonomy":"post_tag","embeddable":true,"href":"https:\/\/diariodominicano.com\/index.php?rest_route=%2Fwp%2Fv2%2Ftags&post=219413"}],"curies":[{"name":"wp","href":"https:\/\/api.w.org\/{rel}","templated":true}]}}