{"id":219411,"date":"2016-02-10T14:34:13","date_gmt":"2016-02-10T14:34:13","guid":{"rendered":"http:\/\/diariodominicano.ddns.net\/?p=219411"},"modified":"2016-02-10T14:34:13","modified_gmt":"2016-02-10T14:34:13","slug":"rodriguez-marchena-paro-convocado-por-ariel-suero-es-insensatez-contra-pobres-2","status":"publish","type":"post","link":"https:\/\/diariodominicano.com\/?p=219411","title":{"rendered":"Rodr\u00edguez Marchena: \u00abParo convocado por Ariel Suero es insensatez contra pobres\u00bb"},"content":{"rendered":"<p><body><\/p>\n<p><img decoding=\"async\" src=\"img3\/marchena.jpg\" \/>  <\/p>\n<p><span class=\"text1noticias\">Santo Domingo, RD, 10 de febrero.-El portavoz del Gobierno, Roberto Rodr\u00edguez Marchena, calific\u00f3 como una insensatez el llamado a huelga en los hospitales p\u00fablicos convocado por el presidente del Colegio M\u00e9dico Dominicano (CMD), Waldo Ariel Suero.<\/span><\/p>\n<p><span class=\"text1noticias\"> <\/span><\/p>\n<p><span class=\"text1noticias\">Lament\u00f3 que por tratar de lograr objetivos de un sector de la poblaci\u00f3n, se perjudique a la totalidad de las personas pobres del pa\u00eds, motivo por el cual Waldo Ariel Suero se ha ganado el rechazo de los ciudadanos y ciudadanas.<\/span><\/p>\n<p><span class=\"text1noticias\"> <\/span><\/p>\n<p><span class=\"text1noticias\">\u00abCuando \u00e9l dice que va a haber guerra, le est\u00e1 declarando la guerra a los dominicanos y dominicanas m\u00e1s pobres, que cuando van a los hospitales p\u00fablicos y est\u00e1n paralizados no pueden ser atendidos\u00bb.<\/span><\/p>\n<p><span class=\"text1noticias\"> <\/span><\/p>\n<p><span class=\"text1noticias\"><strong>Huelga tiene trasfondo pol\u00edtico<\/strong><\/span><\/p>\n<\/p>\n<p><span class=\"text1noticias\">Precis\u00f3 que el paro de labores en los hospitales p\u00fablicos convocado por el presidente del CMD tiene trasfondo pol\u00edtico. Explic\u00f3 que Suero es dirigente del Partido Reformista Social Cristiano (PRSC), organizaci\u00f3n vinculada al Partido Revolucionario Moderno (PRM). \u00abParece ser que ese es su aporte a la campa\u00f1a de Luis Abinader\u00bb.<\/span><\/p>\n<p><span class=\"text1noticias\"> <\/span><\/p>\n<p><span class=\"text1noticias\">El tambi\u00e9n director general de Comunicaci\u00f3n de la Presidencia, valor\u00f3 como absurdo el reclamo de Suero de asignar el 5% del Producto Interno Bruto al sector salud, sin establecer las fuentes para obtener esos recursos.<\/span><\/p>\n<p><span class=\"text1noticias\"> <\/span><\/p>\n<p><span class=\"text1noticias\"><strong>Avances del sector salud <\/strong><\/span><\/p>\n<\/p>\n<p><span class=\"text1noticias\">Destac\u00f3, adem\u00e1s, la mejor\u00eda que ha experimentado el sector salud durante esta gesti\u00f3n de Gobierno para beneficio de los m\u00e1s pobres.<\/span><\/p>\n<p><span class=\"text1noticias\"> <\/span><\/p>\n<p><span class=\"text1noticias\">En ese orden, detall\u00f3 que se hallan en proceso de remodelaci\u00f3n 56 hospitales, se ha eliminado de la cuota de recuperaci\u00f3n y se ha centralizado la compra de medicamentos e insumos en el Programa de Medicamentos Esenciales (PROMESE), lo que le permiti\u00f3 el ahorro de RD$1,200 millones de pesos.<\/span><\/p>\n<p><span class=\"text1noticias\"> <\/span><\/p>\n<p><span class=\"text1noticias\">De igual modo, destac\u00f3 que se concluyen 50 Centros Cl\u00ednicos de Diagn\u00f3stico y Atenci\u00f3n Primaria en todo el pa\u00eds, el 92% de la poblaci\u00f3n pobre, es decir 3.2 millones de personas, est\u00e1n afiliadas al Seguro Nacional de Salud (SENASA), incluyendo 14 mil trabajadoras dom\u00e9sticas y sus dependientes. Detalles aqu\u00ed http:\/\/bit.ly\/1o3wZUM.<\/span><\/p>\n<p><span class=\"text1noticias\"> <\/span><\/p>\n<p><span class=\"text1noticias\"><strong>Abinader es c\u00f3mplice<\/strong><\/span><\/p>\n<\/p>\n<p><span class=\"text1noticias\">Al ser entrevistado por Miguel \u00c1ngel N\u00fa\u00f1ez y Guillermo Tejeda, en el programa Resumen Matinal, que se transmite por el canal 25, Rodr\u00edguez Marchena manifest\u00f3 que Abinader es, por omisi\u00f3n e indiferencia, c\u00f3mplice de Suero.<\/span><\/p>\n<p><span class=\"text1noticias\"> <\/span><\/p>\n<p><span class=\"text1noticias\">Falta de cari\u00f1o por los m\u00e1s pobres<\/span><\/p>\n<p><span class=\"text1noticias\">En ese contexto, conden\u00f3 la falta de preocupaci\u00f3n del candidato presidencial del  PRM por los m\u00e1s pobres del pa\u00eds. \u00abSi Abinader tuviera esa sensibilidad, habr\u00eda hecho una declaraci\u00f3n contundente contra esa huelga\u00bb.<\/span><\/p>\n<p><span class=\"text1noticias\"> <\/span><\/p>\n<p><span class=\"text1noticias\">Igualmente, manifest\u00f3 que la postura de Abinader contra las Visitas Sorpresa, la Jornada Escolar Extendida, la democratizaci\u00f3n del cr\u00e9dito, son otras evidencias de que no siente cari\u00f1o por los hombres y mujeres pobres de nuestro pa\u00eds.<\/span><\/p>\n<p><span class=\"text1noticias\"> <\/span><\/p>\n<p><span class=\"text1noticias\"><strong>Denuncias oposici\u00f3n son reacci\u00f3n ante movilizaciones del Pueblo <\/strong><\/span><\/p>\n<\/p>\n<p><span class=\"text1noticias\">Sobre las denuncias de la oposici\u00f3n en torno a un supuesto uso de recursos del Estado en la campa\u00f1a electoral, el portavoz del Gobierno las calific\u00f3 como reacciones a la movilizaci\u00f3n de decenas de miles de personas de los pueblos de alrededor del Lago Enriquillo, Barahona, San Crist\u00f3bal, Peravia y Azua, el pasado fin de semana, para defender las conquistas que han obtenido durante esta gesti\u00f3n de Gobierno.<\/span><\/p>\n<p><span class=\"text1noticias\"> <\/span><\/p>\n<p><span class=\"text1noticias\">De igual modo, a las demostraciones de afecto entre la gente y el presidente Danilo Medina.<\/span><\/p>\n<p><span class=\"text1noticias\"> <\/span><\/p>\n<p><span class=\"text1noticias\">\u00abLa gente est\u00e1 movilizada y entusiasmada, decidida a que contin\u00faen la Jornada Escolar Extendida, las pol\u00edticas de salud, la democratizaci\u00f3n del cr\u00e9dito, las Visitas Sorpresa y el Plan Nacional de Alfabetizaci\u00f3n Quisqueya Aprende Contigo.\u00bb<\/span><\/p>\n<p><span class=\"text1noticias\"><strong> <\/strong><\/span><\/p>\n<p><span class=\"text1noticias\"><strong>Posici\u00f3n del MIREX sobre informe representa sentir de los dominicanos <\/strong><\/span><\/p>\n<\/p>\n<p><span class=\"text1noticias\">El portavoz del Gobierno ponder\u00f3 de manera positiva la posici\u00f3n fijada por el Ministerio de Relaciones Exteriores (MIREX) sobre el informe emitido por la Comisi\u00f3n Interamericana de los Derechos Humanos (CIDH) sobre la situaci\u00f3n de los derechos humanos en el pa\u00eds.<\/span><\/p>\n<p><span class=\"text1noticias\"> <\/span><\/p>\n<p><span class=\"text1noticias\">\u00abLa posici\u00f3n del Ministerio de Relaciones Exteriores es absolutamente correcta y representa el sentir de todos los dominicanos y dominicanas\u00bb.<\/span><\/p>\n<p><span class=\"text1noticias\"> <\/span><\/p>\n<p><span class=\"text1noticias\">Explic\u00f3 que las informaciones vertidas en el informe de la CIDH, son inexactas, absurdas y obsoletas, pues el documento fue realizado a partir de una visita a Rep\u00fablica Dominicana en el a\u00f1o 2013.<\/span><\/p>\n<p><span class=\"text1noticias\"> <\/span><\/p>\n<p><span class=\"text1noticias\">Dijo que el proceso de regularizaci\u00f3n de los extranjeros en condici\u00f3n migratoria irregular se desarroll\u00f3 con suma humanidad y respeto a los derechos humanos. \u00abEn ning\u00fan momento se atropell\u00f3 a ning\u00fan ciudadano extranjero\u00bb.<\/span><\/p>\n<p><span class=\"text1noticias\"> <\/span><\/p>\n<p><span class=\"text1noticias\">En ese sentido, record\u00f3 la carta de renuncia del exembajador de Hait\u00ed en el pa\u00eds, Daniel Supplice, en la que destacaba la generosidad del Gobierno dominicano y que pusimos al servicio del Gobierno haitiano, equipos tecnol\u00f3gicos para facilitar la regularizaci\u00f3n de sus ciudadanos y ciudadanas. Inclusive, se acogieron personas cuyos documentos estaban en tr\u00e1mite.<\/span><\/p>\n<p><span class=\"text1noticias\"> <\/span><\/p>\n<p><span class=\"text1noticias\">Se\u00f1al\u00f3 que la Rep\u00fablica Dominicana es un caso mod\u00e9lico en el mundo. \u00abDistintos pol\u00edticos que han conocido la experiencia se han referido a esta en t\u00e9rminos favorables\u00bb.<\/span><\/p>\n<p><span class=\"text1noticias\"> <\/span><\/p>\n<p><span class=\"text1noticias\">Afirm\u00f3 que pese a ser un pa\u00eds muy peque\u00f1o y con pocos recursos, la Rep\u00fablica Dominicana logr\u00f3 documentar a m\u00e1s de 200 mil extranjeros en condici\u00f3n migratoria irregular. \u00abPero sobre todo, el Estado dominicano sabe qui\u00e9nes son y donde est\u00e1n, que es algo elemental\u00bb.<\/span><\/p>\n<p><span class=\"text1noticias\"> <\/span><\/p>\n<p><span class=\"text1noticias\">Expres\u00f3 que el pa\u00eds debe seguir con su pol\u00edtica migratoria, porque ya se volvi\u00f3 a una situaci\u00f3n de normalidad. Dijo que se estableci\u00f3 un periodo de 18 meses para que los extranjeros en condici\u00f3n migratoria irregular se acogieran al Plan.<\/span><\/p>\n<p><span class=\"text1noticias\"> <\/span><\/p>\n<p><span class=\"text1noticias\">\u00abVolvemos a la normalidad anterior, que rigen plenamente las leyes migratorias. El extranjero que ingrese a nuestro territorio tiene que portar la documentaci\u00f3n, tiene que tener una visa, porque somos un Estado organizado y soberano\u00bb.<\/span><\/p>\n<p><span class=\"text1noticias\"><strong> <\/strong><\/span><\/p>\n<p><span class=\"text1noticias\"><strong>Reconocimiento a Vargas Llosa es debate cerrado<\/strong><\/span><\/p>\n<\/p>\n<p><span class=\"text1noticias\">Al ser cuestionado sobre la elecci\u00f3n del escritor Mario Vargas Llosa como ganador del premio Internacional Pedro Henr\u00edquez Ure\u00f1a, Rodr\u00edguez Marchena manifest\u00f3 que para el Gobierno es un debate cerrado y reiter\u00f3 que fue una imprudencia pol\u00edtica.<\/span><\/p>\n<p><span class=\"text1noticias\"> <\/span><\/p>\n<p><span class=\"text1noticias\">Precis\u00f3 que tanto el ministro de la Presidencia, Gustavo Montalvo, como la vicepresidenta de la Rep\u00fablica, Margarita Cede\u00f1o, consideraron imprudente e inapropiado reconocer a alguien que ha irrespetado la naci\u00f3n y al pueblo dominicano<\/span>.<\/p>\n<h6> 2016-02-10 14:34:13 <\/h6>\n<p><!--\n<link rel=\"stylesheet\" href=\"css\/bootstrap.min.css\">\n\n\n<ul class=\"pagination\">\n\t    \n\t\n\n<li >\n\t<a href='?page_no=13735'>Previous<\/a>\n\t<\/li>\n\n\n       \n    \n\n<li><a href='?page_no=1'>1<\/a><\/li>\n\n\n\n<li><a href='?page_no=2'>2<\/a><\/li>\n\n\n\n<li><a>...<\/a><\/li>\n\n\n\n<li><a href='?page_no=13734'>13734<\/a><\/li>\n\n\n\n<li><a href='?page_no=13735'>13735<\/a><\/li>\n\n\n\n<li class='active'><a>13736<\/a><\/li>\n\n\n\n<li><a href='?page_no=13737'>13737<\/a><\/li>\n\n\n\n<li><a href='?page_no=13738'>13738<\/a><\/li>\n\n\n\n<li><a>...<\/a><\/li>\n\n\n\n<li><a href='?page_no=56169'>56169<\/a><\/li>\n\n\n\n<li><a href='?page_no=56170'>56170<\/a><\/li>\n\n    \n\t\n\n<li >\n\t<a href='?page_no=13737'>Next<\/a>\n\t<\/li>\n\n\n    \n\n<li><a href='?page_no=56170'>Last &rsaquo;&rsaquo;<\/a><\/li>\n\n<\/ul>\n\n\n--><br \/>\n<\/body><\/p>\n","protected":false},"excerpt":{"rendered":"<p>Santo Domingo, RD, 10 de febrero.-El portavoz del Gobierno, Roberto Rodr\u00edguez Marchena, calific\u00f3 como una insensatez el llamado a huelga en los hospitales p\u00fablicos convocado por el presidente del Colegio M\u00e9dico Dominicano (CMD), Waldo Ariel Suero. Lament\u00f3 que por tratar de lograr objetivos de un sector de la poblaci\u00f3n, se perjudique a la totalidad de [&hellip;]<\/p>\n","protected":false},"author":3,"featured_media":0,"comment_status":"open","ping_status":"open","sticky":false,"template":"","format":"standard","meta":{"footnotes":""},"categories":[20],"tags":[],"class_list":["post-219411","post","type-post","status-publish","format-standard","hentry","category-dominicana-hoy"],"_links":{"self":[{"href":"https:\/\/diariodominicano.com\/index.php?rest_route=\/wp\/v2\/posts\/219411","targetHints":{"allow":["GET"]}}],"collection":[{"href":"https:\/\/diariodominicano.com\/index.php?rest_route=\/wp\/v2\/posts"}],"about":[{"href":"https:\/\/diariodominicano.com\/index.php?rest_route=\/wp\/v2\/types\/post"}],"author":[{"embeddable":true,"href":"https:\/\/diariodominicano.com\/index.php?rest_route=\/wp\/v2\/users\/3"}],"replies":[{"embeddable":true,"href":"https:\/\/diariodominicano.com\/index.php?rest_route=%2Fwp%2Fv2%2Fcomments&post=219411"}],"version-history":[{"count":0,"href":"https:\/\/diariodominicano.com\/index.php?rest_route=\/wp\/v2\/posts\/219411\/revisions"}],"wp:attachment":[{"href":"https:\/\/diariodominicano.com\/index.php?rest_route=%2Fwp%2Fv2%2Fmedia&parent=219411"}],"wp:term":[{"taxonomy":"category","embeddable":true,"href":"https:\/\/diariodominicano.com\/index.php?rest_route=%2Fwp%2Fv2%2Fcategories&post=219411"},{"taxonomy":"post_tag","embeddable":true,"href":"https:\/\/diariodominicano.com\/index.php?rest_route=%2Fwp%2Fv2%2Ftags&post=219411"}],"curies":[{"name":"wp","href":"https:\/\/api.w.org\/{rel}","templated":true}]}}