{"id":219410,"date":"2016-02-10T14:44:52","date_gmt":"2016-02-10T14:44:52","guid":{"rendered":"http:\/\/diariodominicano.ddns.net\/?p=219410"},"modified":"2016-02-10T14:44:52","modified_gmt":"2016-02-10T14:44:52","slug":"amet-pone-en-marcha-campana-para-orientar-peatones-y-conductores","status":"publish","type":"post","link":"https:\/\/diariodominicano.com\/?p=219410","title":{"rendered":"AMET pone en marcha campa\u00f1a para orientar peatones y conductores"},"content":{"rendered":"<p><body><\/p>\n<p><img decoding=\"async\" src=\"img3\/ameteducacion.jpg\" \/>  <\/p>\n<p><span class=\"text1noticias\">Santo Domingo, RD, 10 de febrero.-La Autoridad Metropolitana de Transporte (AMET) puso en marcha esta semana un programa de educaci\u00f3n vial dirigido a peatones y choferes, con el objetivo de educarlos, sensibilizarlos y concientizarlos sobre la importancia de cumplir las normas de tr\u00e1nsito para evitar sufrir accidentes lamentables.<\/span><\/p>\n<\/p>\n<p><span class=\"text1noticias\">La iniciativa tiene como meta, en una primera etapa, impactar a m\u00e1s de 100 mil peatones y conductores, con la entrega de volantes informativos y charlas de orientaci\u00f3n.<\/span><\/p>\n<\/p>\n<p><span class=\"text1noticias\">\u00abLa presente campa\u00f1a educativa dirigida a la \u00abeducaci\u00f3n vial de peatones y choferes es uno de los componentes que sustentar\u00e1 el proyecto denominado seguridad vial que busca llegar al universo de usuarios de la red vial mediante una campa\u00f1a educativa escrita, verbal y audiovisual que incida en aumentar la seguridad al transitar sobre el espacio p\u00fablico a partir de mejoras en el comportamiento de los ciudadanos\u00bb, precis\u00f3 la AMET.<\/span><\/p>\n<\/p>\n<p><span class=\"text1noticias\">Precis\u00f3 que se procura lograr una interacci\u00f3n m\u00e1s segura y de mayor armon\u00eda en la v\u00eda p\u00fablica, con el objetivo de hacer la diferencia entre un viaje seguro o un accidente de tr\u00e1nsito que ponga en riesgo la seguridad f\u00edsica propia y\/o de otros ciudadanos.<\/span><\/p>\n<\/p>\n<p><span class=\"text1noticias\">\u00abSeg\u00fan estad\u00edsticas en el a\u00f1o 2015 se registraron 327 muertes de peatones por atropellamientos y 1,114 accidentados\u00bb, dijo.<\/span><\/p>\n<\/p>\n<p><span class=\"text1noticias\">La AMET precis\u00f3 que la conducta de cumplimiento a las normas de tr\u00e1nsito y los valores de respeto y cortes\u00eda al ceder el paso, aporta a la seguridad f\u00edsica de los ciudadanos, sus bienes y contribuyen a mejorar el flujo de veh\u00edculos de manera considerable.<\/span><\/p>\n<\/p>\n<p><span class=\"text1noticias\">La presente campa\u00f1a educativa dirigida a la educaci\u00f3n vial de peatones y choferes es uno de los componentes que sustentar\u00e1 el proyecto denominado \u00abseguridad vial\u00bb que busca llegar al universo de usuarios de la red vial mediante una campa\u00f1a educativa escrita, verbal y audiovisual.<\/span><\/p>\n<\/p>\n<p><span class=\"text1noticias\">\u00abQueremos aumentar la seguridad al transitar por calles y avenidas a partir de mejoras en el comportamiento de los ciudadanos\u00bb, dijo.<\/span><\/p>\n<\/p>\n<p><span class=\"text1noticias\">La campa\u00f1a es realizada en las intersecciones y puntos de mayor interacci\u00f3n entre peatones y conductores del transporte p\u00fablico.<\/span><\/p>\n<\/p>\n<p><span class=\"text1noticias\"> La misma  ser\u00e1 proyectada inicialmente en el Distrito Nacional, para luego extenderla en una segunda etapa en el Gran Santo Domingo y todo el pa\u00eds.<\/span><\/p>\n<\/p>\n<p><strong><span class=\"text1noticias\">Iniciativa<\/span><\/strong><\/p>\n<\/p>\n<p><span class=\"text1noticias\">A la iniciativa han sido incorporados j\u00f3venes de educaci\u00f3n media de diferentes centros educativos que cumplir\u00e1n las 60 horas de servicios comunitarios escolares, quienes tendr\u00e1n la responsabilidad de interactuar con los ciudadanos para educar y orientar de manera verbal sobre la campa\u00f1a<\/span>. <\/p>\n<h6> 2016-02-10 14:44:52 <\/h6>\n<p><!--\n<link rel=\"stylesheet\" href=\"css\/bootstrap.min.css\">\n\n\n<ul class=\"pagination\">\n\t    \n\t\n\n<li >\n\t<a href='?page_no=13734'>Previous<\/a>\n\t<\/li>\n\n\n       \n    \n\n<li><a href='?page_no=1'>1<\/a><\/li>\n\n\n\n<li><a href='?page_no=2'>2<\/a><\/li>\n\n\n\n<li><a>...<\/a><\/li>\n\n\n\n<li><a href='?page_no=13733'>13733<\/a><\/li>\n\n\n\n<li><a href='?page_no=13734'>13734<\/a><\/li>\n\n\n\n<li class='active'><a>13735<\/a><\/li>\n\n\n\n<li><a href='?page_no=13736'>13736<\/a><\/li>\n\n\n\n<li><a href='?page_no=13737'>13737<\/a><\/li>\n\n\n\n<li><a>...<\/a><\/li>\n\n\n\n<li><a href='?page_no=56169'>56169<\/a><\/li>\n\n\n\n<li><a href='?page_no=56170'>56170<\/a><\/li>\n\n    \n\t\n\n<li >\n\t<a href='?page_no=13736'>Next<\/a>\n\t<\/li>\n\n\n    \n\n<li><a href='?page_no=56170'>Last &rsaquo;&rsaquo;<\/a><\/li>\n\n<\/ul>\n\n\n--><br \/>\n<\/body><\/p>\n","protected":false},"excerpt":{"rendered":"<p>Santo Domingo, RD, 10 de febrero.-La Autoridad Metropolitana de Transporte (AMET) puso en marcha esta semana un programa de educaci\u00f3n vial dirigido a peatones y choferes, con el objetivo de educarlos, sensibilizarlos y concientizarlos sobre la importancia de cumplir las normas de tr\u00e1nsito para evitar sufrir accidentes lamentables. La iniciativa tiene como meta, en una [&hellip;]<\/p>\n","protected":false},"author":3,"featured_media":0,"comment_status":"open","ping_status":"open","sticky":false,"template":"","format":"standard","meta":{"footnotes":""},"categories":[20],"tags":[],"class_list":["post-219410","post","type-post","status-publish","format-standard","hentry","category-dominicana-hoy"],"_links":{"self":[{"href":"https:\/\/diariodominicano.com\/index.php?rest_route=\/wp\/v2\/posts\/219410","targetHints":{"allow":["GET"]}}],"collection":[{"href":"https:\/\/diariodominicano.com\/index.php?rest_route=\/wp\/v2\/posts"}],"about":[{"href":"https:\/\/diariodominicano.com\/index.php?rest_route=\/wp\/v2\/types\/post"}],"author":[{"embeddable":true,"href":"https:\/\/diariodominicano.com\/index.php?rest_route=\/wp\/v2\/users\/3"}],"replies":[{"embeddable":true,"href":"https:\/\/diariodominicano.com\/index.php?rest_route=%2Fwp%2Fv2%2Fcomments&post=219410"}],"version-history":[{"count":0,"href":"https:\/\/diariodominicano.com\/index.php?rest_route=\/wp\/v2\/posts\/219410\/revisions"}],"wp:attachment":[{"href":"https:\/\/diariodominicano.com\/index.php?rest_route=%2Fwp%2Fv2%2Fmedia&parent=219410"}],"wp:term":[{"taxonomy":"category","embeddable":true,"href":"https:\/\/diariodominicano.com\/index.php?rest_route=%2Fwp%2Fv2%2Fcategories&post=219410"},{"taxonomy":"post_tag","embeddable":true,"href":"https:\/\/diariodominicano.com\/index.php?rest_route=%2Fwp%2Fv2%2Ftags&post=219410"}],"curies":[{"name":"wp","href":"https:\/\/api.w.org\/{rel}","templated":true}]}}