{"id":219409,"date":"2016-02-10T16:11:01","date_gmt":"2016-02-10T16:11:01","guid":{"rendered":"http:\/\/diariodominicano.ddns.net\/?p=219409"},"modified":"2016-02-10T16:11:01","modified_gmt":"2016-02-10T16:11:01","slug":"ong-amo-dominicana-envia-propuesta-al-gobierno-sobre-el-index","status":"publish","type":"post","link":"https:\/\/diariodominicano.com\/?p=219409","title":{"rendered":"ONG Amo Dominicana env\u00eda propuesta al Gobierno sobre el INDEX"},"content":{"rendered":"<p><body><\/p>\n<p><img decoding=\"async\" src=\"img3\/seguraamo.jpg\" \/>  <\/p>\n<p><strong><span class=\"text1noticias\">Por Olga Capell\u00e1n<\/span><\/strong><\/p>\n<\/p>\n<p><span class=\"text1noticias\">MADRID, Espa\u00f1a, 10 de Febrero.- El presidente de la ONG Amo Dominicana, dijo sentir preocupaci\u00f3n por la situaci\u00f3n que actualmente atraviesan sus conciudadanos residentes en Europa, es por ello su propuesta ante la puesta en funcionamiento del Instituto del Dominicano en el Exterior (INDEX), siendo en Espa\u00f1a donde se abrir\u00e1n sus primeras oficinas en Europa, que de acuerdo a informaciones tendr\u00e1n inicio en el mes de Marzo pr\u00f3ximo.<\/span><\/p>\n<\/p>\n<p><span class=\"text1noticias\">Ingeniero Frank Segura entiende que la puesta en funcionamiento del INDEX, este debe ser una entidad abierta y equitativa para todo el colectivo dominicano en Europa, sin importar el tipo de simpat\u00eda pol\u00edtica o religiosa que profese cada ciudadano.<\/span><\/p>\n<\/p>\n<p><span class=\"text1noticias\">Signific\u00f3 el presidente de Amo Dominicana que el INDEX debe forjarse sobre ejes de actuaciones concretos y que priorice: 1ro. Un seguro de repatriaci\u00f3n, que brinde cobertura a todos los dominicanos, y as\u00ed evitar el drama producido cada vez que fallece un dominicano fuera de su patria, sobre todo en el Viejo Continente movido a la falta de recursos y falta de promoci\u00f3n.<\/span><\/p>\n<\/p>\n<p><span class=\"text1noticias\">2do. El retorno digno que merece cada ciudadano, incluyendo a aquellos carentes de recursos econ\u00f3micos, adem\u00e1s para los que deseen invertir en el pa\u00eds alg\u00fan recurso; a trav\u00e9s de la creaci\u00f3n de negocios o en inmuebles personales.<\/span><\/p>\n<\/p>\n<p><span class=\"text1noticias\">De igual manera, Segura dijo adem\u00e1s que se deben realizar proyectos que potencien la integraci\u00f3n social del colectivo en los pa\u00edses receptores, mediante al deporte, promoci\u00f3n de la cultura nacional y sobre todo, darle asistencia jur\u00eddica obligatoria a quienes la necesiten, as\u00ed como la orientaci\u00f3n y acompa\u00f1amiento a las asociaciones, emprendedores y empresarios dominicanos para fortalecer sus actividades.<\/span><\/p>\n<\/p>\n<p><span class=\"text1noticias\">Es importante solicitar una bolsa de empleos de \u00e1mbito europeo que viabilice la movilidad de los dominicanos a pa\u00edses en donde se tenga mayor facilidad de inserci\u00f3n al mercado laboral, se\u00f1al\u00f3 el Ing. Segura.<\/span><\/p>\n<\/p>\n<p><span class=\"text1noticias\">Por \u00faltimo, el presidente de la ONG Amo Dominicana, puntualiz\u00f3 la importancia que tiene el vincular a la di\u00e1spora con las metas de desarrollo de la Rep\u00fablica Dominicana, articulando proyectos en conjunto con los Ministerios de Exterior, Turismo, Cultura y el CEI-RD que hagan part\u00edcipes al colectivo, en materia de promoci\u00f3n tur\u00edstica y de captaci\u00f3n de inversi\u00f3n extranjera; donde cada entidad y cada dominicano en el exterior se convierta en portavoz, y promotor de su pa\u00eds<\/span>.<\/p>\n<h6> 2016-02-10 16:11:01 <\/h6>\n<p><!--\n<link rel=\"stylesheet\" href=\"css\/bootstrap.min.css\">\n\n\n<ul class=\"pagination\">\n\t    \n\t\n\n<li >\n\t<a href='?page_no=13733'>Previous<\/a>\n\t<\/li>\n\n\n       \n    \n\n<li><a href='?page_no=1'>1<\/a><\/li>\n\n\n\n<li><a href='?page_no=2'>2<\/a><\/li>\n\n\n\n<li><a>...<\/a><\/li>\n\n\n\n<li><a href='?page_no=13732'>13732<\/a><\/li>\n\n\n\n<li><a href='?page_no=13733'>13733<\/a><\/li>\n\n\n\n<li class='active'><a>13734<\/a><\/li>\n\n\n\n<li><a href='?page_no=13735'>13735<\/a><\/li>\n\n\n\n<li><a href='?page_no=13736'>13736<\/a><\/li>\n\n\n\n<li><a>...<\/a><\/li>\n\n\n\n<li><a href='?page_no=56169'>56169<\/a><\/li>\n\n\n\n<li><a href='?page_no=56170'>56170<\/a><\/li>\n\n    \n\t\n\n<li >\n\t<a href='?page_no=13735'>Next<\/a>\n\t<\/li>\n\n\n    \n\n<li><a href='?page_no=56170'>Last &rsaquo;&rsaquo;<\/a><\/li>\n\n<\/ul>\n\n\n--><br \/>\n<\/body><\/p>\n","protected":false},"excerpt":{"rendered":"<p>Por Olga Capell\u00e1n MADRID, Espa\u00f1a, 10 de Febrero.- El presidente de la ONG Amo Dominicana, dijo sentir preocupaci\u00f3n por la situaci\u00f3n que actualmente atraviesan sus conciudadanos residentes en Europa, es por ello su propuesta ante la puesta en funcionamiento del Instituto del Dominicano en el Exterior (INDEX), siendo en Espa\u00f1a donde se abrir\u00e1n sus primeras [&hellip;]<\/p>\n","protected":false},"author":3,"featured_media":0,"comment_status":"open","ping_status":"open","sticky":false,"template":"","format":"standard","meta":{"footnotes":""},"categories":[20],"tags":[],"class_list":["post-219409","post","type-post","status-publish","format-standard","hentry","category-dominicana-hoy"],"_links":{"self":[{"href":"https:\/\/diariodominicano.com\/index.php?rest_route=\/wp\/v2\/posts\/219409","targetHints":{"allow":["GET"]}}],"collection":[{"href":"https:\/\/diariodominicano.com\/index.php?rest_route=\/wp\/v2\/posts"}],"about":[{"href":"https:\/\/diariodominicano.com\/index.php?rest_route=\/wp\/v2\/types\/post"}],"author":[{"embeddable":true,"href":"https:\/\/diariodominicano.com\/index.php?rest_route=\/wp\/v2\/users\/3"}],"replies":[{"embeddable":true,"href":"https:\/\/diariodominicano.com\/index.php?rest_route=%2Fwp%2Fv2%2Fcomments&post=219409"}],"version-history":[{"count":0,"href":"https:\/\/diariodominicano.com\/index.php?rest_route=\/wp\/v2\/posts\/219409\/revisions"}],"wp:attachment":[{"href":"https:\/\/diariodominicano.com\/index.php?rest_route=%2Fwp%2Fv2%2Fmedia&parent=219409"}],"wp:term":[{"taxonomy":"category","embeddable":true,"href":"https:\/\/diariodominicano.com\/index.php?rest_route=%2Fwp%2Fv2%2Fcategories&post=219409"},{"taxonomy":"post_tag","embeddable":true,"href":"https:\/\/diariodominicano.com\/index.php?rest_route=%2Fwp%2Fv2%2Ftags&post=219409"}],"curies":[{"name":"wp","href":"https:\/\/api.w.org\/{rel}","templated":true}]}}