{"id":219408,"date":"2016-02-10T17:49:04","date_gmt":"2016-02-10T17:49:04","guid":{"rendered":"http:\/\/diariodominicano.ddns.net\/?p=219408"},"modified":"2016-02-10T17:49:04","modified_gmt":"2016-02-10T17:49:04","slug":"danilo-medina-se-solidariza-con-presidente-y-pueblo-de-taiwan-por-el-terremoto","status":"publish","type":"post","link":"https:\/\/diariodominicano.com\/?p=219408","title":{"rendered":"Danilo Medina se solidariza con Presidente y pueblo de Taiw\u00e1n por el terremoto"},"content":{"rendered":"<p><body><\/p>\n<p><img decoding=\"async\" src=\"img3\/danilo.jpg\" \/>  <\/p>\n<p><span class=\"text1noticias\">Santo Domingo, RD, 10 de febrero.-El presidente Danilo  Medina se solidariz\u00f3 con su hom\u00f3logo de la Rep\u00fablica China Taiw\u00e1n, Ma Ying-jeou ante la tragedia del terremoto que afect\u00f3 recientemente el Sur de su pa\u00eds.<\/span><\/p>\n<\/p>\n<p><span class=\"text1noticias\">\u00abReciba las sinceras manifestaciones de solidaridad que hacemos llegar a usted en nombre del Gobierno y del pueblo de la Rep\u00fablica Dominicana, y en el m\u00edo propio, debido a la tragedia generada por el terremoto de magnitud 6,4 grados que afect\u00f3 el Sur de su pa\u00eds, con saldo de un n\u00famero indeterminado de muertos, desaparecidos y heridos\u00bb, destac\u00f3 Danilo Medina en carta dirigida a trav\u00e9s del Ministerio de Relaciones Exteriores.<\/span><\/p>\n<\/p>\n<p><span class=\"text1noticias\">El Jefe de Estado record\u00f3 que el sismo afect\u00f3 principalmente la ciudad de Tainan, donde brigadas de rescatistas trabajan en la b\u00fasqueda de v\u00edctimas, en un edificio residencial habitado por numerosas familias, colapsado por el siniestro.<\/span><\/p>\n<\/p>\n<p><span class=\"text1noticias\">\u00abAnte tan triste situaci\u00f3n, ocurrida en v\u00edspera del A\u00f1o Nuevo chino, deseamos expresar al Gobierno y al pueblo taiwan\u00e9s en general y, de manera especial, a los familiares de las v\u00edctimas y a todas las personas afectadas por el fen\u00f3meno natural, nuestros sentimientos de profundo pesar, en estos angustiosos momentos\u00bb.<\/span><\/p>\n<\/p>\n<p><span class=\"text1noticias\">El presidente Danilo Medina reiter\u00f3 su sincera amistad y solidaridad<\/span>.<\/p>\n<h6> 2016-02-10 17:49:04 <\/h6>\n<p><!--\n<link rel=\"stylesheet\" href=\"css\/bootstrap.min.css\">\n\n\n<ul class=\"pagination\">\n\t    \n\t\n\n<li >\n\t<a href='?page_no=13732'>Previous<\/a>\n\t<\/li>\n\n\n       \n    \n\n<li><a href='?page_no=1'>1<\/a><\/li>\n\n\n\n<li><a href='?page_no=2'>2<\/a><\/li>\n\n\n\n<li><a>...<\/a><\/li>\n\n\n\n<li><a href='?page_no=13731'>13731<\/a><\/li>\n\n\n\n<li><a href='?page_no=13732'>13732<\/a><\/li>\n\n\n\n<li class='active'><a>13733<\/a><\/li>\n\n\n\n<li><a href='?page_no=13734'>13734<\/a><\/li>\n\n\n\n<li><a href='?page_no=13735'>13735<\/a><\/li>\n\n\n\n<li><a>...<\/a><\/li>\n\n\n\n<li><a href='?page_no=56169'>56169<\/a><\/li>\n\n\n\n<li><a href='?page_no=56170'>56170<\/a><\/li>\n\n    \n\t\n\n<li >\n\t<a href='?page_no=13734'>Next<\/a>\n\t<\/li>\n\n\n    \n\n<li><a href='?page_no=56170'>Last &rsaquo;&rsaquo;<\/a><\/li>\n\n<\/ul>\n\n\n--><br \/>\n<\/body><\/p>\n","protected":false},"excerpt":{"rendered":"<p>Santo Domingo, RD, 10 de febrero.-El presidente Danilo Medina se solidariz\u00f3 con su hom\u00f3logo de la Rep\u00fablica China Taiw\u00e1n, Ma Ying-jeou ante la tragedia del terremoto que afect\u00f3 recientemente el Sur de su pa\u00eds. \u00abReciba las sinceras manifestaciones de solidaridad que hacemos llegar a usted en nombre del Gobierno y del pueblo de la Rep\u00fablica [&hellip;]<\/p>\n","protected":false},"author":3,"featured_media":0,"comment_status":"open","ping_status":"open","sticky":false,"template":"","format":"standard","meta":{"footnotes":""},"categories":[20],"tags":[],"class_list":["post-219408","post","type-post","status-publish","format-standard","hentry","category-dominicana-hoy"],"_links":{"self":[{"href":"https:\/\/diariodominicano.com\/index.php?rest_route=\/wp\/v2\/posts\/219408","targetHints":{"allow":["GET"]}}],"collection":[{"href":"https:\/\/diariodominicano.com\/index.php?rest_route=\/wp\/v2\/posts"}],"about":[{"href":"https:\/\/diariodominicano.com\/index.php?rest_route=\/wp\/v2\/types\/post"}],"author":[{"embeddable":true,"href":"https:\/\/diariodominicano.com\/index.php?rest_route=\/wp\/v2\/users\/3"}],"replies":[{"embeddable":true,"href":"https:\/\/diariodominicano.com\/index.php?rest_route=%2Fwp%2Fv2%2Fcomments&post=219408"}],"version-history":[{"count":0,"href":"https:\/\/diariodominicano.com\/index.php?rest_route=\/wp\/v2\/posts\/219408\/revisions"}],"wp:attachment":[{"href":"https:\/\/diariodominicano.com\/index.php?rest_route=%2Fwp%2Fv2%2Fmedia&parent=219408"}],"wp:term":[{"taxonomy":"category","embeddable":true,"href":"https:\/\/diariodominicano.com\/index.php?rest_route=%2Fwp%2Fv2%2Fcategories&post=219408"},{"taxonomy":"post_tag","embeddable":true,"href":"https:\/\/diariodominicano.com\/index.php?rest_route=%2Fwp%2Fv2%2Ftags&post=219408"}],"curies":[{"name":"wp","href":"https:\/\/api.w.org\/{rel}","templated":true}]}}