{"id":219406,"date":"2016-02-10T22:59:54","date_gmt":"2016-02-10T22:59:54","guid":{"rendered":"http:\/\/diariodominicano.ddns.net\/?p=219406"},"modified":"2016-02-10T22:59:54","modified_gmt":"2016-02-10T22:59:54","slug":"presidente-danilo-medina-emite-decreto-que-refuerza-medidas-para-evitar-propagacion-del-aedes-aegypti","status":"publish","type":"post","link":"https:\/\/diariodominicano.com\/?p=219406","title":{"rendered":"Presidente Danilo Medina emite decreto que refuerza medidas para evitar propagaci\u00f3n del Aedes aegypti&#13;"},"content":{"rendered":"<p><body><\/p>\n<p><img decoding=\"async\" src=\"img3\/decre 5.jpg\" \/>  <\/p>\n<p>Santo Domingo RD 11 febrero.- El presidente de la Rep\u00fablica, Danilo Medina, emiti\u00f3 hoy el decreto n\u00famero 15-16, mediante el cual se priorizan los procesos de las compras y contrataciones de bienes, obras y servicios destinados a la educaci\u00f3n y prevenci\u00f3n de la presencia y proliferaci\u00f3n del mosquito Aedes aegypti en el pa\u00eds.<\/p>\n<\/p>\n<p>Con la emisi\u00f3n de este decreto, el presidente Medina se adelanta, tomando a tiempo todas las previsiones y contemplando las medidas necesarias, que pudieran retrasar una r\u00e1pida intervenci\u00f3n en caso de la propagaci\u00f3n del virus del Zika.<\/p>\n<\/p>\n<p>Este decreto se inscribe dentro de las medidas preventivas que est\u00e1n tomando unos 24 pa\u00edses de Am\u00e9rica Latina y el Caribe, luego de que la Organizaci\u00f3n Mundial de la Salud declarara el Zika como una \u00abEmergencia Sanitaria Mundial\u00bb.<\/p>\n<\/p>\n<p>Ladisposici\u00f3n 15-16 tambi\u00e9n deja establecida la creaci\u00f3n de una comisi\u00f3n conformada por el Ministro de la Presidencia, Lic. Gustavo Montalvo; la Ministra de Salud, Dra. Altagracia Guzm\u00e1n y el Superintendente de Salud y Riesgos Laborales, el epidemi\u00f3logo Pedro Luis Castellanos, quienes estar\u00e1n asesorados  por la Organizaci\u00f3n  Panamericana de la Salud (OPS), instituci\u00f3n que ha creado una estrategia para mejorar en Am\u00e9rica la capacidad de respuesta ante este virus.<\/p>\n<\/p>\n<p>Lacomisi\u00f3n tiene como objetivo garantizar la fiel aplicaci\u00f3n del decreto, asegurando que todas las compras y contrataciones de bienes, obras y servicios relacionadas correspondan con las necesidades prioritarias de prevenir y atender a las personas afectadas por el virus Zika y sus posibles complicaciones.<\/p>\n<\/p>\n<p>Para garantizar una intervenci\u00f3n preventiva integral, donde se involucre a la ciudadan\u00eda, se han coordinado acciones con los alcaldes del Gran Santo Domingo, San Crist\u00f3bal y el presidente de la Federaci\u00f3n Dominicana de Municipios (FEDOMU), de manera que se pueda contar con la participaci\u00f3nde las instituciones del Gobierno as\u00ed como  de clubes, empresarios, juntas de vecinos y organizaciones religiosas, entre otras entidades.<\/p>\n<\/p>\n<p>Iguales acciones se tomar\u00e1n en el resto del pa\u00eds en coordinaci\u00f3n con FEDOMU y las autoridades gubernamentales de las diferentes provincias del pa\u00eds.<\/p>\n<\/p>\n<p>El decreto establece que solo los Ministerios Administrativo de la Presidencia y de Salud P\u00fablica; el Servicio Nacional de Salud, el Consejo Nacional de Seguridad Social y el Programa de Medicamentos Esenciales est\u00e1n liberados de los procedimientos ordinarios establecidos en la Ley de Compras y Contrataciones.<\/p>\n<\/p>\n<p>Esta medida robustece las ya tomadas por el Gobierno Central, el Ministerio de Salud, el Servicio Nacional de Salud y el Centro de Operaciones de Emergencias con el fin de prevenir la propagaci\u00f3n del virus Zika.<\/p>\n<\/p>\n<p>Desde el gobierno se ha realizado una estrategia preventiva integral que involucra a  todos los sectores que pudieran evitar que los efectos de este mosquito puedan causar estragos en la poblaci\u00f3n. <\/p>\n<h6> 2016-02-10 22:59:54 <\/h6>\n<p><!--\n<link rel=\"stylesheet\" href=\"css\/bootstrap.min.css\">\n\n\n<ul class=\"pagination\">\n\t    \n\t\n\n<li >\n\t<a href='?page_no=13730'>Previous<\/a>\n\t<\/li>\n\n\n       \n    \n\n<li><a href='?page_no=1'>1<\/a><\/li>\n\n\n\n<li><a href='?page_no=2'>2<\/a><\/li>\n\n\n\n<li><a>...<\/a><\/li>\n\n\n\n<li><a href='?page_no=13729'>13729<\/a><\/li>\n\n\n\n<li><a href='?page_no=13730'>13730<\/a><\/li>\n\n\n\n<li class='active'><a>13731<\/a><\/li>\n\n\n\n<li><a href='?page_no=13732'>13732<\/a><\/li>\n\n\n\n<li><a href='?page_no=13733'>13733<\/a><\/li>\n\n\n\n<li><a>...<\/a><\/li>\n\n\n\n<li><a href='?page_no=56169'>56169<\/a><\/li>\n\n\n\n<li><a href='?page_no=56170'>56170<\/a><\/li>\n\n    \n\t\n\n<li >\n\t<a href='?page_no=13732'>Next<\/a>\n\t<\/li>\n\n\n    \n\n<li><a href='?page_no=56170'>Last &rsaquo;&rsaquo;<\/a><\/li>\n\n<\/ul>\n\n\n--><br \/>\n<\/body><\/p>\n","protected":false},"excerpt":{"rendered":"<p>Santo Domingo RD 11 febrero.- El presidente de la Rep\u00fablica, Danilo Medina, emiti\u00f3 hoy el decreto n\u00famero 15-16, mediante el cual se priorizan los procesos de las compras y contrataciones de bienes, obras y servicios destinados a la educaci\u00f3n y prevenci\u00f3n de la presencia y proliferaci\u00f3n del mosquito Aedes aegypti en el pa\u00eds. Con la [&hellip;]<\/p>\n","protected":false},"author":3,"featured_media":0,"comment_status":"open","ping_status":"open","sticky":false,"template":"","format":"standard","meta":{"footnotes":""},"categories":[20],"tags":[],"class_list":["post-219406","post","type-post","status-publish","format-standard","hentry","category-dominicana-hoy"],"_links":{"self":[{"href":"https:\/\/diariodominicano.com\/index.php?rest_route=\/wp\/v2\/posts\/219406","targetHints":{"allow":["GET"]}}],"collection":[{"href":"https:\/\/diariodominicano.com\/index.php?rest_route=\/wp\/v2\/posts"}],"about":[{"href":"https:\/\/diariodominicano.com\/index.php?rest_route=\/wp\/v2\/types\/post"}],"author":[{"embeddable":true,"href":"https:\/\/diariodominicano.com\/index.php?rest_route=\/wp\/v2\/users\/3"}],"replies":[{"embeddable":true,"href":"https:\/\/diariodominicano.com\/index.php?rest_route=%2Fwp%2Fv2%2Fcomments&post=219406"}],"version-history":[{"count":0,"href":"https:\/\/diariodominicano.com\/index.php?rest_route=\/wp\/v2\/posts\/219406\/revisions"}],"wp:attachment":[{"href":"https:\/\/diariodominicano.com\/index.php?rest_route=%2Fwp%2Fv2%2Fmedia&parent=219406"}],"wp:term":[{"taxonomy":"category","embeddable":true,"href":"https:\/\/diariodominicano.com\/index.php?rest_route=%2Fwp%2Fv2%2Fcategories&post=219406"},{"taxonomy":"post_tag","embeddable":true,"href":"https:\/\/diariodominicano.com\/index.php?rest_route=%2Fwp%2Fv2%2Ftags&post=219406"}],"curies":[{"name":"wp","href":"https:\/\/api.w.org\/{rel}","templated":true}]}}