{"id":219401,"date":"2016-02-11T08:08:38","date_gmt":"2016-02-11T08:08:38","guid":{"rendered":"http:\/\/diariodominicano.ddns.net\/?p=219401"},"modified":"2016-02-11T08:08:38","modified_gmt":"2016-02-11T08:08:38","slug":"ministerio-de-obras-publicas-anuncia-conclusion-de-peatonal-el-20-de-este-mes","status":"publish","type":"post","link":"https:\/\/diariodominicano.com\/?p=219401","title":{"rendered":"Ministerio de Obras P\u00fablicas anuncia conclusi\u00f3n de peatonal el 20 de este mes"},"content":{"rendered":"<p><body><\/p>\n<p>Santo Domingo RD 11 febrero.- El Ministerio de Obras P\u00fablicas concluir\u00e1 el pr\u00f3ximo 20 de este mes la construci\u00f3n del puente peatonal pr\u00f3ximo a la salida del paso a desnivel de la avenida 27 de Febrero con Privada, obra demandada hace meses por residentes de Manganagua y Renacimiento.<\/p>\n<\/p>\n<p>El puente peatonal met\u00e1lico, reclamado desde la puesta en funcionamiento del paso a desnivel en noviembre pasado por poner en peligro la vida de quienes se ven en la necesidad de cruzar la v\u00eda, est\u00e1 a cargo del Consorcio Odebrecht y el Grupo Estrella.<\/p>\n<\/p>\n<p>Al mediod\u00eda de ayer obreros trabajaban en las terminaciones de las escaleras del puente, cuya estructura met\u00e1lica fue colocada el pasado fin de semana.<\/p>\n<\/p>\n<p>Los residentes de los sectores aleda\u00f1os, dijeron que esperan que la obra sea terminada lo m\u00e1s pronto posible, porque temen que m\u00e1s personas mueran al intentar cruzar la avenida.<\/p>\n<\/p>\n<p>Unas cuatro personas murieron al ser atropelladas y otras resultaron heridas, por lo que se reafirma el temor en ellos hasta tanto no sea terminada la estructura. Mientras, el equipo del List\u00edn Diario observaba el comportamiento de las personas y el tiempo para cruzar la avenida, cada uno tarda entre cinco a siete minutos, mientras esperan que el flujo de veh\u00edculos disminuya.<\/p>\n<\/p>\n<p>Las personas entrevistadas dijeron sentir miedo por sus vidas, pero no tienen otra opci\u00f3n dado que muchos trabajan  o estudian en la zona. Ese es el caso de Rosairis Rodr\u00edguez, quien desde hace tres a\u00f1os trabaja en una empresa del lado del sector de Manganagua por lo que se ve en la necesidad de cruzar la v\u00eda.<\/p>\n<\/p>\n<p>En las inmediaciones al puente peatonal, ubicado en la esquina de la calle Hig\u00fcey, frente a Ron Depot, se observ\u00f3 un agente de la Autoridad Metropolitana Del Transporte (Amet), ayudando a un hombre que intentaba cruzar de la mano con su hija.<\/p>\n<\/p>\n<h6> 2016-02-11 08:08:38 <\/h6>\n<p><!--\n<link rel=\"stylesheet\" href=\"css\/bootstrap.min.css\">\n\n\n<ul class=\"pagination\">\n\t    \n\t\n\n<li >\n\t<a href='?page_no=13726'>Previous<\/a>\n\t<\/li>\n\n\n       \n    \n\n<li><a href='?page_no=1'>1<\/a><\/li>\n\n\n\n<li><a href='?page_no=2'>2<\/a><\/li>\n\n\n\n<li><a>...<\/a><\/li>\n\n\n\n<li><a href='?page_no=13725'>13725<\/a><\/li>\n\n\n\n<li><a href='?page_no=13726'>13726<\/a><\/li>\n\n\n\n<li class='active'><a>13727<\/a><\/li>\n\n\n\n<li><a href='?page_no=13728'>13728<\/a><\/li>\n\n\n\n<li><a href='?page_no=13729'>13729<\/a><\/li>\n\n\n\n<li><a>...<\/a><\/li>\n\n\n\n<li><a href='?page_no=56169'>56169<\/a><\/li>\n\n\n\n<li><a href='?page_no=56170'>56170<\/a><\/li>\n\n    \n\t\n\n<li >\n\t<a href='?page_no=13728'>Next<\/a>\n\t<\/li>\n\n\n    \n\n<li><a href='?page_no=56170'>Last &rsaquo;&rsaquo;<\/a><\/li>\n\n<\/ul>\n\n\n--><br \/>\n<\/body><\/p>\n","protected":false},"excerpt":{"rendered":"<p>Santo Domingo RD 11 febrero.- El Ministerio de Obras P\u00fablicas concluir\u00e1 el pr\u00f3ximo 20 de este mes la construci\u00f3n del puente peatonal pr\u00f3ximo a la salida del paso a desnivel de la avenida 27 de Febrero con Privada, obra demandada hace meses por residentes de Manganagua y Renacimiento. El puente peatonal met\u00e1lico, reclamado desde la [&hellip;]<\/p>\n","protected":false},"author":3,"featured_media":0,"comment_status":"open","ping_status":"open","sticky":false,"template":"","format":"standard","meta":{"footnotes":""},"categories":[20],"tags":[],"class_list":["post-219401","post","type-post","status-publish","format-standard","hentry","category-dominicana-hoy"],"_links":{"self":[{"href":"https:\/\/diariodominicano.com\/index.php?rest_route=\/wp\/v2\/posts\/219401","targetHints":{"allow":["GET"]}}],"collection":[{"href":"https:\/\/diariodominicano.com\/index.php?rest_route=\/wp\/v2\/posts"}],"about":[{"href":"https:\/\/diariodominicano.com\/index.php?rest_route=\/wp\/v2\/types\/post"}],"author":[{"embeddable":true,"href":"https:\/\/diariodominicano.com\/index.php?rest_route=\/wp\/v2\/users\/3"}],"replies":[{"embeddable":true,"href":"https:\/\/diariodominicano.com\/index.php?rest_route=%2Fwp%2Fv2%2Fcomments&post=219401"}],"version-history":[{"count":0,"href":"https:\/\/diariodominicano.com\/index.php?rest_route=\/wp\/v2\/posts\/219401\/revisions"}],"wp:attachment":[{"href":"https:\/\/diariodominicano.com\/index.php?rest_route=%2Fwp%2Fv2%2Fmedia&parent=219401"}],"wp:term":[{"taxonomy":"category","embeddable":true,"href":"https:\/\/diariodominicano.com\/index.php?rest_route=%2Fwp%2Fv2%2Fcategories&post=219401"},{"taxonomy":"post_tag","embeddable":true,"href":"https:\/\/diariodominicano.com\/index.php?rest_route=%2Fwp%2Fv2%2Ftags&post=219401"}],"curies":[{"name":"wp","href":"https:\/\/api.w.org\/{rel}","templated":true}]}}