{"id":219398,"date":"2016-02-11T16:05:14","date_gmt":"2016-02-11T16:05:14","guid":{"rendered":"http:\/\/diariodominicano.ddns.net\/?p=219398"},"modified":"2016-02-11T16:05:14","modified_gmt":"2016-02-11T16:05:14","slug":"sabana-de-la-mar-planifica-su-desarrollo-a-2025-como-municipio-resiliente","status":"publish","type":"post","link":"https:\/\/diariodominicano.com\/?p=219398","title":{"rendered":"Sabana de la Mar planifica su desarrollo a 2025 como municipio resiliente"},"content":{"rendered":"<p><body><\/p>\n<p><img decoding=\"async\" src=\"img3\/Sabanadela mar.jpg\" \/>  <\/p>\n<p><span class=\"text1noticias\">Sabana de la Mar, Hato Mayor, RD, 11 de Febrero.-En un acto en el que estuvieron las autoridades municipales y representantes de la sociedad civil, tuvo lugar la presentaci\u00f3n oficial del Plan Municipal de Desarrollo del Municipio de Sabana de la Mar para el per\u00edodo 2015-2025, aprobado mediante Resoluci\u00f3n Municipal No. 001-2015 por el Consejo de regidores.<\/span><\/p>\n<\/p>\n<p><span class=\"text1noticias\">Este plan, que ha sido elaborado a partir de la discusi\u00f3n y concertaci\u00f3n entre los ciudadanos y ciudadanas junto a sus autoridades municipales, define la visi\u00f3n de desarrollo que quiere lograrse para el municipio de Sabana de la Mar. De esta manera en los pr\u00f3ximos diez a\u00f1os Sabana de la Mar buscar\u00e1 \u00abSer un municipio resiliente, protector de su invaluable biodiversidad, de fuertes valores hist\u00f3rico-culturales, que basa su econom\u00eda en el uso sostenible de sus recursos agropecuarios y tur\u00edsticos, utilizando su territorio organizado como espacio generador de vida para todas y todos\u00bb.<\/span><\/p>\n<\/p>\n<p><span class=\"text1noticias\">La elaboraci\u00f3n de esta herramienta fundamental para promover el desarrollo, en cumplimiento de lo establecido en la Estrategia Nacional de Desarrollo y la Ley 176-07 del Distrito Nacional y los Municipios, ha sido posible gracias al apoyo del programa FEDOMU Planifica en el marco del Proyecto Construyendo Juntos Gobernanza Local, ejecutado junto a la ONG brit\u00e1nica Progressio y financiado con fondos de la Uni\u00f3n Europea.<\/span><\/p>\n<\/p>\n<p><span class=\"text1noticias\">Durante el acto de presentaci\u00f3n la alcaldesa Aura Salda\u00f1a describi\u00f3 los principales contenidos del plan consensuado entre el ayuntamiento y los representantes del municipio. \u00abEn los pr\u00f3ximos 10 a\u00f1os, autoridades y mun\u00edcipes nos hemos dado una gu\u00eda, hemos dise\u00f1ado el camino que queremos para convertir nuestro municipio en un municipio a la cabeza del desarrollo sostenible, que cuida el medio ambiente al mismo tiempo que genera ingresos apostando al ecoturismo y a nuestra agricultura\u00bb.<\/span><\/p>\n<\/p>\n<p><span class=\"text1noticias\">Por parte de FEDOMU, el presidente Rafael Hidalgo destac\u00f3 que este es un ejemplo m\u00e1s de c\u00f3mo los ayuntamientos apostamos a la planificaci\u00f3n para fomentar el desarrollo de los municipios y con ello de los ciudadanos y ciudadanas. \u00b7\u00bbEn la actualidad ya son 91 municipios que, con apoyo de FEDOMU as\u00ed como de instancias del Gobierno central e internacional, cuentan con este instrumento fundamental, formulado junto a las organizaciones de la sociedad civil para juntos velar y trabajar de la mano por del desarrollo municipal\u00bb afirm\u00f3 Hidalgo.<\/span><\/p>\n<\/p>\n<p><span class=\"text1noticias\">Asimismo, la coordinadora del Proyecto Construyendo Juntos Gobernanza Local, F\u00e1tima Lorenzo, felicit\u00f3 a los t\u00e9cnicos del ayuntamiento, sus autoridades y representantes de la sociedad civil, por el trabajo realizado, anim\u00e1ndoles a seguir participando conjuntamente del proceso para lograr hacer realidad lo establecido en el plan. \u00abLa planificaci\u00f3n y la participaci\u00f3n social son factores clave para la mejora de la gesti\u00f3n municipal en su promoci\u00f3n del desarrollo local\u00bb, resalt\u00f3, tras hacer un recuento de trabajo, destacado c\u00f3mo este plan de desarrollo adem\u00e1s ha atendido las necesidades diferenciadas de las mujeres, formulando proyectos espec\u00edficos para su desarrollo.<\/span><\/p>\n<\/p>\n<p><span class=\"text1noticias\">Junto a las autoridades municipales, particip\u00f3 la coordinadora Ordaliza Rodr\u00edguez, del Consejo Econ\u00f3mico y Social Municipal, instaurado en el municipio para elaborar y dar seguimiento al Plan Municipal de Desarrollo, y reiter\u00f3 el compromiso de todos los integrantes de este \u00f3rgano para trabajar de la mano del ayuntamiento en la ejecuci\u00f3n de los programas y proyectos que el municipio se ha propuesta impulsar.<\/span><\/p>\n<\/p>\n<p><span class=\"text1noticias\">Acompa\u00f1amiento t\u00e9cnico del Proyecto Construyendo Juntos Gobernanza Local<\/span><\/p>\n<\/p>\n<p><span class=\"text1noticias\">Para la formulaci\u00f3n del PMD, el ayuntamiento de Sabana de la Mar cont\u00f3 con el acompa\u00f1amiento t\u00e9cnico de la Federaci\u00f3n Dominicana de Municipios, a trav\u00e9s del proyecto \u00abConstruyendo Juntos Gobernanza Local con Participaci\u00f3n y Planificaci\u00f3n\u00bb, ejecutado por FEDOMU con apoyo de Progressio y fondos de la Uni\u00f3n Europea.<\/span><\/p>\n<p><span class=\"text1noticias\"> <\/span><\/p>\n<p><span class=\"text1noticias\">Como parte de esta colaboraci\u00f3n, se apoy\u00f3 el fortalecimiento del Consejo Econ\u00f3mico y Social Municipal de Sabana de la Mar (CESM), conformado por 11 miembros que representan los principales sectores socioecon\u00f3micos activos del municipio. Tambi\u00e9n la capacitaci\u00f3n de los t\u00e9cnicos de la Oficina Municipal de Planificaci\u00f3n y Programaci\u00f3n (OMPP), del ayuntamiento, que hab\u00eda sido equipada gracias a un aporte anterior de FEDOMU.<\/span><\/p>\n<p><span class=\"text1noticias\"> <\/span><\/p>\n<p><span class=\"text1noticias\">El acompa\u00f1amiento t\u00e9cnico inici\u00f3 orientando al ayuntamiento en la conformaci\u00f3n a su interior de un Comit\u00e9 T\u00e9cnico para el apoyo de los procesos de planificaci\u00f3n, el cual, junto al Consejo Econ\u00f3mico y Social Municipal y bajo la coordinaci\u00f3n de la OMPP, elabor\u00f3 un diagn\u00f3stico municipal, analizando temas como la gobernabilidad, el desarrollo social, la din\u00e1mica econ\u00f3mica, medio ambiente y recursos naturales, uso del territorio y movilidad, y equipamiento y servicios b\u00e1sicos, los cuales tuvieron como ejes transversales los temas de g\u00e9nero, equidad e inclusi\u00f3n.<\/span><\/p>\n<p><span class=\"text1noticias\"> <\/span><\/p>\n<p><span class=\"text1noticias\">Como resultado del diagn\u00f3stico, se identificaron las principales necesidades, problem\u00e1ticas, oportunidades y potencialidades de Sabana de la Mar, que han sido la base para la posterior formulaci\u00f3n de acciones estrat\u00e9gicas orientadas al desarrollo. Como resultado de todo el proceso de formulaci\u00f3n del PMD para el per\u00edodo 2015-2025, se definieron 5 l\u00edneas estrat\u00e9gicas, 20 objetivos de desarrollo y 151 programas y\/o proyectos, 78 de ellos de competencia municipal y 73 que se gestionar\u00e1n ante otras entidades. En la Programaci\u00f3n de la Inversi\u00f3n 2015- 2016, se priorizaron 14 programas y\/o proyectos que ser\u00e1n ejecutados como parte de la gesti\u00f3n municipal actual.<\/span><\/p>\n<p><span class=\"text1noticias\"> <\/span><\/p>\n<p><span class=\"text1noticias\">Gracias al Consejo Econ\u00f3mico y Social Municipal, en cada una de las etapas se cont\u00f3 con una amplia, valiosa y diversa participaci\u00f3n de actores locales, logrando en total, la integraci\u00f3n de 169 mun\u00edcipes<\/span>.<\/p>\n<h6> 2016-02-11 16:05:14 <\/h6>\n<p><!--\n<link rel=\"stylesheet\" href=\"css\/bootstrap.min.css\">\n\n\n<ul class=\"pagination\">\n\t    \n\t\n\n<li >\n\t<a href='?page_no=13723'>Previous<\/a>\n\t<\/li>\n\n\n       \n    \n\n<li><a href='?page_no=1'>1<\/a><\/li>\n\n\n\n<li><a href='?page_no=2'>2<\/a><\/li>\n\n\n\n<li><a>...<\/a><\/li>\n\n\n\n<li><a href='?page_no=13722'>13722<\/a><\/li>\n\n\n\n<li><a href='?page_no=13723'>13723<\/a><\/li>\n\n\n\n<li class='active'><a>13724<\/a><\/li>\n\n\n\n<li><a href='?page_no=13725'>13725<\/a><\/li>\n\n\n\n<li><a href='?page_no=13726'>13726<\/a><\/li>\n\n\n\n<li><a>...<\/a><\/li>\n\n\n\n<li><a href='?page_no=56169'>56169<\/a><\/li>\n\n\n\n<li><a href='?page_no=56170'>56170<\/a><\/li>\n\n    \n\t\n\n<li >\n\t<a href='?page_no=13725'>Next<\/a>\n\t<\/li>\n\n\n    \n\n<li><a href='?page_no=56170'>Last &rsaquo;&rsaquo;<\/a><\/li>\n\n<\/ul>\n\n\n--><br \/>\n<\/body><\/p>\n","protected":false},"excerpt":{"rendered":"<p>Sabana de la Mar, Hato Mayor, RD, 11 de Febrero.-En un acto en el que estuvieron las autoridades municipales y representantes de la sociedad civil, tuvo lugar la presentaci\u00f3n oficial del Plan Municipal de Desarrollo del Municipio de Sabana de la Mar para el per\u00edodo 2015-2025, aprobado mediante Resoluci\u00f3n Municipal No. 001-2015 por el Consejo [&hellip;]<\/p>\n","protected":false},"author":3,"featured_media":0,"comment_status":"open","ping_status":"open","sticky":false,"template":"","format":"standard","meta":{"footnotes":""},"categories":[20],"tags":[],"class_list":["post-219398","post","type-post","status-publish","format-standard","hentry","category-dominicana-hoy"],"_links":{"self":[{"href":"https:\/\/diariodominicano.com\/index.php?rest_route=\/wp\/v2\/posts\/219398","targetHints":{"allow":["GET"]}}],"collection":[{"href":"https:\/\/diariodominicano.com\/index.php?rest_route=\/wp\/v2\/posts"}],"about":[{"href":"https:\/\/diariodominicano.com\/index.php?rest_route=\/wp\/v2\/types\/post"}],"author":[{"embeddable":true,"href":"https:\/\/diariodominicano.com\/index.php?rest_route=\/wp\/v2\/users\/3"}],"replies":[{"embeddable":true,"href":"https:\/\/diariodominicano.com\/index.php?rest_route=%2Fwp%2Fv2%2Fcomments&post=219398"}],"version-history":[{"count":0,"href":"https:\/\/diariodominicano.com\/index.php?rest_route=\/wp\/v2\/posts\/219398\/revisions"}],"wp:attachment":[{"href":"https:\/\/diariodominicano.com\/index.php?rest_route=%2Fwp%2Fv2%2Fmedia&parent=219398"}],"wp:term":[{"taxonomy":"category","embeddable":true,"href":"https:\/\/diariodominicano.com\/index.php?rest_route=%2Fwp%2Fv2%2Fcategories&post=219398"},{"taxonomy":"post_tag","embeddable":true,"href":"https:\/\/diariodominicano.com\/index.php?rest_route=%2Fwp%2Fv2%2Ftags&post=219398"}],"curies":[{"name":"wp","href":"https:\/\/api.w.org\/{rel}","templated":true}]}}