{"id":219397,"date":"2016-02-11T16:14:02","date_gmt":"2016-02-11T16:14:02","guid":{"rendered":"http:\/\/diariodominicano.ddns.net\/?p=219397"},"modified":"2016-02-11T16:14:02","modified_gmt":"2016-02-11T16:14:02","slug":"coordinan-asamblea-ordinaria-de-la-oea-en-santo-domingo","status":"publish","type":"post","link":"https:\/\/diariodominicano.com\/?p=219397","title":{"rendered":"Coordinan Asamblea Ordinaria de la OEA en Santo Domingo"},"content":{"rendered":"<p><body><\/p>\n<p><img decoding=\"async\" src=\"img3\/OEAMIREX.jpg\" \/>  <\/p>\n<p><span class=\"text1noticias\">Santo Domingo, RD, 11 de febrero.- El secretario general adjunto de la Organizaci\u00f3n de Estados Americanos (OEA), N\u00e9stor M\u00e9ndez, mostr\u00f3 su satisfacci\u00f3n por \u00ablos notables avances\u00bb organizativos que lleva a cabo el Ministerio de Relaciones Exteriores (MIREX) rumbo al montaje de la Cuadrag\u00e9sima-Sexta Asamblea Ordinaria de ese organismo regional, programada del 13 al 15 de Juniovenidero, al tiempo que felicit\u00f3 al canciller Andr\u00e9s Navarro por \u00abla valiosa iniciativa\u00bb de permitir la mayor participaci\u00f3n posible de todos los sectores de la sociedad dominicana, como entes protagonistas en los m\u00e1s de 20 eventos internacionales que se celebrar\u00e1n en el pa\u00eds.<\/span><\/p>\n<\/p>\n<p><span class=\"text1noticias\">\u00abFelicitamos muy sinceramente al se\u00f1orcanciller Andr\u00e9s Navarro por esa iniciativa de amplia participaci\u00f3n de la sociedad en la organizaci\u00f3n de estos eventos regionales que la Rep\u00fablica Dominicana ser\u00e1 sede este a\u00f1o, \u00abporque es muy importante que lo que se discuta all\u00ed en las reuniones del m\u00e1s alto nivel en nombre de nuestros pueblos, sea del conocimiento e incluso cuenten con la mayor cantidad posible de los insumos de la poblaci\u00f3n dominicana en general\u00bb.<\/span><\/p>\n<\/p>\n<p><span class=\"text1noticias\">M\u00e9ndez hizo el comentario tras encabezar una misi\u00f3n de la OEA que junto a otra comisi\u00f3n de funcionarios de la Canciller\u00eda, bajo la coordinaci\u00f3n de laviceministra Alejandra Liriano y el embajador Miguel Fersobe, realizaron un amplio recorrido por las principales instalaciones del ministerio, incluyendo los salones de recibo, Moro, Verde, Los Espejos, Caoba y el Auditorio del Instituto de Formaci\u00f3n Diplom\u00e1tica y Consular (INESDYC), as\u00ed como las \u00e1reas de construcci\u00f3n de un centro de convenciones y el parqueo soterrado que se levantan con miras, adem\u00e1s de los otros compromisos que tiene por delante el pa\u00eds.<\/span><\/p>\n<\/p>\n<p><span class=\"text1noticias\">El funcionario del organismo regional destac\u00f3 el gran entusiasmo y optimismo que ha observado en la Canciller\u00eda dominicana en los aprestos de organizaci\u00f3n de la pr\u00f3xima asamblea regional, siempre en un trabajo conjunto como un solo equipo con la misi\u00f3n de la OEA que por segunda vez ha venido al pa\u00eds, \u00abpues entendemos que con esa acci\u00f3n conjunta podremos garantizar el gran \u00e9xito que estamos confiados alcanzaremos\u00bb.<\/span><\/p>\n<\/p>\n<p><span class=\"text1noticias\">En tanto que el embajador Fersobe, quien es adem\u00e1s, director de Planificaci\u00f3n de la Canciller\u00eda, declar\u00f3 que la jornada de dos d\u00edas de reuniones de trabajo que se desarroll\u00f3 con la misi\u00f3n de la OEA fue muy productiva, con la activa participaci\u00f3n de todas las \u00e1reas de la Canciller\u00eda, \u00aby al escuchar el amable reconocimiento del secretario general adjunto, el apreciado amigo N\u00e9stor M\u00e9ndez, nos impulsa y nos compromete a\u00fan m\u00e1s en la consecuci\u00f3n del \u00e9xito al que aspiramos en el montaje de la asamblea del organismo regional\u00bb.<\/span><\/p>\n<\/p>\n<p><span class=\"text1noticias\">Record\u00f3 que previo al recorrido por las instalaciones se desarroll\u00f3 una amplia reuni\u00f3n de trabajo, encabezada por al canciller Navarro, encuentro en el que se esboz\u00f3 la ruta organizadora en los \u00f3rdenes tem\u00e1tico y log\u00edstico.<\/span><\/p>\n<\/p>\n<p><span class=\"text1noticias\">Por la misi\u00f3n de la OEA, adem\u00e1s de M\u00e9ndez, participaron la embajadora Celia Prince, jefa de gabinete del secretariado adjunto; Yadira Soto y Magaly Rothe, del Departamento de Gesti\u00f3n de Conferencias y Reuniones; Neil Morgan, del Departamento de Prensa y Comunicaciones, y Alfredo Abal, del Departamento de Servicios de Informaci\u00f3n y Tecnolog\u00eda. <\/span><\/p>\n<p><span class=\"text1noticias\"> <\/span><\/p>\n<p><span class=\"text1noticias\">Mientras que por la Canciller\u00eda estuvieron presentes, adem\u00e1s, embajador Freddy Radham\u00e9s Rodr\u00edguez, director Administrativo; embajadora Jocelyn Pou, directora de Asuntos Multilaterales; Francisco C\u00e1ceres, director de Informaci\u00f3n, \u00c9tica y Transparencia; Miguel Medina, director de Comunicaciones; embajadora Venecia Padilla, sub encargada del Departamento de Ceremonial de Protocolo; Johan Rodr\u00edguez, encargadode Tecnolog\u00eda de la Informaci\u00f3n y Comunicaciones; arquitecto Juan Carvajal, encargado de la Divisi\u00f3n de Planta F\u00edsica, y Katherine Santana, encargada de la Divisi\u00f3n de Eventos, entre otros funcionarios<\/span>.<\/p>\n<h6> 2016-02-11 16:14:02 <\/h6>\n<p><!--\n<link rel=\"stylesheet\" href=\"css\/bootstrap.min.css\">\n\n\n<ul class=\"pagination\">\n\t    \n\t\n\n<li >\n\t<a href='?page_no=13722'>Previous<\/a>\n\t<\/li>\n\n\n       \n    \n\n<li><a href='?page_no=1'>1<\/a><\/li>\n\n\n\n<li><a href='?page_no=2'>2<\/a><\/li>\n\n\n\n<li><a>...<\/a><\/li>\n\n\n\n<li><a href='?page_no=13721'>13721<\/a><\/li>\n\n\n\n<li><a href='?page_no=13722'>13722<\/a><\/li>\n\n\n\n<li class='active'><a>13723<\/a><\/li>\n\n\n\n<li><a href='?page_no=13724'>13724<\/a><\/li>\n\n\n\n<li><a href='?page_no=13725'>13725<\/a><\/li>\n\n\n\n<li><a>...<\/a><\/li>\n\n\n\n<li><a href='?page_no=56169'>56169<\/a><\/li>\n\n\n\n<li><a href='?page_no=56170'>56170<\/a><\/li>\n\n    \n\t\n\n<li >\n\t<a href='?page_no=13724'>Next<\/a>\n\t<\/li>\n\n\n    \n\n<li><a href='?page_no=56170'>Last &rsaquo;&rsaquo;<\/a><\/li>\n\n<\/ul>\n\n\n--><br \/>\n<\/body><\/p>\n","protected":false},"excerpt":{"rendered":"<p>Santo Domingo, RD, 11 de febrero.- El secretario general adjunto de la Organizaci\u00f3n de Estados Americanos (OEA), N\u00e9stor M\u00e9ndez, mostr\u00f3 su satisfacci\u00f3n por \u00ablos notables avances\u00bb organizativos que lleva a cabo el Ministerio de Relaciones Exteriores (MIREX) rumbo al montaje de la Cuadrag\u00e9sima-Sexta Asamblea Ordinaria de ese organismo regional, programada del 13 al 15 de [&hellip;]<\/p>\n","protected":false},"author":3,"featured_media":0,"comment_status":"open","ping_status":"open","sticky":false,"template":"","format":"standard","meta":{"footnotes":""},"categories":[20],"tags":[],"class_list":["post-219397","post","type-post","status-publish","format-standard","hentry","category-dominicana-hoy"],"_links":{"self":[{"href":"https:\/\/diariodominicano.com\/index.php?rest_route=\/wp\/v2\/posts\/219397","targetHints":{"allow":["GET"]}}],"collection":[{"href":"https:\/\/diariodominicano.com\/index.php?rest_route=\/wp\/v2\/posts"}],"about":[{"href":"https:\/\/diariodominicano.com\/index.php?rest_route=\/wp\/v2\/types\/post"}],"author":[{"embeddable":true,"href":"https:\/\/diariodominicano.com\/index.php?rest_route=\/wp\/v2\/users\/3"}],"replies":[{"embeddable":true,"href":"https:\/\/diariodominicano.com\/index.php?rest_route=%2Fwp%2Fv2%2Fcomments&post=219397"}],"version-history":[{"count":0,"href":"https:\/\/diariodominicano.com\/index.php?rest_route=\/wp\/v2\/posts\/219397\/revisions"}],"wp:attachment":[{"href":"https:\/\/diariodominicano.com\/index.php?rest_route=%2Fwp%2Fv2%2Fmedia&parent=219397"}],"wp:term":[{"taxonomy":"category","embeddable":true,"href":"https:\/\/diariodominicano.com\/index.php?rest_route=%2Fwp%2Fv2%2Fcategories&post=219397"},{"taxonomy":"post_tag","embeddable":true,"href":"https:\/\/diariodominicano.com\/index.php?rest_route=%2Fwp%2Fv2%2Ftags&post=219397"}],"curies":[{"name":"wp","href":"https:\/\/api.w.org\/{rel}","templated":true}]}}