{"id":219395,"date":"2016-02-12T08:46:48","date_gmt":"2016-02-12T08:46:48","guid":{"rendered":"http:\/\/diariodominicano.ddns.net\/?p=219395"},"modified":"2016-02-12T08:46:48","modified_gmt":"2016-02-12T08:46:48","slug":"bonao-celebra-la-apertura-de-su-estancia-infantil-para-226-infantes","status":"publish","type":"post","link":"https:\/\/diariodominicano.com\/?p=219395","title":{"rendered":"Bonao celebra la apertura de su estancia infantil para 226 infantes"},"content":{"rendered":"<p><body><\/p>\n<p><img decoding=\"async\" src=\"img3\/nena 2.jpg\" \/><br \/><img decoding=\"async\" src=\"img3\/nena 1.jpg\" \/>  <\/p>\n<p>Santo Domingo RD 12 febrero (DICOM).- Cumpliendo con una jornada de trabajo magistral en este segundo mes del a\u00f1o, el Instituto Nacional de Atenci\u00f3n Integral a la Primera Infancia (INAIPI) dej\u00f3 en funcionamiento la Estancia Infantil Lino Abreu, en Bonao.<\/p>\n<\/p>\n<p><strong>M\u00e1s estancias en proyecto <\/strong>  <\/p>\n<p>Los infantes inscritos pertenecen a los sectores Villa Liberaci\u00f3n, Puerto Rico, David Vargas, Las Flores, Brisa del Yuna y Barrio Prosperidad.  Es la primera estancia en la provincia Monse\u00f1or Nouel, de tres que se proyectan construir.<\/p>\n<\/p>\n<p>La estancia Lino Abreu cuenta con un equipo multidisciplinario de 40 personas, quienes son los encargados de d\u00eda tras d\u00eda brindar los servicios de calidad y atenciones a los ni\u00f1os y ni\u00f1as en materia de nutrici\u00f3n, estimulaci\u00f3n temprana, salud emocional, seguridad, desarrollo social, educaci\u00f3n y asistencia social a los padres, madres y\/o tutores.<\/p>\n<\/p>\n<p><strong>Cuidados, amor y alegr\u00eda <\/strong><\/p>\n<p>Con entusiasmo y alegr\u00eda los peque\u00f1os, en compa\u00f1\u00eda de sus padres, participaron de la din\u00e1mica de inicio de su estancia, que cuenta con bellos y coloridos espacios con juegos did\u00e1cticos, m\u00fasica ambiental y \u00e1reas que tambi\u00e9n invitan a dormir.<\/p>\n<\/p>\n<p>Las atenciones se ofrecen de 7:00 de la ma\u00f1ana a 5:00 de la tarde, mientras los padres trabajan, como lo contempla la pol\u00edtica de atenci\u00f3n a la infancia del presidente Danilo Medina.<\/p>\n<p><strong> <\/strong><\/p>\n<p><strong>M\u00e1s ni\u00f1os y ni\u00f1as recibir\u00e1n atenci\u00f3n vinculada<\/strong><\/p>\n<p>226 ni\u00f1os y ni\u00f1as recibir\u00e1n atenci\u00f3n en este centro. Posteriormente los cuidados se extender\u00e1n a 1,698 infantes gracias a la red de servicios compuesta por centros comunitarios dispuestos por organizaciones y fundaciones de todas las zonas donde hay estancias infantiles y cuyos servicios son guiados y supervisados desde las estancias.<\/p>\n<\/p>\n<p>Para el 2016 el INAIPI proyecta poner en funcionamiento unas 40 estancias infantiles y 160 Centros de Atenci\u00f3n a la Infancia y la Familia.<\/p>\n<h6> 2016-02-12 08:46:48 <\/h6>\n<p><!--\n<link rel=\"stylesheet\" href=\"css\/bootstrap.min.css\">\n\n\n<ul class=\"pagination\">\n\t    \n\t\n\n<li >\n\t<a href='?page_no=13720'>Previous<\/a>\n\t<\/li>\n\n\n       \n    \n\n<li><a href='?page_no=1'>1<\/a><\/li>\n\n\n\n<li><a href='?page_no=2'>2<\/a><\/li>\n\n\n\n<li><a>...<\/a><\/li>\n\n\n\n<li><a href='?page_no=13719'>13719<\/a><\/li>\n\n\n\n<li><a href='?page_no=13720'>13720<\/a><\/li>\n\n\n\n<li class='active'><a>13721<\/a><\/li>\n\n\n\n<li><a href='?page_no=13722'>13722<\/a><\/li>\n\n\n\n<li><a href='?page_no=13723'>13723<\/a><\/li>\n\n\n\n<li><a>...<\/a><\/li>\n\n\n\n<li><a href='?page_no=56169'>56169<\/a><\/li>\n\n\n\n<li><a href='?page_no=56170'>56170<\/a><\/li>\n\n    \n\t\n\n<li >\n\t<a href='?page_no=13722'>Next<\/a>\n\t<\/li>\n\n\n    \n\n<li><a href='?page_no=56170'>Last &rsaquo;&rsaquo;<\/a><\/li>\n\n<\/ul>\n\n\n--><br \/>\n<\/body><\/p>\n","protected":false},"excerpt":{"rendered":"<p>Santo Domingo RD 12 febrero (DICOM).- Cumpliendo con una jornada de trabajo magistral en este segundo mes del a\u00f1o, el Instituto Nacional de Atenci\u00f3n Integral a la Primera Infancia (INAIPI) dej\u00f3 en funcionamiento la Estancia Infantil Lino Abreu, en Bonao. M\u00e1s estancias en proyecto Los infantes inscritos pertenecen a los sectores Villa Liberaci\u00f3n, Puerto Rico, [&hellip;]<\/p>\n","protected":false},"author":3,"featured_media":0,"comment_status":"open","ping_status":"open","sticky":false,"template":"","format":"standard","meta":{"footnotes":""},"categories":[20],"tags":[],"class_list":["post-219395","post","type-post","status-publish","format-standard","hentry","category-dominicana-hoy"],"_links":{"self":[{"href":"https:\/\/diariodominicano.com\/index.php?rest_route=\/wp\/v2\/posts\/219395","targetHints":{"allow":["GET"]}}],"collection":[{"href":"https:\/\/diariodominicano.com\/index.php?rest_route=\/wp\/v2\/posts"}],"about":[{"href":"https:\/\/diariodominicano.com\/index.php?rest_route=\/wp\/v2\/types\/post"}],"author":[{"embeddable":true,"href":"https:\/\/diariodominicano.com\/index.php?rest_route=\/wp\/v2\/users\/3"}],"replies":[{"embeddable":true,"href":"https:\/\/diariodominicano.com\/index.php?rest_route=%2Fwp%2Fv2%2Fcomments&post=219395"}],"version-history":[{"count":0,"href":"https:\/\/diariodominicano.com\/index.php?rest_route=\/wp\/v2\/posts\/219395\/revisions"}],"wp:attachment":[{"href":"https:\/\/diariodominicano.com\/index.php?rest_route=%2Fwp%2Fv2%2Fmedia&parent=219395"}],"wp:term":[{"taxonomy":"category","embeddable":true,"href":"https:\/\/diariodominicano.com\/index.php?rest_route=%2Fwp%2Fv2%2Fcategories&post=219395"},{"taxonomy":"post_tag","embeddable":true,"href":"https:\/\/diariodominicano.com\/index.php?rest_route=%2Fwp%2Fv2%2Ftags&post=219395"}],"curies":[{"name":"wp","href":"https:\/\/api.w.org\/{rel}","templated":true}]}}