{"id":219394,"date":"2016-02-12T11:53:03","date_gmt":"2016-02-12T11:53:03","guid":{"rendered":"http:\/\/diariodominicano.ddns.net\/?p=219394"},"modified":"2016-02-12T11:53:03","modified_gmt":"2016-02-12T11:53:03","slug":"psicologa-dice-victimas-de-bullying-pueden-presentar-tendencias-suicidas","status":"publish","type":"post","link":"https:\/\/diariodominicano.com\/?p=219394","title":{"rendered":"Psic\u00f3loga dice victimas de Bullying pueden presentar tendencias suicidas"},"content":{"rendered":"<p><body><\/p>\n<p><img decoding=\"async\" src=\"img3\/deli 1.jpg\" \/>  <\/p>\n<p>Santo Domingo RD 12 febrero,. Dolores de cabeza, falta de atenci\u00f3n, insomnio, alteraci\u00f3n en la alimentaci\u00f3n y falta de deseo por asistir a la escuela, son algunas se\u00f1ales de que el ni\u00f1o es v\u00edctima de Bullying<\/p>\n<\/p>\n<p>La doctora y psic\u00f3loga infantil Widalis Arvelo indic\u00f3 que el Bullying o acoso infantil puede tener consecuencias muy negativas en los ni\u00f1os quienes producto de los abusos pueden presentar depresi\u00f3n, desnutrici\u00f3n y tendencias suicidas al no encontrar una salida y no atreverse a conversarlo con sus padres o con los profesores del plantel estudiantil. <\/p>\n<\/p>\n<p>Explic\u00f3 que elBullyingse produce por uno o varios agresores quienes escogen a sus v\u00edctimas luego de identificar ciertas caracter\u00edsticas en ellos, como el aislamiento, deficienciasf\u00edsicas, o simplemente j\u00f3venes que mantienen buenas calificaciones y cuya forma de vestir no est\u00e1 a la moda. <\/p>\n<\/p>\n<p>Es muy importante que los padres observen los cambios que se producen en sus hijos para poder identificar si estos est\u00e1n siendo v\u00edctimas de Bullying, dolores de cabeza, falta de atenci\u00f3n, insomnio, alteraci\u00f3n en la alimentaci\u00f3n y falta de deseo por asistir a la escuela, son algunas de las alertas que deben de captar el inter\u00e9s de los tutores para que puedan identificar si sus hijos son v\u00edctimas de acoso escolar. <\/p>\n<\/p>\n<p>Por otro lado, explico que el perfil del agresor tiende a ser de ni\u00f1os inseguros con inmadurez cronol\u00f3gica que adquieren estas conductas en el seno del hogar, donde observan acciones similares y en muchos casos tambi\u00e9n son v\u00edctimas de violencia por parte de uno de sus padres, lo cual ellos transmiten a sus compa\u00f1eros escolares.<\/p>\n<\/p>\n<p>En el programa Di\u00e1logo Abierto conducido por la periodista Wendy M\u00e9ndez y el comunicador Jos\u00e9 Santiago, la Psic\u00f3loga resalt\u00f3 que en la mayor\u00eda de los casos los ni\u00f1os que lo comentan a sus padres, principalmente por temor a represalias del agresor quien mediante las burlas y en muchos casos abuso f\u00edsico logra convertirse en una figura posesiva.  <\/p>\n<\/p>\n<p>El programa Dialogo Abierto se transmite todos los domingos de 6 a 7 PM, por TeleradioAmerica canal 12<\/p>\n<\/p>\n<\/p>\n<h6> 2016-02-12 11:53:03 <\/h6>\n<p><!--\n<link rel=\"stylesheet\" href=\"css\/bootstrap.min.css\">\n\n\n<ul class=\"pagination\">\n\t    \n\t\n\n<li >\n\t<a href='?page_no=13719'>Previous<\/a>\n\t<\/li>\n\n\n       \n    \n\n<li><a href='?page_no=1'>1<\/a><\/li>\n\n\n\n<li><a href='?page_no=2'>2<\/a><\/li>\n\n\n\n<li><a>...<\/a><\/li>\n\n\n\n<li><a href='?page_no=13718'>13718<\/a><\/li>\n\n\n\n<li><a href='?page_no=13719'>13719<\/a><\/li>\n\n\n\n<li class='active'><a>13720<\/a><\/li>\n\n\n\n<li><a href='?page_no=13721'>13721<\/a><\/li>\n\n\n\n<li><a href='?page_no=13722'>13722<\/a><\/li>\n\n\n\n<li><a>...<\/a><\/li>\n\n\n\n<li><a href='?page_no=56169'>56169<\/a><\/li>\n\n\n\n<li><a href='?page_no=56170'>56170<\/a><\/li>\n\n    \n\t\n\n<li >\n\t<a href='?page_no=13721'>Next<\/a>\n\t<\/li>\n\n\n    \n\n<li><a href='?page_no=56170'>Last &rsaquo;&rsaquo;<\/a><\/li>\n\n<\/ul>\n\n\n--><br \/>\n<\/body><\/p>\n","protected":false},"excerpt":{"rendered":"<p>Santo Domingo RD 12 febrero,. Dolores de cabeza, falta de atenci\u00f3n, insomnio, alteraci\u00f3n en la alimentaci\u00f3n y falta de deseo por asistir a la escuela, son algunas se\u00f1ales de que el ni\u00f1o es v\u00edctima de Bullying La doctora y psic\u00f3loga infantil Widalis Arvelo indic\u00f3 que el Bullying o acoso infantil puede tener consecuencias muy negativas [&hellip;]<\/p>\n","protected":false},"author":3,"featured_media":0,"comment_status":"open","ping_status":"open","sticky":false,"template":"","format":"standard","meta":{"footnotes":""},"categories":[20],"tags":[],"class_list":["post-219394","post","type-post","status-publish","format-standard","hentry","category-dominicana-hoy"],"_links":{"self":[{"href":"https:\/\/diariodominicano.com\/index.php?rest_route=\/wp\/v2\/posts\/219394","targetHints":{"allow":["GET"]}}],"collection":[{"href":"https:\/\/diariodominicano.com\/index.php?rest_route=\/wp\/v2\/posts"}],"about":[{"href":"https:\/\/diariodominicano.com\/index.php?rest_route=\/wp\/v2\/types\/post"}],"author":[{"embeddable":true,"href":"https:\/\/diariodominicano.com\/index.php?rest_route=\/wp\/v2\/users\/3"}],"replies":[{"embeddable":true,"href":"https:\/\/diariodominicano.com\/index.php?rest_route=%2Fwp%2Fv2%2Fcomments&post=219394"}],"version-history":[{"count":0,"href":"https:\/\/diariodominicano.com\/index.php?rest_route=\/wp\/v2\/posts\/219394\/revisions"}],"wp:attachment":[{"href":"https:\/\/diariodominicano.com\/index.php?rest_route=%2Fwp%2Fv2%2Fmedia&parent=219394"}],"wp:term":[{"taxonomy":"category","embeddable":true,"href":"https:\/\/diariodominicano.com\/index.php?rest_route=%2Fwp%2Fv2%2Fcategories&post=219394"},{"taxonomy":"post_tag","embeddable":true,"href":"https:\/\/diariodominicano.com\/index.php?rest_route=%2Fwp%2Fv2%2Ftags&post=219394"}],"curies":[{"name":"wp","href":"https:\/\/api.w.org\/{rel}","templated":true}]}}