{"id":219392,"date":"2016-02-12T12:19:18","date_gmt":"2016-02-12T12:19:18","guid":{"rendered":"http:\/\/diariodominicano.ddns.net\/?p=219392"},"modified":"2016-02-12T12:19:18","modified_gmt":"2016-02-12T12:19:18","slug":"cristina-lizardo-clausura-conferencia-internacional-sobre-competencia-economica","status":"publish","type":"post","link":"https:\/\/diariodominicano.com\/?p=219392","title":{"rendered":"Cristina Lizardo clausura conferencia internacional sobre competencia econ\u00f3mica"},"content":{"rendered":"<p><body><\/p>\n<p><img decoding=\"async\" src=\"img3\/cris 12.jpg\" \/>  <\/p>\n<p>Par\u00eds, Francia 12 febrero.- En el marco de la conferencia internacional \u00abContribuci\u00f3n  de la Competencia Econ\u00f3mica al Desarrollo de las Naciones\u00bb auspiciada por la Organizaci\u00f3n  para la Cooperaci\u00f3n y el Desarrollo Econ\u00f3mico (OCDE); la presidenta del Senado, <\/p>\n<\/p>\n<p>Cristina Lizardo expres\u00f3 que el conocimiento t\u00e9cnico, el apoyo del liderazgo pol\u00edtico y el sector privado son ejes imprescindibles para la competencia econ\u00f3mica.<\/p>\n<\/p>\n<p>\u00abCompartimos  la visi\u00f3n de la Competencia Econ\u00f3mica y sus aportes al desarrollo de nuestros  pueblos  expresada  desde un esquema  de participaci\u00f3n  conjunta del Congreso Nacional junto al Poder Ejecutivo y el Sector Privado, en una triple alianza  capaz de producir  la sinergia de un esfuerzo colectivo y responsable en beneficio de la sociedad\u00bb, afirm\u00f3 la presidenta del Senado.<\/p>\n<\/p>\n<p>Lizardo M\u00e9zquita, quien tuvo a su cargo el discurso de clausura del evento internacional celebrado del 10 al 12 de febrero en Pa\u00eds, Francia, dijo que la Rep\u00fablica Dominicana est\u00e1 inmersa en una cruzada de promoci\u00f3n de la Competencia Econ\u00f3mica.<\/p>\n<\/p>\n<p>\u00abNada  puede ser m\u00e1s oportuno  para nosotros, tomando en cuenta  que en nuestro pa\u00eds, desde hace a\u00f1os, nos hemos envuelto, de manera decidida, en una cruzada  de promoci\u00f3n e implementaci\u00f3n  de la Competencia  Economica como parte integral del modelo  de desarrollo  que hemos asumido\u00bb, manifest\u00f3.<\/p>\n<\/p>\n<p>Cristina Lizardo, explic\u00f3 que no hay  un modelo  est\u00e1ndar  para todos los pa\u00edses, por lo que en cada caso, como en otros aspectos  de la vida; la visi\u00f3n de la Competencia Economica adoptar\u00e1  las variantes apropiadas conforme a sus respectivos escenarios.<\/p>\n<\/p>\n<p>\u00abDado este hecho cierto,  de que no hay f\u00f3rmulas ni recetas m\u00e1gicas para el \u00e9xito de un modelo que se adapta  basado en resultados, debemos tener  presente que siempre  ser\u00e1 necesario  una adecuada  adaptaci\u00f3n o cambio cultural, lo cual requiere  tiempo, paciencia y persistencia\u00bb.<\/p>\n<\/p>\n<p>En la conferencia \u00abContribuci\u00f3n  de la Competencia  Econ\u00f3mica  al Desarrollo  de las Naciones\u00bb los expositores abogaron porque tanto el sector pol\u00edtico y el empresarial rompan con la resistencia  que impide la plena aplicaci\u00f3n  de la Ley  42-08  de Defensa  de la Competencia  en Rep\u00fablica Dominicana.<\/p>\n<\/p>\n<p>Reconocimiento<\/p>\n<\/p>\n<p>En el marco de la conferencia internacional, a la presidenta del Senado le fue entregado un reconocimiento por los esfuerzos desplegados desde el Senado de la Rep\u00fablica en favor de que se establezca una plena competencia econ\u00f3mica en el pa\u00eds.<\/p>\n<p>Lizardo M\u00e9zquita, agradeci\u00f3 a la Comunidad Internacional de Competencia,  las Autoridades de la Concurrencia, a la Organizaci\u00f3n para la Cooperaci\u00f3n y el Desarrollo Econ\u00f3mico y a la Comisi\u00f3n Nacional de Defensa de la Competencia de la Rep\u00fablica <\/p>\n<p>Dominicana.<\/p>\n<\/p>\n<p>\u00abAcepto con humildad y a sabiendas de que, por encima de los m\u00e9ritos, valores, dedicaci\u00f3n a las mejores causas que pudi\u00e9ramos invocar, se trata de una hermosa expresi\u00f3n de confraternidad, generosidad y aliento\u00bb, de esta manera se expres\u00f3 Lizardo Mezquita.<\/p>\n<\/p>\n<p>\u00abMe siento privilegiada y agradecida por las personas que la vida me ha regalado para que ayuden hacer m\u00e1s leve y agradable el devenir de mi existencia. Dijo.<\/p>\n<\/p>\n<p>La placa de reconocimiento, la entreg\u00f3 Jos\u00e9 Ignacio Wert, embajador de Espa\u00f1a ante la Organizaci\u00f3n para la Cooperaci\u00f3n  y el Desarrollo Econ\u00f3mico (OCDE).<\/p>\n<\/p>\n<p>Entre los integrantes de la delegaci\u00f3n que encabez\u00f3 la presidenta del Senado estuvieron el senador por la provincia Espaillat, Jos\u00e9 Rafael Vargas y Michelle Cohen presidenta del Consejo Directivo de la Comisi\u00f3n Nacional de Defensa  de la Competitividad, entre otros.<\/p>\n<\/p>\n<h6> 2016-02-12 12:19:18 <\/h6>\n<p><!--\n<link rel=\"stylesheet\" href=\"css\/bootstrap.min.css\">\n\n\n<ul class=\"pagination\">\n\t    \n\t\n\n<li >\n\t<a href='?page_no=13718'>Previous<\/a>\n\t<\/li>\n\n\n       \n    \n\n<li><a href='?page_no=1'>1<\/a><\/li>\n\n\n\n<li><a href='?page_no=2'>2<\/a><\/li>\n\n\n\n<li><a>...<\/a><\/li>\n\n\n\n<li><a href='?page_no=13717'>13717<\/a><\/li>\n\n\n\n<li><a href='?page_no=13718'>13718<\/a><\/li>\n\n\n\n<li class='active'><a>13719<\/a><\/li>\n\n\n\n<li><a href='?page_no=13720'>13720<\/a><\/li>\n\n\n\n<li><a href='?page_no=13721'>13721<\/a><\/li>\n\n\n\n<li><a>...<\/a><\/li>\n\n\n\n<li><a href='?page_no=56169'>56169<\/a><\/li>\n\n\n\n<li><a href='?page_no=56170'>56170<\/a><\/li>\n\n    \n\t\n\n<li >\n\t<a href='?page_no=13720'>Next<\/a>\n\t<\/li>\n\n\n    \n\n<li><a href='?page_no=56170'>Last &rsaquo;&rsaquo;<\/a><\/li>\n\n<\/ul>\n\n\n--><br \/>\n<\/body><\/p>\n","protected":false},"excerpt":{"rendered":"<p>Par\u00eds, Francia 12 febrero.- En el marco de la conferencia internacional \u00abContribuci\u00f3n de la Competencia Econ\u00f3mica al Desarrollo de las Naciones\u00bb auspiciada por la Organizaci\u00f3n para la Cooperaci\u00f3n y el Desarrollo Econ\u00f3mico (OCDE); la presidenta del Senado, Cristina Lizardo expres\u00f3 que el conocimiento t\u00e9cnico, el apoyo del liderazgo pol\u00edtico y el sector privado son ejes [&hellip;]<\/p>\n","protected":false},"author":3,"featured_media":0,"comment_status":"open","ping_status":"open","sticky":false,"template":"","format":"standard","meta":{"footnotes":""},"categories":[20],"tags":[],"class_list":["post-219392","post","type-post","status-publish","format-standard","hentry","category-dominicana-hoy"],"_links":{"self":[{"href":"https:\/\/diariodominicano.com\/index.php?rest_route=\/wp\/v2\/posts\/219392","targetHints":{"allow":["GET"]}}],"collection":[{"href":"https:\/\/diariodominicano.com\/index.php?rest_route=\/wp\/v2\/posts"}],"about":[{"href":"https:\/\/diariodominicano.com\/index.php?rest_route=\/wp\/v2\/types\/post"}],"author":[{"embeddable":true,"href":"https:\/\/diariodominicano.com\/index.php?rest_route=\/wp\/v2\/users\/3"}],"replies":[{"embeddable":true,"href":"https:\/\/diariodominicano.com\/index.php?rest_route=%2Fwp%2Fv2%2Fcomments&post=219392"}],"version-history":[{"count":0,"href":"https:\/\/diariodominicano.com\/index.php?rest_route=\/wp\/v2\/posts\/219392\/revisions"}],"wp:attachment":[{"href":"https:\/\/diariodominicano.com\/index.php?rest_route=%2Fwp%2Fv2%2Fmedia&parent=219392"}],"wp:term":[{"taxonomy":"category","embeddable":true,"href":"https:\/\/diariodominicano.com\/index.php?rest_route=%2Fwp%2Fv2%2Fcategories&post=219392"},{"taxonomy":"post_tag","embeddable":true,"href":"https:\/\/diariodominicano.com\/index.php?rest_route=%2Fwp%2Fv2%2Ftags&post=219392"}],"curies":[{"name":"wp","href":"https:\/\/api.w.org\/{rel}","templated":true}]}}