{"id":219391,"date":"2016-02-12T15:02:16","date_gmt":"2016-02-12T15:02:16","guid":{"rendered":"http:\/\/diariodominicano.ddns.net\/?p=219391"},"modified":"2016-02-12T15:02:16","modified_gmt":"2016-02-12T15:02:16","slug":"turismo-lamenta-muerte-de-visitante-en-puerto-plata","status":"publish","type":"post","link":"https:\/\/diariodominicano.com\/?p=219391","title":{"rendered":"&#13;Turismo lamenta muerte de visitante en Puerto Plata"},"content":{"rendered":"<p><body><\/p>\n<p><img decoding=\"async\" src=\"img3\/franciscojv.jpg\" \/>  <\/p>\n<\/p>\n<p><strong><span class=\"text1noticias\"> SANTO DOMINGO, 12de Febrero de 2016.-<\/span><\/strong><span class=\"text1noticias\"> El Ministerio de Turismo solicit\u00f3 a las autoridades del Ministerio P\u00fablico y a la Justicia asancionar a los autores de la muerte de un ciudadano turista en Puerto Plata.<\/span><\/p>\n<p><span class=\"text1noticias\"> <\/span><\/p>\n<p><span class=\"text1noticias\">Pidi\u00f3 al procurador General de la Rep\u00fablica crear una comisi\u00f3n especial que se encargue de la investigaci\u00f3n de ese \u00ablamentable caso\u00bb,  para garantizar que los responsable del ese hecho de sangre reciban todo el peso de la ley.<\/span><\/p>\n<p><span class=\"text1noticias\"> <\/span><\/p>\n<p><span class=\"text1noticias\"> \u00abEs  una verdadera pena que con tanto esfuerzo y trabajo con que se ha levantado el destino de Puerto Plata tengamos una situaci\u00f3n tan lamentable como esta, que no es el reflejo de la sociedad puertoplate\u00f1a y la amabilidad de su gente\u00bb, dijo el funcionario.<\/span><\/p>\n<p><span class=\"text1noticias\"> <\/span><\/p>\n<p><span class=\"text1noticias\">El ministro de Turismo dijo que es por eso que solicit\u00f3 al jefe de la Polic\u00eda modificar la estructura de mando en Puerto Plata, \u00abpara que hechos tan reprochables como este no vuelvan a ocurrir\u00bb.<\/span><\/p>\n<p><span class=\"text1noticias\"> <\/span><\/p>\n<p><span class=\"text1noticias\">Garc\u00eda afirm\u00f3 que el presidente Danilo Medina ha realizado grandes  esfuerzos para mejorar la seguridad en el pa\u00eds, lo que se evidencia con la instalaci\u00f3n del sistema 911 y la inversi\u00f3n que se ha hecho en el Cuerpo Especializado de Seguridad Tur\u00edstica (CESTUR).<\/span><\/p>\n<p><span class=\"text1noticias\"> <\/span><\/p>\n<p><span class=\"text1noticias\">El ministro de Turismo aprovech\u00f3 la ocasi\u00f3n para solicitar que sea instalado en Puerto Plata, en la mayor brevedad, ese sistema de emergencia, debi\u00f3 a la importancia de esa provincia como polo tur\u00edstico.<\/span><\/p>\n<p><span class=\"text1noticias\"> <\/span><\/p>\n<p><span class=\"text1noticias\">El funcionario  garantiz\u00f3 que el Ministerio de Turismo ofrecer\u00e1 toda la ayuda y facilidades necesarias a los familiares de la v\u00edctima, por lo que cre\u00f3 una comisi\u00f3n de alto nivel que le estar\u00e1 dando seguimiento.<\/span><\/p>\n<p><span class=\"text1noticias\"> <\/span><\/p>\n<p><span class=\"text1noticias\">Rep\u00fablica Dominicana mantuvo el \u00edndice de criminalidad m\u00e1s bajo del Caribe relacionado con visitantes extranjeros.<\/span><\/p>\n<h6> 2016-02-12 15:02:16 <\/h6>\n<p><!--\n<link rel=\"stylesheet\" href=\"css\/bootstrap.min.css\">\n\n\n<ul class=\"pagination\">\n\t    \n\t\n\n<li >\n\t<a href='?page_no=13717'>Previous<\/a>\n\t<\/li>\n\n\n       \n    \n\n<li><a href='?page_no=1'>1<\/a><\/li>\n\n\n\n<li><a href='?page_no=2'>2<\/a><\/li>\n\n\n\n<li><a>...<\/a><\/li>\n\n\n\n<li><a href='?page_no=13716'>13716<\/a><\/li>\n\n\n\n<li><a href='?page_no=13717'>13717<\/a><\/li>\n\n\n\n<li class='active'><a>13718<\/a><\/li>\n\n\n\n<li><a href='?page_no=13719'>13719<\/a><\/li>\n\n\n\n<li><a href='?page_no=13720'>13720<\/a><\/li>\n\n\n\n<li><a>...<\/a><\/li>\n\n\n\n<li><a href='?page_no=56169'>56169<\/a><\/li>\n\n\n\n<li><a href='?page_no=56170'>56170<\/a><\/li>\n\n    \n\t\n\n<li >\n\t<a href='?page_no=13719'>Next<\/a>\n\t<\/li>\n\n\n    \n\n<li><a href='?page_no=56170'>Last &rsaquo;&rsaquo;<\/a><\/li>\n\n<\/ul>\n\n\n--><br \/>\n<\/body><\/p>\n","protected":false},"excerpt":{"rendered":"<p>SANTO DOMINGO, 12de Febrero de 2016.- El Ministerio de Turismo solicit\u00f3 a las autoridades del Ministerio P\u00fablico y a la Justicia asancionar a los autores de la muerte de un ciudadano turista en Puerto Plata. Pidi\u00f3 al procurador General de la Rep\u00fablica crear una comisi\u00f3n especial que se encargue de la investigaci\u00f3n de ese \u00ablamentable [&hellip;]<\/p>\n","protected":false},"author":3,"featured_media":0,"comment_status":"open","ping_status":"open","sticky":false,"template":"","format":"standard","meta":{"footnotes":""},"categories":[20],"tags":[],"class_list":["post-219391","post","type-post","status-publish","format-standard","hentry","category-dominicana-hoy"],"_links":{"self":[{"href":"https:\/\/diariodominicano.com\/index.php?rest_route=\/wp\/v2\/posts\/219391","targetHints":{"allow":["GET"]}}],"collection":[{"href":"https:\/\/diariodominicano.com\/index.php?rest_route=\/wp\/v2\/posts"}],"about":[{"href":"https:\/\/diariodominicano.com\/index.php?rest_route=\/wp\/v2\/types\/post"}],"author":[{"embeddable":true,"href":"https:\/\/diariodominicano.com\/index.php?rest_route=\/wp\/v2\/users\/3"}],"replies":[{"embeddable":true,"href":"https:\/\/diariodominicano.com\/index.php?rest_route=%2Fwp%2Fv2%2Fcomments&post=219391"}],"version-history":[{"count":0,"href":"https:\/\/diariodominicano.com\/index.php?rest_route=\/wp\/v2\/posts\/219391\/revisions"}],"wp:attachment":[{"href":"https:\/\/diariodominicano.com\/index.php?rest_route=%2Fwp%2Fv2%2Fmedia&parent=219391"}],"wp:term":[{"taxonomy":"category","embeddable":true,"href":"https:\/\/diariodominicano.com\/index.php?rest_route=%2Fwp%2Fv2%2Fcategories&post=219391"},{"taxonomy":"post_tag","embeddable":true,"href":"https:\/\/diariodominicano.com\/index.php?rest_route=%2Fwp%2Fv2%2Ftags&post=219391"}],"curies":[{"name":"wp","href":"https:\/\/api.w.org\/{rel}","templated":true}]}}