{"id":219390,"date":"2016-02-12T16:22:49","date_gmt":"2016-02-12T16:22:49","guid":{"rendered":"http:\/\/diariodominicano.ddns.net\/?p=219390"},"modified":"2016-02-12T16:22:49","modified_gmt":"2016-02-12T16:22:49","slug":"rd-a-la-vanguardia-mundial-en-cirugia-cataratas","status":"publish","type":"post","link":"https:\/\/diariodominicano.com\/?p=219390","title":{"rendered":"RD a la vanguardia mundial en cirug\u00eda cataratas"},"content":{"rendered":"<p><body><\/p>\n<p><img decoding=\"async\" src=\"img3\/Libro .jpg\" \/><br \/><img decoding=\"async\" src=\"img3\/Dr. Espaillat.jpeg\" \/>  <\/p>\n<p><span class=\"text1noticias\">Santo Domingo, R. D., 12 de febrero.- El destacado oftalm\u00f3logo dominicano Dr. Arnaldo Espaillat Matos puso a circular en M\u00e9xico el libro Cirug\u00eda de la Catarata con L\u00e1ser de Femtosegundo.<\/span><\/p>\n<p><span class=\"text1noticias\"> <\/span><\/p>\n<p><span class=\"text1noticias\">La obra, de la cual el Dr. Espaillat es coeditor principal y coautor junto a otros destacados oftalm\u00f3logos internacionales, fue dada a conocer en el marco del Congreso Mundial de Oftalmolog\u00eda 2016.<\/span><\/p>\n<p><span class=\"text1noticias\"> <\/span><\/p>\n<p><span class=\"text1noticias\">El vig\u00e9simo quinto c\u00f3nclave oftalmol\u00f3gico tuvo lugar en Guadalajara, la segunda ciudad de M\u00e9xico, del 5 al 9 de febrero con la presencia de los m\u00e1s prestigiosos oftalm\u00f3logos del mundo.<\/span><\/p>\n<p><span class=\"text1noticias\"> <\/span><\/p>\n<p><span class=\"text1noticias\">El volumen puesto a circular expone los avances y las t\u00e9cnicas modernas de la cirug\u00eda de la catarata con l\u00e1ser, especialidad en la cual el Dr. Espaillat es reconocido a nivel internacional. Es coautor de otros 2 libros, ha escrito varios cap\u00edtulos para diferentes libros de su especialidad y m\u00faltiples art\u00edculos m\u00e9dicos sobre oftalmolog\u00eda publicados en revistas nacionales e internacionales.<\/span><\/p>\n<p><span class=\"text1noticias\"> <\/span><\/p>\n<p><span class=\"text1noticias\">La catarata es la opacidad parcial o total del cristalino, una de las estructuras fundamentales del ojo. Seg\u00fan la literatura m\u00e9dica, la catarata es la causa m\u00e1s com\u00fan de ceguera que puede ser corregida con cirug\u00eda.<\/span><\/p>\n<p><span class=\"text1noticias\"> <\/span><\/p>\n<p><span class=\"text1noticias\">Esta condici\u00f3n puede presentarse en diversas circunstancias, sobre todo con la edad o a consecuencia de traumas. Las personas afectadas de catarata enfrentan problemas para apreciar los colores, cambios de contraste y enfoque de objetos tanto cercanos como lejanos, por lo que impide realizar actividades cotidianas como conducir o leer.<\/span><\/p>\n<p><span class=\"text1noticias\"> <\/span><\/p>\n<p><span class=\"text1noticias\">Adem\u00e1s de dar a conocer a sus colegas de todo el mundo el m\u00e1s moderno volumen sobre correcci\u00f3n de catarata con l\u00e1ser, el Dr. Espaillat imparti\u00f3 tres conferencias en el Congreso Mundial.<\/span><\/p>\n<p><span class=\"text1noticias\"> <\/span><\/p>\n<p><span class=\"text1noticias\">El Dr. Arnaldo Espaillat Matos se doctor\u00f3 en Medicina en la UNPHU y es egresado del prestigioso Instituto Barraquer de Barcelona, donde curs\u00f3 durante ocho a\u00f1os la especialidad en oftalmolog\u00eda y subespecialidades en cataratas, retina y cirug\u00eda refractiva.<\/span><\/p>\n<p><span class=\"text1noticias\"> <\/span><\/p>\n<p><span class=\"text1noticias\">El Dr. Espaillat es miembro de la Mesa Ejecutiva de la Asociaci\u00f3n Latinoamericana de Cirujanos de Catarata, Segmento Anterior y Refractiva, y desde 1997 es Director M\u00e9dico del prestigioso centro oftalmol\u00f3gico especializado Instituto Espaillat Cabral de Santo Domingo, dedicado exclusivamente a la oftalmolog\u00eda y subespecialidades.<\/span><\/p>\n<p><span class=\"text1noticias\"> <\/span><\/p>\n<p><span class=\"text1noticias\">El Congreso Mundial de Oftalmolog\u00eda 2016 tuvo lugar en Guadalajara, M\u00e9jico, y tuvo la colaboraci\u00f3n de organizaci\u00f3n del International Council of Ophthalmolgy, la Sociedad Mejicana de Oftalmolog\u00eda y de la Asociaci\u00f3n Panamericana de Oftalmolog\u00eda.<\/span><\/p>\n<h6> 2016-02-12 16:22:49 <\/h6>\n<p><!--\n<link rel=\"stylesheet\" href=\"css\/bootstrap.min.css\">\n\n\n<ul class=\"pagination\">\n\t    \n\t\n\n<li >\n\t<a href='?page_no=13716'>Previous<\/a>\n\t<\/li>\n\n\n       \n    \n\n<li><a href='?page_no=1'>1<\/a><\/li>\n\n\n\n<li><a href='?page_no=2'>2<\/a><\/li>\n\n\n\n<li><a>...<\/a><\/li>\n\n\n\n<li><a href='?page_no=13715'>13715<\/a><\/li>\n\n\n\n<li><a href='?page_no=13716'>13716<\/a><\/li>\n\n\n\n<li class='active'><a>13717<\/a><\/li>\n\n\n\n<li><a href='?page_no=13718'>13718<\/a><\/li>\n\n\n\n<li><a href='?page_no=13719'>13719<\/a><\/li>\n\n\n\n<li><a>...<\/a><\/li>\n\n\n\n<li><a href='?page_no=56169'>56169<\/a><\/li>\n\n\n\n<li><a href='?page_no=56170'>56170<\/a><\/li>\n\n    \n\t\n\n<li >\n\t<a href='?page_no=13718'>Next<\/a>\n\t<\/li>\n\n\n    \n\n<li><a href='?page_no=56170'>Last &rsaquo;&rsaquo;<\/a><\/li>\n\n<\/ul>\n\n\n--><br \/>\n<\/body><\/p>\n","protected":false},"excerpt":{"rendered":"<p>Santo Domingo, R. D., 12 de febrero.- El destacado oftalm\u00f3logo dominicano Dr. Arnaldo Espaillat Matos puso a circular en M\u00e9xico el libro Cirug\u00eda de la Catarata con L\u00e1ser de Femtosegundo. La obra, de la cual el Dr. Espaillat es coeditor principal y coautor junto a otros destacados oftalm\u00f3logos internacionales, fue dada a conocer en el [&hellip;]<\/p>\n","protected":false},"author":3,"featured_media":0,"comment_status":"open","ping_status":"open","sticky":false,"template":"","format":"standard","meta":{"footnotes":""},"categories":[20],"tags":[],"class_list":["post-219390","post","type-post","status-publish","format-standard","hentry","category-dominicana-hoy"],"_links":{"self":[{"href":"https:\/\/diariodominicano.com\/index.php?rest_route=\/wp\/v2\/posts\/219390","targetHints":{"allow":["GET"]}}],"collection":[{"href":"https:\/\/diariodominicano.com\/index.php?rest_route=\/wp\/v2\/posts"}],"about":[{"href":"https:\/\/diariodominicano.com\/index.php?rest_route=\/wp\/v2\/types\/post"}],"author":[{"embeddable":true,"href":"https:\/\/diariodominicano.com\/index.php?rest_route=\/wp\/v2\/users\/3"}],"replies":[{"embeddable":true,"href":"https:\/\/diariodominicano.com\/index.php?rest_route=%2Fwp%2Fv2%2Fcomments&post=219390"}],"version-history":[{"count":0,"href":"https:\/\/diariodominicano.com\/index.php?rest_route=\/wp\/v2\/posts\/219390\/revisions"}],"wp:attachment":[{"href":"https:\/\/diariodominicano.com\/index.php?rest_route=%2Fwp%2Fv2%2Fmedia&parent=219390"}],"wp:term":[{"taxonomy":"category","embeddable":true,"href":"https:\/\/diariodominicano.com\/index.php?rest_route=%2Fwp%2Fv2%2Fcategories&post=219390"},{"taxonomy":"post_tag","embeddable":true,"href":"https:\/\/diariodominicano.com\/index.php?rest_route=%2Fwp%2Fv2%2Ftags&post=219390"}],"curies":[{"name":"wp","href":"https:\/\/api.w.org\/{rel}","templated":true}]}}