{"id":219389,"date":"2016-02-12T16:44:07","date_gmt":"2016-02-12T16:44:07","guid":{"rendered":"http:\/\/diariodominicano.ddns.net\/?p=219389"},"modified":"2016-02-12T16:44:07","modified_gmt":"2016-02-12T16:44:07","slug":"canciller-firma-acuerdo-de-cooperacion-con-pnud","status":"publish","type":"post","link":"https:\/\/diariodominicano.com\/?p=219389","title":{"rendered":"Canciller firma acuerdo de cooperaci\u00f3n con PNUD"},"content":{"rendered":"<p><body><\/p>\n<p><img decoding=\"async\" src=\"img3\/FIRMA MIREX Y PNUD.jpg\" \/>  <\/p>\n<p><strong><span class=\"text1noticias\">Santo Domingo, R. D., 12 de Febrero.-<\/span><\/strong><span class=\"text1noticias\"> El Ministro de Relaciones Exteriores (MIREX), Andr\u00e9s Navarro Garc\u00eda, firm\u00f3 un acuerdo de cooperaci\u00f3n con Lorenzo Jim\u00e9nez, Representante permanente del Programa de las Naciones Unidas para el Desarrollo (PNUD), para el fortalecimiento institucional de la Pol\u00edtica Exterior, elevando la capacidad de gesti\u00f3n de la Direcci\u00f3n de Cooperaci\u00f3n Internacional de la Canciller\u00eda, lo que permitir\u00e1 la elaboraci\u00f3n de un cat\u00e1logo de buenas pr\u00e1cticas nacionales a ser compartidas con otros pa\u00edses de Am\u00e9rica Latina y el Caribe.<\/span><\/p>\n<p><span class=\"text1noticias\"> <\/span><\/p>\n<p><span class=\"text1noticias\">El decidido apoyo del PNUD impulsar\u00e1 la oferta de cooperaci\u00f3n internacional de la Rep\u00fablica Dominicana frente a otras naciones, en el marco del Plan Estrat\u00e9gico 2015-2020 que ejecuta la Canciller\u00eda, en un paso concreto a trav\u00e9s del cual el pa\u00eds tendr\u00e1 ahora mayores posibilidades de negociaci\u00f3n pol\u00edtica en los organismos bilaterales y multilaterales.<\/span><\/p>\n<p><span class=\"text1noticias\"> <\/span><\/p>\n<p><span class=\"text1noticias\">Este proyecto que la Canciller\u00eda trabaja conjuntamente con el Ministerio de Econom\u00eda, Planificaci\u00f3n y Desarrollo (MEPYD) y el Ministerio de Hacienda, tiene como prop\u00f3sito definir el alcance, roles y funciones de los actos nacionales que conforman el Sistema Nacional De Cooperaci\u00f3n para el Desarrollo (SINACID), una de seis \u00e1reas de desarrollo convenidas en el memor\u00e1ndum de entendimiento rubricado con el PNUD en febrero del ano pasado.<\/span><\/p>\n<p><span class=\"text1noticias\"> <\/span><\/p>\n<p><span class=\"text1noticias\"> <\/span><\/p>\n<p><span class=\"text1noticias\">El acuerdo fue rubricado en un acto celebrado en el Sal\u00f3n Verde de la Canciller\u00eda, con la asistencia del viceministro de Econom\u00eda, Planificaci\u00f3n y Desarrollo, Inocencio Garc\u00eda, la viceministra Alejandra Liriano, encargada de Pol\u00edtica Exterior; el viceministro C\u00e9sar Dargam, encargado de Negociaciones Comerciales, entre otros funcionarios del MIREX.<\/span><\/p>\n<p><span class=\"text1noticias\"> <\/span><\/p>\n<p><span class=\"text1noticias\">Tras la firma del acuerdo, el canciller Andr\u00e9s Navarro destac\u00f3 que se trata de una demostraci\u00f3n m\u00e1s del proceso de desarrollo institucional que encamina el Ministerio de Relaciones Exteriores, como parte de la nueva y revolucionaria pol\u00edtica exterior, al tiempo que salud\u00f3 la gran identificaci\u00f3n que existe entre la Canciller\u00eda y el programa de cooperaci\u00f3n del PNUD.<\/span><\/p>\n<p><span class=\"text1noticias\"> <\/span><\/p>\n<p><span class=\"text1noticias\">Dijo que la captaci\u00f3n en materia de cooperaci\u00f3n le concede un valor agregado a las relaciones diplom\u00e1ticas y comerciales de la Rep\u00fablica Dominicana con las dem\u00e1s naciones del mundo, \u00abpor lo que podemos afirma que estamos abriendo una nueva p\u00e1gina en pos de lograr ese nivel de reciprocidad en materia de cooperaci\u00f3n internacional\u00bb.<\/span><\/p>\n<p><span class=\"text1noticias\"> <\/span><\/p>\n<p><span class=\"text1noticias\">Precis\u00f3 que hist\u00f3ricamente la Rep\u00fablica Dominicana ha recibido ofertas de cooperaci\u00f3n internacional sin poder reciprocar tales iniciativas que se suceden en los distintos organismos multilaterales, \u00abpero ahora con este proyecto que encaminamos con el apoyo del PNUD, estaremos en condiciones de reciprocar la cooperaci\u00f3n en distintas \u00e1reas que el pa\u00eds ha mostrado un notable desarrollo y que otras naciones hoy est\u00e1n interesados en replicar. Esa reciprocidad  dar\u00e1 mayor fortaleza a la soberan\u00eda e identidad nacional\u00bb.<\/span><\/p>\n<p><span class=\"text1noticias\"> <\/span><\/p>\n<p><span class=\"text1noticias\">En tanto que el representante del PNUD, Jim\u00e9nez de Luis, dijo con el proyecto en marcha, el pa\u00eds estar\u00e1 en condiciones de decirle al mundo las cosas que est\u00e1 haciendo bien hechas, lo que a su juicio se expresa casi todos los d\u00edas, \u00abuna realidad que el pa\u00eds debe exponerle al mundo, pues tiene muchos buenos ejemplos que est\u00e1 dando y que son importantes replicar en muchas naciones latinoamericanas y caribe\u00f1as\u00bb.<\/span><\/p>\n<p><span class=\"text1noticias\"> <\/span><\/p>\n<p><span class=\"text1noticias\">Destac\u00f3 que \u00abya la Rep\u00fablica Dominicana no es s\u00f3lo el pa\u00eds que recib\u00eda y recib\u00eda, sino que ahora tiene mucho que dar y reciprocar en su pol\u00edtica de cooperaci\u00f3n internacional, una gran realidad que fortalece y moderniza su pol\u00edtica exterior que todos reconocemos\u00bb.<\/span><\/p>\n<p><span class=\"text1noticias\"> <\/span><\/p>\n<p><span class=\"text1noticias\">Declar\u00f3 que el pa\u00eds est\u00e1 bien preparado para responder a las expectativas creadas este a\u00f1o en el montaje de la Cuadrag\u00e9sima-sexta Asamblea General de la Organizaci\u00f3n de Estados Americanos (OEA), as\u00ed como en la organizaci\u00f3n de los m\u00e1s de 20 eventos internacionales, incluyendo las cuatro cumbres de la Comunidad Latinoamericanas y Caribe\u00f1a (CELAC), una de jefes de Estado y de Gobiernos, y tres de cancilleres.<\/span><\/p>\n<h6> 2016-02-12 16:44:07 <\/h6>\n<p><!--\n<link rel=\"stylesheet\" href=\"css\/bootstrap.min.css\">\n\n\n<ul class=\"pagination\">\n\t    \n\t\n\n<li >\n\t<a href='?page_no=13715'>Previous<\/a>\n\t<\/li>\n\n\n       \n    \n\n<li><a href='?page_no=1'>1<\/a><\/li>\n\n\n\n<li><a href='?page_no=2'>2<\/a><\/li>\n\n\n\n<li><a>...<\/a><\/li>\n\n\n\n<li><a href='?page_no=13714'>13714<\/a><\/li>\n\n\n\n<li><a href='?page_no=13715'>13715<\/a><\/li>\n\n\n\n<li class='active'><a>13716<\/a><\/li>\n\n\n\n<li><a href='?page_no=13717'>13717<\/a><\/li>\n\n\n\n<li><a href='?page_no=13718'>13718<\/a><\/li>\n\n\n\n<li><a>...<\/a><\/li>\n\n\n\n<li><a href='?page_no=56169'>56169<\/a><\/li>\n\n\n\n<li><a href='?page_no=56170'>56170<\/a><\/li>\n\n    \n\t\n\n<li >\n\t<a href='?page_no=13717'>Next<\/a>\n\t<\/li>\n\n\n    \n\n<li><a href='?page_no=56170'>Last &rsaquo;&rsaquo;<\/a><\/li>\n\n<\/ul>\n\n\n--><br \/>\n<\/body><\/p>\n","protected":false},"excerpt":{"rendered":"<p>Santo Domingo, R. D., 12 de Febrero.- El Ministro de Relaciones Exteriores (MIREX), Andr\u00e9s Navarro Garc\u00eda, firm\u00f3 un acuerdo de cooperaci\u00f3n con Lorenzo Jim\u00e9nez, Representante permanente del Programa de las Naciones Unidas para el Desarrollo (PNUD), para el fortalecimiento institucional de la Pol\u00edtica Exterior, elevando la capacidad de gesti\u00f3n de la Direcci\u00f3n de Cooperaci\u00f3n Internacional [&hellip;]<\/p>\n","protected":false},"author":3,"featured_media":0,"comment_status":"open","ping_status":"open","sticky":false,"template":"","format":"standard","meta":{"footnotes":""},"categories":[20],"tags":[],"class_list":["post-219389","post","type-post","status-publish","format-standard","hentry","category-dominicana-hoy"],"_links":{"self":[{"href":"https:\/\/diariodominicano.com\/index.php?rest_route=\/wp\/v2\/posts\/219389","targetHints":{"allow":["GET"]}}],"collection":[{"href":"https:\/\/diariodominicano.com\/index.php?rest_route=\/wp\/v2\/posts"}],"about":[{"href":"https:\/\/diariodominicano.com\/index.php?rest_route=\/wp\/v2\/types\/post"}],"author":[{"embeddable":true,"href":"https:\/\/diariodominicano.com\/index.php?rest_route=\/wp\/v2\/users\/3"}],"replies":[{"embeddable":true,"href":"https:\/\/diariodominicano.com\/index.php?rest_route=%2Fwp%2Fv2%2Fcomments&post=219389"}],"version-history":[{"count":0,"href":"https:\/\/diariodominicano.com\/index.php?rest_route=\/wp\/v2\/posts\/219389\/revisions"}],"wp:attachment":[{"href":"https:\/\/diariodominicano.com\/index.php?rest_route=%2Fwp%2Fv2%2Fmedia&parent=219389"}],"wp:term":[{"taxonomy":"category","embeddable":true,"href":"https:\/\/diariodominicano.com\/index.php?rest_route=%2Fwp%2Fv2%2Fcategories&post=219389"},{"taxonomy":"post_tag","embeddable":true,"href":"https:\/\/diariodominicano.com\/index.php?rest_route=%2Fwp%2Fv2%2Ftags&post=219389"}],"curies":[{"name":"wp","href":"https:\/\/api.w.org\/{rel}","templated":true}]}}