{"id":219386,"date":"2016-02-13T08:57:23","date_gmt":"2016-02-13T08:57:23","guid":{"rendered":"http:\/\/diariodominicano.ddns.net\/?p=219386"},"modified":"2016-02-13T08:57:23","modified_gmt":"2016-02-13T08:57:23","slug":"delegacion-dominicana-visita-proyectos-de-viviendas-para-familias-en-colombia","status":"publish","type":"post","link":"https:\/\/diariodominicano.com\/?p=219386","title":{"rendered":"Delegaci\u00f3n dominicana visita proyectos de viviendas para familias en Colombia"},"content":{"rendered":"<p><body><\/p>\n<p><img decoding=\"async\" src=\"img3\/monta 1.jpg\" \/><br \/><img decoding=\"async\" src=\"img3\/talvo 13.jpg\" \/>  <\/p>\n<p>Santo Domingo RD 13 febrero (DICOM).- A fines de conocer la experiencia de Colombia en desarrollo de ciudades para familias de ingresos medio y medio bajo, la delegaci\u00f3n dominicana que sali\u00f3 ayer hacia ese pa\u00eds visit\u00f3 los proyectos habitacionales Ciudad Verde y Ciudadela Maipor\u00e9.<\/p>\n<p><strong> <\/strong><\/p>\n<p><strong>Satisfacer necesidades de los habitantes<\/strong><\/p>\n<\/p>\n<p>Durante el recorrido por los proyectos ubicados en el municipio de Soacha en Cundinamarca, los funcionarios y empresarios pudieron constatar el enfoque integral que tienen ambas ciudades, el cual est\u00e1 fundamentado en componentes que buscan satisfacer la mayor\u00eda de las necesidades de las personas que habitan en estos espacios urbanos, tales como educaci\u00f3n, salud, seguridad ciudadana, deporte, cultura, entre otros.<\/p>\n<\/p>\n<p><strong>Ciudad Verde fue ejemplo para dise\u00f1ar Ciudad Juan Bosch<\/strong><\/p>\n<\/p>\n<p>\u00abCiudad Verde fue uno de los ejemplos que tomamos al dise\u00f1ar el proyecto de Ciudad Juan Bosch, por el enfoque integral en el manejo del h\u00e1bitat para los habitantes, enfatizando la creaci\u00f3n de espacios verdes y la disposici\u00f3n de numerosos centros de servicios sociales\u00bb, coment\u00f3 el ministro de la Presidencia, Gustavo Montalvo durante el recorrido.<\/p>\n<\/p>\n<p><strong>Reuniones con ejecutivos de Colsubsidios<\/strong><\/p>\n<\/p>\n<p>Asimismo, sostuvieron reuniones con ejecutivos de Colsubsidios para conocer los distintos programas de subsidios para la adquisici\u00f3n de viviendas que tiene el gobierno colombiano para familias de bajos ingresos y para grupos poblacionales de especial inter\u00e9s del Estado.<\/p>\n<\/p>\n<p><strong>Promover que familias de bajos ingresos puedan adquirir viviendas<\/strong><\/p>\n<\/p>\n<p>De igual forma, el Ministro de la Presidencia expres\u00f3 el inter\u00e9s del Gobierno en seguir explorando programas de fomento a la vivienda de bajo costo de otros pa\u00edses, para identificar nuevas formas de promover que cada vez m\u00e1s, un mayor n\u00famero de familias de bajos ingresos puedan adquirir sus viviendas.<\/p>\n<\/p>\n<p>Esta visita se realiza en el marco de la declaraci\u00f3n del a\u00f1o 2016 como A\u00f1o de Fomento a la Vivienda.<\/p>\n<\/p>\n<p>Adem\u00e1s del ministro de la Presidencia, Gustavo Montalvo, participaron el ministro de Econom\u00eda, Planificaci\u00f3n y Desarrollo, Tem\u00edstocles Mont\u00e1s; el embajador dominicano en Colombia, Briunny Garabito, y el viceministro de la Presidencia, Juan Ariel Jim\u00e9nez.<\/p>\n<\/p>\n<p>Por el sector privado, Manuel Tavares, Frank Rainieri, Felipe Vicini, Rafael Blanco Canto, Rafael Paz y Darwin Caraballo.<\/p>\n<h6> 2016-02-13 08:57:23 <\/h6>\n<p><!--\n<link rel=\"stylesheet\" href=\"css\/bootstrap.min.css\">\n\n\n<ul class=\"pagination\">\n\t    \n\t\n\n<li >\n\t<a href='?page_no=13712'>Previous<\/a>\n\t<\/li>\n\n\n       \n    \n\n<li><a href='?page_no=1'>1<\/a><\/li>\n\n\n\n<li><a href='?page_no=2'>2<\/a><\/li>\n\n\n\n<li><a>...<\/a><\/li>\n\n\n\n<li><a href='?page_no=13711'>13711<\/a><\/li>\n\n\n\n<li><a href='?page_no=13712'>13712<\/a><\/li>\n\n\n\n<li class='active'><a>13713<\/a><\/li>\n\n\n\n<li><a href='?page_no=13714'>13714<\/a><\/li>\n\n\n\n<li><a href='?page_no=13715'>13715<\/a><\/li>\n\n\n\n<li><a>...<\/a><\/li>\n\n\n\n<li><a href='?page_no=56169'>56169<\/a><\/li>\n\n\n\n<li><a href='?page_no=56170'>56170<\/a><\/li>\n\n    \n\t\n\n<li >\n\t<a href='?page_no=13714'>Next<\/a>\n\t<\/li>\n\n\n    \n\n<li><a href='?page_no=56170'>Last &rsaquo;&rsaquo;<\/a><\/li>\n\n<\/ul>\n\n\n--><br \/>\n<\/body><\/p>\n","protected":false},"excerpt":{"rendered":"<p>Santo Domingo RD 13 febrero (DICOM).- A fines de conocer la experiencia de Colombia en desarrollo de ciudades para familias de ingresos medio y medio bajo, la delegaci\u00f3n dominicana que sali\u00f3 ayer hacia ese pa\u00eds visit\u00f3 los proyectos habitacionales Ciudad Verde y Ciudadela Maipor\u00e9. Satisfacer necesidades de los habitantes Durante el recorrido por los proyectos [&hellip;]<\/p>\n","protected":false},"author":3,"featured_media":0,"comment_status":"open","ping_status":"open","sticky":false,"template":"","format":"standard","meta":{"footnotes":""},"categories":[20],"tags":[],"class_list":["post-219386","post","type-post","status-publish","format-standard","hentry","category-dominicana-hoy"],"_links":{"self":[{"href":"https:\/\/diariodominicano.com\/index.php?rest_route=\/wp\/v2\/posts\/219386","targetHints":{"allow":["GET"]}}],"collection":[{"href":"https:\/\/diariodominicano.com\/index.php?rest_route=\/wp\/v2\/posts"}],"about":[{"href":"https:\/\/diariodominicano.com\/index.php?rest_route=\/wp\/v2\/types\/post"}],"author":[{"embeddable":true,"href":"https:\/\/diariodominicano.com\/index.php?rest_route=\/wp\/v2\/users\/3"}],"replies":[{"embeddable":true,"href":"https:\/\/diariodominicano.com\/index.php?rest_route=%2Fwp%2Fv2%2Fcomments&post=219386"}],"version-history":[{"count":0,"href":"https:\/\/diariodominicano.com\/index.php?rest_route=\/wp\/v2\/posts\/219386\/revisions"}],"wp:attachment":[{"href":"https:\/\/diariodominicano.com\/index.php?rest_route=%2Fwp%2Fv2%2Fmedia&parent=219386"}],"wp:term":[{"taxonomy":"category","embeddable":true,"href":"https:\/\/diariodominicano.com\/index.php?rest_route=%2Fwp%2Fv2%2Fcategories&post=219386"},{"taxonomy":"post_tag","embeddable":true,"href":"https:\/\/diariodominicano.com\/index.php?rest_route=%2Fwp%2Fv2%2Ftags&post=219386"}],"curies":[{"name":"wp","href":"https:\/\/api.w.org\/{rel}","templated":true}]}}