{"id":219379,"date":"2016-02-14T08:43:55","date_gmt":"2016-02-14T08:43:55","guid":{"rendered":"http:\/\/diariodominicano.ddns.net\/?p=219379"},"modified":"2016-02-14T08:43:55","modified_gmt":"2016-02-14T08:43:55","slug":"lam-auspicia-pedalea-por-tu-corazon","status":"publish","type":"post","link":"https:\/\/diariodominicano.com\/?p=219379","title":{"rendered":"LAM auspicia Pedalea por tu Coraz\u00f3n"},"content":{"rendered":"<p><body><\/p>\n<p><img decoding=\"async\" src=\"img3\/bici 1.jpg\" \/><br \/><img decoding=\"async\" src=\"img3\/bici 2.jpg\" \/>  <\/p>\n<p>Santo Domingo, RD 14 febrero.-  Con el prop\u00f3sito de celebrar el mes del coraz\u00f3n y concientizar sobre la importancia del ejercicio en la prevenci\u00f3n de enfermedades cardiovasculares, Laboratorios LAM por tercer a\u00f1o consecutivo, auspici\u00f3 la tercera vuelta en bicicletas \u00abPedalea por tu Coraz\u00f3n\u00bb realizada por la Sociedad Dominicana de Cardiolog\u00eda, el pasado s\u00e1bado en la Avenida de la Salud, Mirador Sur.<\/p>\n<\/p>\n<p>Se trat\u00f3 de una jornada en bicicletas dise\u00f1ada para promover la vida saludable a trav\u00e9s del ejercicio f\u00edsico como m\u00e9todo preventivo contra las enfermedades cardiovasculares, d\u00f3nde adem\u00e1s se realizaron actividades para toda la familia.<\/p>\n<\/p>\n<p>\u00abPedalea por tu Coraz\u00f3n\u00bb se adhiere al programa de actividades conmemorativas por el mes del coraz\u00f3n que a su vez buscan promover el ejercicio f\u00edsico como mecanismo de prevenci\u00f3n.<\/p>\n<\/p>\n<p>LAM CARDIOVASCULAR con su marca CORALAT, auspician este tipo de encuentros en el entendido de que la prevenci\u00f3n a trav\u00e9s de la actividad f\u00edsica es la mejor v\u00eda para evitar las enfermedades del coraz\u00f3n de cara a una vida saludable, alejada del estr\u00e9s y la obesidad.<\/p>\n<\/p>\n<p>Durante la jornada fueron entregadas medallas de participaci\u00f3n a todos los que asistieron. Igualmente se programaron atracciones infantiles, as\u00ed como la presencia de personalidades que con su participaci\u00f3n apoyaron esta iniciativa que busca integrar a la familia a partir de una actividad saludable.<\/p>\n<\/p>\n<p>La primera semana del mes de febrero fue celebrada la jornada caminata por el mes del coraz\u00f3n organizada por La Sociedad Dominicana de Cardiolog\u00eda y cont\u00f3 con el apoyo de Laboratorios Lam en la explanada del Faro a Col\u00f3n donde asistieron cientos de participantes.<\/p>\n<h6> 2016-02-14 08:43:55 <\/h6>\n<p><!--\n<link rel=\"stylesheet\" href=\"css\/bootstrap.min.css\">\n\n\n<ul class=\"pagination\">\n\t    \n\t\n\n<li >\n\t<a href='?page_no=13706'>Previous<\/a>\n\t<\/li>\n\n\n       \n    \n\n<li><a href='?page_no=1'>1<\/a><\/li>\n\n\n\n<li><a href='?page_no=2'>2<\/a><\/li>\n\n\n\n<li><a>...<\/a><\/li>\n\n\n\n<li><a href='?page_no=13705'>13705<\/a><\/li>\n\n\n\n<li><a href='?page_no=13706'>13706<\/a><\/li>\n\n\n\n<li class='active'><a>13707<\/a><\/li>\n\n\n\n<li><a href='?page_no=13708'>13708<\/a><\/li>\n\n\n\n<li><a href='?page_no=13709'>13709<\/a><\/li>\n\n\n\n<li><a>...<\/a><\/li>\n\n\n\n<li><a href='?page_no=56169'>56169<\/a><\/li>\n\n\n\n<li><a href='?page_no=56170'>56170<\/a><\/li>\n\n    \n\t\n\n<li >\n\t<a href='?page_no=13708'>Next<\/a>\n\t<\/li>\n\n\n    \n\n<li><a href='?page_no=56170'>Last &rsaquo;&rsaquo;<\/a><\/li>\n\n<\/ul>\n\n\n--><br \/>\n<\/body><\/p>\n","protected":false},"excerpt":{"rendered":"<p>Santo Domingo, RD 14 febrero.- Con el prop\u00f3sito de celebrar el mes del coraz\u00f3n y concientizar sobre la importancia del ejercicio en la prevenci\u00f3n de enfermedades cardiovasculares, Laboratorios LAM por tercer a\u00f1o consecutivo, auspici\u00f3 la tercera vuelta en bicicletas \u00abPedalea por tu Coraz\u00f3n\u00bb realizada por la Sociedad Dominicana de Cardiolog\u00eda, el pasado s\u00e1bado en la [&hellip;]<\/p>\n","protected":false},"author":3,"featured_media":0,"comment_status":"open","ping_status":"open","sticky":false,"template":"","format":"standard","meta":{"footnotes":""},"categories":[20],"tags":[],"class_list":["post-219379","post","type-post","status-publish","format-standard","hentry","category-dominicana-hoy"],"_links":{"self":[{"href":"https:\/\/diariodominicano.com\/index.php?rest_route=\/wp\/v2\/posts\/219379","targetHints":{"allow":["GET"]}}],"collection":[{"href":"https:\/\/diariodominicano.com\/index.php?rest_route=\/wp\/v2\/posts"}],"about":[{"href":"https:\/\/diariodominicano.com\/index.php?rest_route=\/wp\/v2\/types\/post"}],"author":[{"embeddable":true,"href":"https:\/\/diariodominicano.com\/index.php?rest_route=\/wp\/v2\/users\/3"}],"replies":[{"embeddable":true,"href":"https:\/\/diariodominicano.com\/index.php?rest_route=%2Fwp%2Fv2%2Fcomments&post=219379"}],"version-history":[{"count":0,"href":"https:\/\/diariodominicano.com\/index.php?rest_route=\/wp\/v2\/posts\/219379\/revisions"}],"wp:attachment":[{"href":"https:\/\/diariodominicano.com\/index.php?rest_route=%2Fwp%2Fv2%2Fmedia&parent=219379"}],"wp:term":[{"taxonomy":"category","embeddable":true,"href":"https:\/\/diariodominicano.com\/index.php?rest_route=%2Fwp%2Fv2%2Fcategories&post=219379"},{"taxonomy":"post_tag","embeddable":true,"href":"https:\/\/diariodominicano.com\/index.php?rest_route=%2Fwp%2Fv2%2Ftags&post=219379"}],"curies":[{"name":"wp","href":"https:\/\/api.w.org\/{rel}","templated":true}]}}