{"id":219378,"date":"2016-02-14T09:48:43","date_gmt":"2016-02-14T09:48:43","guid":{"rendered":"http:\/\/diariodominicano.ddns.net\/?p=219378"},"modified":"2016-02-14T09:48:43","modified_gmt":"2016-02-14T09:48:43","slug":"presidencia-de-la-republica-remozara-cerca-de-900-viviendas-en-la-cienaga","status":"publish","type":"post","link":"https:\/\/diariodominicano.com\/?p=219378","title":{"rendered":"Presidencia de la Rep\u00fablica remozar\u00e1 cerca de 900 viviendas en La Ci\u00e9naga"},"content":{"rendered":"<p><body><\/p>\n<p><img decoding=\"async\" src=\"img3\/remo 5.jpg\" \/><br \/><img decoding=\"async\" src=\"img3\/remo 2.jpg\" \/><br \/><img decoding=\"async\" src=\"img3\/remo 1.jpg\" \/>  <\/p>\n<p>Santo Domingo RD 14 febrero.- El director de la Corporaci\u00f3n del Acueducto y Alcantarillado de Santo Domingo (CAASD), arquitecto Alejandro Mont\u00e1s, inform\u00f3 que 885 viviendas del sector La Ci\u00e9naga ser\u00e1n rehabilitadas y reconstruidas por disposici\u00f3n del Presidente Danilo Medina.<\/p>\n<\/p>\n<p>Mont\u00e1s indic\u00f3 que la Comisi\u00f3n que design\u00f3 el mandatario para hacer el levantamiento de las viviendas en mal estado en esa comunidad tiene identificadas las casas que ser\u00e1n reparadas.<\/p>\n<\/p>\n<p>Dijo que el censo lo hicieron personal de la CAASD y del Ministerio de Defensa, en compa\u00f1\u00eda de los representantes de las Iglesias Cat\u00f3lica, Evang\u00e9lica y Adventista, as\u00ed como los l\u00edderes comunitarios que integran la Comisi\u00f3n nombrada por el Jefe del Estado, cuando inaugur\u00f3 el saneamiento de la Ca\u00f1ada El Arrozal.<\/p>\n<\/p>\n<p>El director de la CAASD inform\u00f3 que este lunes se le entregar\u00e1 al Presidente Medina el levantamiento que se hizo en esa comunidad con las condiciones \u00abde las casitas\u00bb y con los detalles de la intervenci\u00f3n que se le har\u00e1 a cada una de las viviendas identificadas.<\/p>\n<\/p>\n<p>La informaci\u00f3n y el presupuesto para la rehabilitaci\u00f3n de esas 885 casas se la entregar\u00e1n al Presidente de la Rep\u00fablica, el ministro de Defensa, teniente general M\u00e1ximo William Mu\u00f1oz Delgado y el director de la CAASD.<\/p>\n<\/p>\n<p>\u00abSe trabaj\u00f3 en el censo todas las  viviendas que conforman 12 Lotes. Se le asignaron seis Lotes a igual n\u00famero de ingenieros de La CAASD con los comunitarios correspondientes y 6 Lotes a 6 ingenieros Militares tambi\u00e9n con los Comunitarios\u00bb, precis\u00f3 el funcionario.<\/p>\n<\/p>\n<h6> 2016-02-14 09:48:43 <\/h6>\n<p><!--\n<link rel=\"stylesheet\" href=\"css\/bootstrap.min.css\">\n\n\n<ul class=\"pagination\">\n\t    \n\t\n\n<li >\n\t<a href='?page_no=13705'>Previous<\/a>\n\t<\/li>\n\n\n       \n    \n\n<li><a href='?page_no=1'>1<\/a><\/li>\n\n\n\n<li><a href='?page_no=2'>2<\/a><\/li>\n\n\n\n<li><a>...<\/a><\/li>\n\n\n\n<li><a href='?page_no=13704'>13704<\/a><\/li>\n\n\n\n<li><a href='?page_no=13705'>13705<\/a><\/li>\n\n\n\n<li class='active'><a>13706<\/a><\/li>\n\n\n\n<li><a href='?page_no=13707'>13707<\/a><\/li>\n\n\n\n<li><a href='?page_no=13708'>13708<\/a><\/li>\n\n\n\n<li><a>...<\/a><\/li>\n\n\n\n<li><a href='?page_no=56169'>56169<\/a><\/li>\n\n\n\n<li><a href='?page_no=56170'>56170<\/a><\/li>\n\n    \n\t\n\n<li >\n\t<a href='?page_no=13707'>Next<\/a>\n\t<\/li>\n\n\n    \n\n<li><a href='?page_no=56170'>Last &rsaquo;&rsaquo;<\/a><\/li>\n\n<\/ul>\n\n\n--><br \/>\n<\/body><\/p>\n","protected":false},"excerpt":{"rendered":"<p>Santo Domingo RD 14 febrero.- El director de la Corporaci\u00f3n del Acueducto y Alcantarillado de Santo Domingo (CAASD), arquitecto Alejandro Mont\u00e1s, inform\u00f3 que 885 viviendas del sector La Ci\u00e9naga ser\u00e1n rehabilitadas y reconstruidas por disposici\u00f3n del Presidente Danilo Medina. Mont\u00e1s indic\u00f3 que la Comisi\u00f3n que design\u00f3 el mandatario para hacer el levantamiento de las viviendas [&hellip;]<\/p>\n","protected":false},"author":3,"featured_media":0,"comment_status":"open","ping_status":"open","sticky":false,"template":"","format":"standard","meta":{"footnotes":""},"categories":[20],"tags":[],"class_list":["post-219378","post","type-post","status-publish","format-standard","hentry","category-dominicana-hoy"],"_links":{"self":[{"href":"https:\/\/diariodominicano.com\/index.php?rest_route=\/wp\/v2\/posts\/219378","targetHints":{"allow":["GET"]}}],"collection":[{"href":"https:\/\/diariodominicano.com\/index.php?rest_route=\/wp\/v2\/posts"}],"about":[{"href":"https:\/\/diariodominicano.com\/index.php?rest_route=\/wp\/v2\/types\/post"}],"author":[{"embeddable":true,"href":"https:\/\/diariodominicano.com\/index.php?rest_route=\/wp\/v2\/users\/3"}],"replies":[{"embeddable":true,"href":"https:\/\/diariodominicano.com\/index.php?rest_route=%2Fwp%2Fv2%2Fcomments&post=219378"}],"version-history":[{"count":0,"href":"https:\/\/diariodominicano.com\/index.php?rest_route=\/wp\/v2\/posts\/219378\/revisions"}],"wp:attachment":[{"href":"https:\/\/diariodominicano.com\/index.php?rest_route=%2Fwp%2Fv2%2Fmedia&parent=219378"}],"wp:term":[{"taxonomy":"category","embeddable":true,"href":"https:\/\/diariodominicano.com\/index.php?rest_route=%2Fwp%2Fv2%2Fcategories&post=219378"},{"taxonomy":"post_tag","embeddable":true,"href":"https:\/\/diariodominicano.com\/index.php?rest_route=%2Fwp%2Fv2%2Ftags&post=219378"}],"curies":[{"name":"wp","href":"https:\/\/api.w.org\/{rel}","templated":true}]}}