{"id":219377,"date":"2016-02-14T10:37:50","date_gmt":"2016-02-14T10:37:50","guid":{"rendered":"http:\/\/diariodominicano.ddns.net\/?p=219377"},"modified":"2016-02-14T10:37:50","modified_gmt":"2016-02-14T10:37:50","slug":"cepal-felicita-al-siuben-por-aportes-lucha-contra-la-pobreza","status":"publish","type":"post","link":"https:\/\/diariodominicano.com\/?p=219377","title":{"rendered":"CEPAL felicita al Siuben por aportes lucha contra la pobreza"},"content":{"rendered":"<p><body><\/p>\n<p><img decoding=\"async\" src=\"img3\/marga 2.jpg\" \/>  <\/p>\n<p>Santo Domingo RD, 14 de febrero de 2016.-  La Comisi\u00f3n Econ\u00f3mica para Am\u00e9rica  Latina y el Caribe (CEPAL) felicit\u00f3 al Sistema \u00danico de Beneficiarios (Siuben),  que dirige la vicepresidenta y coordinadora del Gabinete de Pol\u00edticas Sociales, Margarita Cede\u00f1o,  por sus aportes en la lucha contra la pobreza.<\/p>\n<\/p>\n<p>En una misiva dirigida al Siuben, la secretaria ejecutiva de la CEPAL, Alicia B\u00e1rcena, resalt\u00f3 el inter\u00e9s de ese organismo en seguir apoyando las acciones de pol\u00edticas sociales que lleva a cabo el Gobierno dominicano, a trav\u00e9s del Gabinete de Coordinaci\u00f3n de Pol\u00edticas Sociales.<\/p>\n<\/p>\n<p>\u00abLe extiendo una sincera felicitaci\u00f3n a usted y a su equipo de trabajo por los importantes proyectos que est\u00e1n realizando en materia de fortalecimiento de los sistemas de informaci\u00f3n para identificar a los beneficiarios de los programas sociales, y le reitero el compromiso de la CEPAL para continuar colaborando con las instancias del Gabinete de Coordinaci\u00f3n de Pol\u00edticas Sociales en las importantes acciones que llevan a cabo\u00bb, precis\u00f3 B\u00e1rcena.<\/p>\n<\/p>\n<p>Inform\u00f3 que en los pr\u00f3ximos d\u00edas la CEPAL enviar\u00e1 una comisi\u00f3n de asistencia t\u00e9cnica encabezada por el funcionario Fernando Medina, quienes se reunir\u00e1n con las autoridades del Siuben, para  definir los objetivos de la misi\u00f3n e identificar la informaci\u00f3n que debe prepararse con el prop\u00f3sito de que su visita satisfaga sus expectativas.<\/p>\n<\/p>\n<p>\u00abLe comunico que para esta comisi\u00f3n es prioridad apoyar a los pa\u00edses en el fortalecimiento de los sistemas de informaci\u00f3n que favorezcan la toma de decisiones en matar\u00eda  de dise\u00f1o y evaluaci\u00f3n de pol\u00edticas p\u00fablicas orientadas en la superaci\u00f3n de la pobreza y las desigualdades en todas sus manifestaciones\u00bb, resalt\u00f3 B\u00e1rcena en su carta.<\/p>\n<\/p>\n<p>Previamente el Siuben solicit\u00f3 el apoyo de ese organismo de las Naciones Unidas para participar en los an\u00e1lisis de consistencia de la base de informaci\u00f3n socioecon\u00f3mica que realiza la instituci\u00f3n, con el prop\u00f3sito de profundizar en el an\u00e1lisis multidimensional de la pobreza.<\/p>\n<\/p>\n<p>La Vicepresidencia de la Rep\u00fablica, con el apoyo de la Universidad de Oxford y el Programa de las Naciones Unidas para el Desarrollo (PNUD), ejecuta desde el Siuben una metodolog\u00eda para la medici\u00f3n de la pobreza multidimensional con el objetivo de facilitar la formulaci\u00f3n de pol\u00edticas p\u00fablicas que incidan en la reducci\u00f3n de ese flagelo y la exclusi\u00f3n social.<\/p>\n<\/p>\n<p>En noviembre del a\u00f1o pasado Margarita Cede\u00f1o se reuni\u00f3 con B\u00e1rcenas en Lima, Per\u00fa y con la subsecretaria general de la ONU, Jessica Faieta, previo a la Conferencia Regional sobre Desarrollo Social de Am\u00e9rica Latina y el Caribe celebrada en esa naci\u00f3n, con quienes coordin\u00f3 los aspectos generales del Foro Ministerial de Desarrollo Social de Am\u00e9rica Latina y el Caribe que desarrollar\u00e1 este a\u00f1o en la capital dominicana.<\/p>\n<\/p>\n<p>El evento tendr\u00e1 lugar en noviembre pr\u00f3ximo y reunir\u00e1 a las principales figuras p\u00fablicas de la regi\u00f3n en materia de pol\u00edticas sociales. En ese escenario ser\u00e1n discutidos los aspectos multidimensionales del combate a la pobreza e intercambiar experiencias en toda la regi\u00f3n, con el objetivo de fortalecer la lucha contra la desigualdad social.<\/p>\n<\/p>\n<p>Direcci\u00f3n de Comunicaci\u00f3n<\/p>\n<\/p>\n<h6> 2016-02-14 10:37:50 <\/h6>\n<p><!--\n<link rel=\"stylesheet\" href=\"css\/bootstrap.min.css\">\n\n\n<ul class=\"pagination\">\n\t    \n\t\n\n<li >\n\t<a href='?page_no=13704'>Previous<\/a>\n\t<\/li>\n\n\n       \n    \n\n<li><a href='?page_no=1'>1<\/a><\/li>\n\n\n\n<li><a href='?page_no=2'>2<\/a><\/li>\n\n\n\n<li><a>...<\/a><\/li>\n\n\n\n<li><a href='?page_no=13703'>13703<\/a><\/li>\n\n\n\n<li><a href='?page_no=13704'>13704<\/a><\/li>\n\n\n\n<li class='active'><a>13705<\/a><\/li>\n\n\n\n<li><a href='?page_no=13706'>13706<\/a><\/li>\n\n\n\n<li><a href='?page_no=13707'>13707<\/a><\/li>\n\n\n\n<li><a>...<\/a><\/li>\n\n\n\n<li><a href='?page_no=56169'>56169<\/a><\/li>\n\n\n\n<li><a href='?page_no=56170'>56170<\/a><\/li>\n\n    \n\t\n\n<li >\n\t<a href='?page_no=13706'>Next<\/a>\n\t<\/li>\n\n\n    \n\n<li><a href='?page_no=56170'>Last &rsaquo;&rsaquo;<\/a><\/li>\n\n<\/ul>\n\n\n--><br \/>\n<\/body><\/p>\n","protected":false},"excerpt":{"rendered":"<p>Santo Domingo RD, 14 de febrero de 2016.- La Comisi\u00f3n Econ\u00f3mica para Am\u00e9rica Latina y el Caribe (CEPAL) felicit\u00f3 al Sistema \u00danico de Beneficiarios (Siuben), que dirige la vicepresidenta y coordinadora del Gabinete de Pol\u00edticas Sociales, Margarita Cede\u00f1o, por sus aportes en la lucha contra la pobreza. En una misiva dirigida al Siuben, la secretaria [&hellip;]<\/p>\n","protected":false},"author":3,"featured_media":0,"comment_status":"open","ping_status":"open","sticky":false,"template":"","format":"standard","meta":{"footnotes":""},"categories":[20],"tags":[],"class_list":["post-219377","post","type-post","status-publish","format-standard","hentry","category-dominicana-hoy"],"_links":{"self":[{"href":"https:\/\/diariodominicano.com\/index.php?rest_route=\/wp\/v2\/posts\/219377","targetHints":{"allow":["GET"]}}],"collection":[{"href":"https:\/\/diariodominicano.com\/index.php?rest_route=\/wp\/v2\/posts"}],"about":[{"href":"https:\/\/diariodominicano.com\/index.php?rest_route=\/wp\/v2\/types\/post"}],"author":[{"embeddable":true,"href":"https:\/\/diariodominicano.com\/index.php?rest_route=\/wp\/v2\/users\/3"}],"replies":[{"embeddable":true,"href":"https:\/\/diariodominicano.com\/index.php?rest_route=%2Fwp%2Fv2%2Fcomments&post=219377"}],"version-history":[{"count":0,"href":"https:\/\/diariodominicano.com\/index.php?rest_route=\/wp\/v2\/posts\/219377\/revisions"}],"wp:attachment":[{"href":"https:\/\/diariodominicano.com\/index.php?rest_route=%2Fwp%2Fv2%2Fmedia&parent=219377"}],"wp:term":[{"taxonomy":"category","embeddable":true,"href":"https:\/\/diariodominicano.com\/index.php?rest_route=%2Fwp%2Fv2%2Fcategories&post=219377"},{"taxonomy":"post_tag","embeddable":true,"href":"https:\/\/diariodominicano.com\/index.php?rest_route=%2Fwp%2Fv2%2Ftags&post=219377"}],"curies":[{"name":"wp","href":"https:\/\/api.w.org\/{rel}","templated":true}]}}