{"id":219376,"date":"2016-02-14T15:34:10","date_gmt":"2016-02-14T15:34:10","guid":{"rendered":"http:\/\/diariodominicano.ddns.net\/?p=219376"},"modified":"2016-02-14T15:34:10","modified_gmt":"2016-02-14T15:34:10","slug":"jarabacoa-inicia-ruta-para-ser-carbono-neutral","status":"publish","type":"post","link":"https:\/\/diariodominicano.com\/?p=219376","title":{"rendered":"Jarabacoa inicia ruta para ser carbono neutral"},"content":{"rendered":"<p><body><\/p>\n<p><img decoding=\"async\" src=\"img3\/OmarRamirez.jpg\" \/>  <\/p>\n<p><span class=\"text1noticias\">Jarabacoa, La Vega, RD, 14 de Febrero.- El proyecto reci\u00e9n iniciado para convertir a Jarabacoa en el primer municipio carbono neutral del pa\u00eds tiene las condiciones para alcanzar el \u00e9xito debido a los atributos que posee esta demarcaci\u00f3n, a los instrumentos de planificaci\u00f3n con que cuenta y a la voluntad que en ese sentido han mostrado autoridades p\u00fablicas y entidades acad\u00e9micas y de la sociedad civil. <\/span><\/p>\n<\/p>\n<p><span class=\"text1noticias\">As\u00ed lo afirm\u00f3 el vicepresidente ejecutivo del Consejo Nacional para el Cambio Clim\u00e1tico y el Mecanismo de Desarrollo Limpio (CNCCCMDL), Omar Ram\u00edrez Tejada, durante el lanzamiento de la iniciativa Jarabacoa Carbono Neutral, con la que se procura su adaptaci\u00f3n al cambio clim\u00e1tico. \u00abSi hay un municipio que puede alcanzar ese estado es Jarabacoa. Puede ser el primero en lograr la carbono neutralidad en el pa\u00eds y quiz\u00e1s en el Caribe\u00bb, afirm\u00f3. <\/span><\/p>\n<\/p>\n<p><span class=\"text1noticias\">La carbono neutralidad consiste en remover de la atmosfera igual cantidad del di\u00f3xido de carbono u otro gas de efecto invernadero que producen los sectores productivos y los hogares, mediante acciones de reducci\u00f3n y de remoci\u00f3n con el establecimiento de proyectos que capturen los gases que generan el cambio clim\u00e1tico.<\/span><\/p>\n<\/p>\n<p><span class=\"text1noticias\">El funcionario sostuvo que Jarabacoa dispone de instrumentos propios que le pueden ayudar en ese prop\u00f3sito, como son un Plan Estrat\u00e9gico Municipal y un Plan de Ordenamiento Territorial Urbano, ambos bien concebidos y a los que solo faltar\u00eda insertarles indicadores de cambio clim\u00e1tico.<\/span><\/p>\n<\/p>\n<p><span class=\"text1noticias\">Dijo que tambi\u00e9n cuenta con una resoluci\u00f3n municipal que coloca el cambio clim\u00e1tico como una prioridad, y que declara de importancia la inclusi\u00f3n de la perspectiva de adaptaci\u00f3n al Plan de Ordenamiento Territorial de Jarabacoa, as\u00ed como la conveniencia de la coordinaci\u00f3n interinstitucional con el Gobierno Central, instituciones locales y actores clave.<\/span><\/p>\n<\/p>\n<p><span class=\"text1noticias\">Ram\u00edrez Tejada record\u00f3 que en abril de 2013, el CNCCMDL propuso apoyar a los actores locales para que el municipio, caracterizado por una intensa actividad agr\u00edcola, forestal, ganadera y tur\u00edstica, sea reconocido como carbono neutral tras su transformaci\u00f3n en un modelo de sostenibilidad a seguir por los dem\u00e1s destinos ecotur\u00edsticos del pa\u00eds. Esa semilla encontr\u00f3 terreno f\u00e9rtil en la Universidad Agroforestal Fernando Arturo de Merino (UAFAM), que hizo suya la propuesta. <\/span><\/p>\n<\/p>\n<p><span class=\"text1noticias\">La bienvenida a la actividad, que se desarroll\u00f3 en el hotel Pinar Dorado, estuvo a cargo del rector de la UAFAM, Rolando Reyes, quien tambi\u00e9n explic\u00f3 los objetivos del proyecto, entre los que se encuentran realizar un diagn\u00f3stico de las necesidades locales de mitigaci\u00f3n y adaptaci\u00f3n al cambio clim\u00e1tico, identificar actores clave para lograr el desarrollo sostenible en el municipio, generar un plan de acci\u00f3n para lograr la resiliencia, as\u00ed como identificar fuentes de apoyo financiero. <\/span><\/p>\n<\/p>\n<p><span class=\"text1noticias\">Tambi\u00e9n intervinieron el acad\u00e9mico de la UAFAM Tony N\u00fa\u00f1ez, quien ha sido el responsable de la concepci\u00f3n del proyecto, y Borja Serrador, de la Agencia Espa\u00f1ola para la Cooperaci\u00f3n Internacional.  <\/span><\/p>\n<\/p>\n<p><span class=\"text1noticias\">La actividad asistieron las principales autoridades p\u00fablicas y acad\u00e9micas, representantes de los distintos sectores productivos del municipio y de la provincia La Vega, de agencias de cooperaci\u00f3n internacional, entre otros. <\/span><\/p>\n<\/p>\n<p><span class=\"text1noticias\">El colof\u00f3n del lanzamiento de la iniciativa Jarabacoa Carbono Neutral consisti\u00f3 en la firma del Manifiesto de Jarabacoa por parte de los presentes, con el que se procura un hito en la planificaci\u00f3n del desarrollo sostenible municipal<\/span>.   <\/p>\n<\/p>\n<h6> 2016-02-14 15:34:10 <\/h6>\n<p><!--\n<link rel=\"stylesheet\" href=\"css\/bootstrap.min.css\">\n\n\n<ul class=\"pagination\">\n\t    \n\t\n\n<li >\n\t<a href='?page_no=13703'>Previous<\/a>\n\t<\/li>\n\n\n       \n    \n\n<li><a href='?page_no=1'>1<\/a><\/li>\n\n\n\n<li><a href='?page_no=2'>2<\/a><\/li>\n\n\n\n<li><a>...<\/a><\/li>\n\n\n\n<li><a href='?page_no=13702'>13702<\/a><\/li>\n\n\n\n<li><a href='?page_no=13703'>13703<\/a><\/li>\n\n\n\n<li class='active'><a>13704<\/a><\/li>\n\n\n\n<li><a href='?page_no=13705'>13705<\/a><\/li>\n\n\n\n<li><a href='?page_no=13706'>13706<\/a><\/li>\n\n\n\n<li><a>...<\/a><\/li>\n\n\n\n<li><a href='?page_no=56169'>56169<\/a><\/li>\n\n\n\n<li><a href='?page_no=56170'>56170<\/a><\/li>\n\n    \n\t\n\n<li >\n\t<a href='?page_no=13705'>Next<\/a>\n\t<\/li>\n\n\n    \n\n<li><a href='?page_no=56170'>Last &rsaquo;&rsaquo;<\/a><\/li>\n\n<\/ul>\n\n\n--><br \/>\n<\/body><\/p>\n","protected":false},"excerpt":{"rendered":"<p>Jarabacoa, La Vega, RD, 14 de Febrero.- El proyecto reci\u00e9n iniciado para convertir a Jarabacoa en el primer municipio carbono neutral del pa\u00eds tiene las condiciones para alcanzar el \u00e9xito debido a los atributos que posee esta demarcaci\u00f3n, a los instrumentos de planificaci\u00f3n con que cuenta y a la voluntad que en ese sentido han [&hellip;]<\/p>\n","protected":false},"author":3,"featured_media":0,"comment_status":"open","ping_status":"open","sticky":false,"template":"","format":"standard","meta":{"footnotes":""},"categories":[20],"tags":[],"class_list":["post-219376","post","type-post","status-publish","format-standard","hentry","category-dominicana-hoy"],"_links":{"self":[{"href":"https:\/\/diariodominicano.com\/index.php?rest_route=\/wp\/v2\/posts\/219376","targetHints":{"allow":["GET"]}}],"collection":[{"href":"https:\/\/diariodominicano.com\/index.php?rest_route=\/wp\/v2\/posts"}],"about":[{"href":"https:\/\/diariodominicano.com\/index.php?rest_route=\/wp\/v2\/types\/post"}],"author":[{"embeddable":true,"href":"https:\/\/diariodominicano.com\/index.php?rest_route=\/wp\/v2\/users\/3"}],"replies":[{"embeddable":true,"href":"https:\/\/diariodominicano.com\/index.php?rest_route=%2Fwp%2Fv2%2Fcomments&post=219376"}],"version-history":[{"count":0,"href":"https:\/\/diariodominicano.com\/index.php?rest_route=\/wp\/v2\/posts\/219376\/revisions"}],"wp:attachment":[{"href":"https:\/\/diariodominicano.com\/index.php?rest_route=%2Fwp%2Fv2%2Fmedia&parent=219376"}],"wp:term":[{"taxonomy":"category","embeddable":true,"href":"https:\/\/diariodominicano.com\/index.php?rest_route=%2Fwp%2Fv2%2Fcategories&post=219376"},{"taxonomy":"post_tag","embeddable":true,"href":"https:\/\/diariodominicano.com\/index.php?rest_route=%2Fwp%2Fv2%2Ftags&post=219376"}],"curies":[{"name":"wp","href":"https:\/\/api.w.org\/{rel}","templated":true}]}}