{"id":219375,"date":"2016-02-14T16:31:27","date_gmt":"2016-02-14T16:31:27","guid":{"rendered":"http:\/\/diariodominicano.ddns.net\/?p=219375"},"modified":"2016-02-14T16:31:27","modified_gmt":"2016-02-14T16:31:27","slug":"delegacion-rd-conoce-experiencia-colombiana-alianzas-publico-privadas-y-transporte","status":"publish","type":"post","link":"https:\/\/diariodominicano.com\/?p=219375","title":{"rendered":"Delegaci\u00f3n RD conoce experiencia colombiana alianzas p\u00fablico privadas y transporte"},"content":{"rendered":"<p><body><\/p>\n<p><img decoding=\"async\" src=\"img3\/alianza.jpg\" \/>  <\/p>\n<p><span class=\"text1noticias\">Santo Domingo, RD, 14 de Febrero.-Miembros de la Iniciativa por la Productividad y la Competitividad del pa\u00eds sostuvieron reuniones con las agencias del gobierno de Colombia que trabajan el tema de Alianzas P\u00fablico Privadas (APPs), para conocer su experiencia y las mejores pr\u00e1cticas para el desarrollo de ese tipo de alianzas en Rep\u00fablica Dominicana.<\/span><\/p>\n<\/p>\n<p><span class=\"text1noticias\">Para tales fines, desarrollaron sesiones de trabajo con funcionarios y t\u00e9cnicos del Ministerio de Comercio y Hacienda, el Departamento de Planeaci\u00f3n y la Agencia Nacional de Infraestructura.<\/span><\/p>\n<\/p>\n<p><strong><span class=\"text1noticias\">Alianzas son prioridad<\/span><\/strong><\/p>\n<\/p>\n<p><span class=\"text1noticias\">\u00abPara nosotros el tema de Alianzas P\u00fablico Privadas es una prioridad, estamos trabajando en el desarrollo de un marco legal apropiado que nos permita desarrollar proyectos, tanto con el sector empresarial como con organizaciones de la sociedad civil, y para eso estamos aprendiendo de la experiencia colombiana en la materia\u00bb, expres\u00f3 el ministro de la Presidencia, Gustavo Montalvo.<\/span><\/p>\n<\/p>\n<p><span class=\"text1noticias\">Al respecto, Montalvo coment\u00f3: \u00abPodemos estar seguros que en nuestro pa\u00eds no repetiremos los errores del pasado, con modelos de concesiones que han sido costosos para el erario p\u00fablico. Todo proyecto debe ser econ\u00f3micamente viable, socialmente necesario y conveniente para todos\u00bb.<\/span><\/p>\n<\/p>\n<p><span class=\"text1noticias\">Gustavo Montalvo dijo tener confianza en que las alianzas p\u00fablico privadas permitan desarrollar la infraestructura necesaria para mejorar la competitividad y la productividad en la Rep\u00fablica Dominicana y prestar mejores servicios a la poblaci\u00f3n, como ha ocurrido en Colombia.<\/span><\/p>\n<\/p>\n<p><strong><span class=\"text1noticias\">Apostar por el transporte p\u00fablico<\/span><\/strong><\/p>\n<\/p>\n<p><span class=\"text1noticias\">Posteriormente, la delegaci\u00f3n se traslad\u00f3 hasta el sistema metropolitano de transporte masivo Transmilenio que funciona en Bogot\u00e1, para conocer detalles de la pol\u00edtica de transporte de esa ciudad.<\/span><\/p>\n<\/p>\n<p><span class=\"text1noticias\">\u00abEste modelo de transporte colombiano, ofrecido por empresas privadas pero bien regulado por el Estado, es uno de los m\u00e1s conocidos en Am\u00e9rica Latina, y de ah\u00ed nuestro inter\u00e9s de ver las mejores pr\u00e1cticas, as\u00ed como tomar en cuenta las lecciones aprendidas, al momento de implementar el nuestro\u00bb, dijo Montalvo.<\/span><\/p>\n<\/p>\n<p><span class=\"text1noticias\">En esta jornada de trabajo participaron los ministros de la Presidencia, Gustavo Montalvo, y de Econom\u00eda, Planificaci\u00f3n y Desarrollo, Tem\u00edstocles Mont\u00e1s; el embajador dominicano en Colombia, Briunny Garabito y el viceministro de la Presidencia, Juan Ariel Jim\u00e9nez.<\/span><\/p>\n<\/p>\n<p><span class=\"text1noticias\">Tambi\u00e9n participaron los representantes del sector privado Manuel Tavares, Frank Rainieri, Felipe Vicini, Rafael Blanco Canto, Rafael Paz y Darwin Caraballo<\/span>.<\/p>\n<h6> 2016-02-14 16:31:27 <\/h6>\n<p><!--\n<link rel=\"stylesheet\" href=\"css\/bootstrap.min.css\">\n\n\n<ul class=\"pagination\">\n\t    \n\t\n\n<li >\n\t<a href='?page_no=13702'>Previous<\/a>\n\t<\/li>\n\n\n       \n    \n\n<li><a href='?page_no=1'>1<\/a><\/li>\n\n\n\n<li><a href='?page_no=2'>2<\/a><\/li>\n\n\n\n<li><a>...<\/a><\/li>\n\n\n\n<li><a href='?page_no=13701'>13701<\/a><\/li>\n\n\n\n<li><a href='?page_no=13702'>13702<\/a><\/li>\n\n\n\n<li class='active'><a>13703<\/a><\/li>\n\n\n\n<li><a href='?page_no=13704'>13704<\/a><\/li>\n\n\n\n<li><a href='?page_no=13705'>13705<\/a><\/li>\n\n\n\n<li><a>...<\/a><\/li>\n\n\n\n<li><a href='?page_no=56169'>56169<\/a><\/li>\n\n\n\n<li><a href='?page_no=56170'>56170<\/a><\/li>\n\n    \n\t\n\n<li >\n\t<a href='?page_no=13704'>Next<\/a>\n\t<\/li>\n\n\n    \n\n<li><a href='?page_no=56170'>Last &rsaquo;&rsaquo;<\/a><\/li>\n\n<\/ul>\n\n\n--><br \/>\n<\/body><\/p>\n","protected":false},"excerpt":{"rendered":"<p>Santo Domingo, RD, 14 de Febrero.-Miembros de la Iniciativa por la Productividad y la Competitividad del pa\u00eds sostuvieron reuniones con las agencias del gobierno de Colombia que trabajan el tema de Alianzas P\u00fablico Privadas (APPs), para conocer su experiencia y las mejores pr\u00e1cticas para el desarrollo de ese tipo de alianzas en Rep\u00fablica Dominicana. Para [&hellip;]<\/p>\n","protected":false},"author":3,"featured_media":0,"comment_status":"open","ping_status":"open","sticky":false,"template":"","format":"standard","meta":{"footnotes":""},"categories":[20],"tags":[],"class_list":["post-219375","post","type-post","status-publish","format-standard","hentry","category-dominicana-hoy"],"_links":{"self":[{"href":"https:\/\/diariodominicano.com\/index.php?rest_route=\/wp\/v2\/posts\/219375","targetHints":{"allow":["GET"]}}],"collection":[{"href":"https:\/\/diariodominicano.com\/index.php?rest_route=\/wp\/v2\/posts"}],"about":[{"href":"https:\/\/diariodominicano.com\/index.php?rest_route=\/wp\/v2\/types\/post"}],"author":[{"embeddable":true,"href":"https:\/\/diariodominicano.com\/index.php?rest_route=\/wp\/v2\/users\/3"}],"replies":[{"embeddable":true,"href":"https:\/\/diariodominicano.com\/index.php?rest_route=%2Fwp%2Fv2%2Fcomments&post=219375"}],"version-history":[{"count":0,"href":"https:\/\/diariodominicano.com\/index.php?rest_route=\/wp\/v2\/posts\/219375\/revisions"}],"wp:attachment":[{"href":"https:\/\/diariodominicano.com\/index.php?rest_route=%2Fwp%2Fv2%2Fmedia&parent=219375"}],"wp:term":[{"taxonomy":"category","embeddable":true,"href":"https:\/\/diariodominicano.com\/index.php?rest_route=%2Fwp%2Fv2%2Fcategories&post=219375"},{"taxonomy":"post_tag","embeddable":true,"href":"https:\/\/diariodominicano.com\/index.php?rest_route=%2Fwp%2Fv2%2Ftags&post=219375"}],"curies":[{"name":"wp","href":"https:\/\/api.w.org\/{rel}","templated":true}]}}