{"id":219373,"date":"2016-02-14T17:14:27","date_gmt":"2016-02-14T17:14:27","guid":{"rendered":"http:\/\/diariodominicano.ddns.net\/?p=219373"},"modified":"2016-02-14T17:14:27","modified_gmt":"2016-02-14T17:14:27","slug":"obras-publicas-realiza-trabajos-de-asfaltado-en-barahona","status":"publish","type":"post","link":"https:\/\/diariodominicano.com\/?p=219373","title":{"rendered":"Obras P\u00fablicas realiza trabajos de asfaltado en Barahona"},"content":{"rendered":"<p><body><\/p>\n<p><img decoding=\"async\" src=\"img3\/bacheobarahona.jpg\" \/>  <\/p>\n<p><span class=\"text1noticias\">BARAHONA, RD, 14 de Febrero.-El Ministerio de Obras P\u00fablicas y Comunicaciones (MOPC), reinicio los trabajos de bacheo, asfaltado de los barrios y sectores de esta ciudad.<\/span><\/p>\n<\/p>\n<p><span class=\"text1noticias\">La informaci\u00f3n fue suministrada por el director regional de la instituci\u00f3n Carlos Garc\u00eda L\u00f3pez  quien dijo que labores formal parte del Plan Nacional de Asfaltado que ejecuta el ministerio por disposici\u00f3n del ministro Gonzalo Castillo.<\/span><\/p>\n<\/p>\n<p><span class=\"text1noticias\">El funcionario reitero su gratitud al presidente de la Rep\u00fablica Danilo Medina, por su disposici\u00f3n de reiniciar el Plan Nacional de Asfaltado, en esta ciudad.<\/span><\/p>\n<\/p>\n<p><span class=\"text1noticias\">Garc\u00eda L\u00f3pez se\u00f1al\u00f3 que brigadas de obreros y equipos pesados trabajan en labores de bacheo, asfaltado y se\u00f1alizaci\u00f3n en sectores y barrios de aqu\u00ed.<\/span><\/p>\n<\/p>\n<p><span class=\"text1noticias\">Los trabajos del Programa Nacional de Asfaltado comenzaron  en la calle S\u00f3crates Lagares, pr\u00f3ximo  al Comedor Econ\u00f3mico de esta ciudad<\/span>.<\/p>\n<h6> 2016-02-14 17:14:27 <\/h6>\n<p><!--\n<link rel=\"stylesheet\" href=\"css\/bootstrap.min.css\">\n\n\n<ul class=\"pagination\">\n\t    \n\t\n\n<li >\n\t<a href='?page_no=13700'>Previous<\/a>\n\t<\/li>\n\n\n       \n    \n\n<li><a href='?page_no=1'>1<\/a><\/li>\n\n\n\n<li><a href='?page_no=2'>2<\/a><\/li>\n\n\n\n<li><a>...<\/a><\/li>\n\n\n\n<li><a href='?page_no=13699'>13699<\/a><\/li>\n\n\n\n<li><a href='?page_no=13700'>13700<\/a><\/li>\n\n\n\n<li class='active'><a>13701<\/a><\/li>\n\n\n\n<li><a href='?page_no=13702'>13702<\/a><\/li>\n\n\n\n<li><a href='?page_no=13703'>13703<\/a><\/li>\n\n\n\n<li><a>...<\/a><\/li>\n\n\n\n<li><a href='?page_no=56169'>56169<\/a><\/li>\n\n\n\n<li><a href='?page_no=56170'>56170<\/a><\/li>\n\n    \n\t\n\n<li >\n\t<a href='?page_no=13702'>Next<\/a>\n\t<\/li>\n\n\n    \n\n<li><a href='?page_no=56170'>Last &rsaquo;&rsaquo;<\/a><\/li>\n\n<\/ul>\n\n\n--><br \/>\n<\/body><\/p>\n","protected":false},"excerpt":{"rendered":"<p>BARAHONA, RD, 14 de Febrero.-El Ministerio de Obras P\u00fablicas y Comunicaciones (MOPC), reinicio los trabajos de bacheo, asfaltado de los barrios y sectores de esta ciudad. La informaci\u00f3n fue suministrada por el director regional de la instituci\u00f3n Carlos Garc\u00eda L\u00f3pez quien dijo que labores formal parte del Plan Nacional de Asfaltado que ejecuta el ministerio [&hellip;]<\/p>\n","protected":false},"author":3,"featured_media":0,"comment_status":"open","ping_status":"open","sticky":false,"template":"","format":"standard","meta":{"footnotes":""},"categories":[20],"tags":[],"class_list":["post-219373","post","type-post","status-publish","format-standard","hentry","category-dominicana-hoy"],"_links":{"self":[{"href":"https:\/\/diariodominicano.com\/index.php?rest_route=\/wp\/v2\/posts\/219373","targetHints":{"allow":["GET"]}}],"collection":[{"href":"https:\/\/diariodominicano.com\/index.php?rest_route=\/wp\/v2\/posts"}],"about":[{"href":"https:\/\/diariodominicano.com\/index.php?rest_route=\/wp\/v2\/types\/post"}],"author":[{"embeddable":true,"href":"https:\/\/diariodominicano.com\/index.php?rest_route=\/wp\/v2\/users\/3"}],"replies":[{"embeddable":true,"href":"https:\/\/diariodominicano.com\/index.php?rest_route=%2Fwp%2Fv2%2Fcomments&post=219373"}],"version-history":[{"count":0,"href":"https:\/\/diariodominicano.com\/index.php?rest_route=\/wp\/v2\/posts\/219373\/revisions"}],"wp:attachment":[{"href":"https:\/\/diariodominicano.com\/index.php?rest_route=%2Fwp%2Fv2%2Fmedia&parent=219373"}],"wp:term":[{"taxonomy":"category","embeddable":true,"href":"https:\/\/diariodominicano.com\/index.php?rest_route=%2Fwp%2Fv2%2Fcategories&post=219373"},{"taxonomy":"post_tag","embeddable":true,"href":"https:\/\/diariodominicano.com\/index.php?rest_route=%2Fwp%2Fv2%2Ftags&post=219373"}],"curies":[{"name":"wp","href":"https:\/\/api.w.org\/{rel}","templated":true}]}}