{"id":219372,"date":"2016-02-15T07:43:24","date_gmt":"2016-02-15T07:43:24","guid":{"rendered":"http:\/\/diariodominicano.ddns.net\/?p=219372"},"modified":"2016-02-15T07:43:24","modified_gmt":"2016-02-15T07:43:24","slug":"vaguada-pre-frontal-en-la-costa-norte-del-pais","status":"publish","type":"post","link":"https:\/\/diariodominicano.com\/?p=219372","title":{"rendered":"Vaguada pre-frontal en la Costa Norte del pa\u00eds"},"content":{"rendered":"<p><body><\/p>\n<p>Santo Domingo RD 15 febrero .- La vaguada pre-frontal se localiza sobre la costa norte del pa\u00eds, manteniendo la masa de aire humeda e inestable sobre nuestro territorio, este sistema unido al viento predominante del este\/noreste continuar\u00e1 produciendo nublados parciales en la tarde y originando lluvias d\u00e9biles a moderadas en ocasiones, principalmente en las provincias La Vega, Montecristi, Dajabon, Valverde, Santiago Rodr\u00edguez, Santiago, Monse\u00f1or Nouel, El\u00edas Pi\u00f1a, Puerto Plata, Espaillat, Hermanas Mirabal, Duarte, Mar\u00eda Trinidad S\u00e1nchez y Saman\u00e1.<\/p>\n<\/p>\n<p>Para ma\u00f1ana martes,  la vaguada pre-frontal empezar\u00e1 alejarse de nuestro territorio, pero la humedad existente m\u00e1s el viento del este\/sureste, estar\u00e1n originando durante la tarde lluvias d\u00e9biles a moderadas en ocasiones, principalmente sobre las regiones  norte, noreste, sureste y la cordillera Central.<\/p>\n<\/p>\n<p>La oficina Nacional de Meteorolog\u00eda (ONAMET), recomienda a los operadores de las fr\u00e1giles y peque\u00f1as embarcaciones de la costa atl\u00e1ntica navegar con precauci\u00f3n cerca del per\u00edmetro costero sin aventurarse mar adentro, debido a viento y olas anormales.<\/p>\n<\/p>\n<p>Distrito Nacional.            Medio nublado a nublado en ocasiones con lluvias d\u00e9biles al final de la tarde.<\/p>\n<\/p>\n<p>Santo Domingo norte.     Nublado con lluvias d\u00e9biles y dispersas en la tarde.<\/p>\n<\/p>\n<p>Santo Domingo Oeste.    Incrementos nubosos en la tarde con posibles lluvias debiles.<\/p>\n<\/p>\n<p>Santo Domingo Este.      Nublado en ocasiones con lluvias d\u00e9biles en la noche<\/p>\n<\/p>\n<p>El  Gran Santo Domingo.  La temperatura m\u00e1xima estar\u00e1 entre  29\u00baC y 31\u00baC  y la m\u00ednima entre 21\u00baC y 22\u00baC.    <\/p>\n<\/p>\n<p>Resumen.  Vaguada pre-frontal sobre la costa norte.  Lluvias d\u00e9biles a moderadas en varias provincias. Recomendaci\u00f3n para la costa atl\u00e1ntica\u2026.<\/p>\n<\/p>\n<p>PRONOSTICO EXTENDIDO<\/p>\n<\/p>\n<p>Hoy.  Medio nublado a nublado en ocasiones con lluvias d\u00e9biles a moderadas sobre las regiones norte, noreste, sureste y la cordillera Central.          <\/p>\n<\/p>\n<p>Martes.  Medio nublado a nublado en ocasiones con lluvias d\u00e9biles a moderadas en la tarde hacia las regiones norte, noreste, sureste y la cordillera Central.<\/p>\n<\/p>\n<p>Santo Domingo y sus municipios.  Medio nublado a nublado con lluvias d\u00e9biles a moderadas en ocasiones.<\/p>\n<\/p>\n<p>Distrito Nacional.  Medio nublado a nublado en ocasiones con lluvias d\u00e9biles.<\/p>\n<\/p>\n<p>Mi\u00e9rcoles. Disminuci\u00f3n de la frecuencia de las lluvias, las que puedan presentarse ser\u00e1n d\u00e9biles y dispersas en la tarde sobre las regiones norte, noreste, sureste y la cordillera Central.  <\/p>\n<\/p>\n<p>Santo Domingo y sus municipios. Medio nublado a nublado con posibles lluvias d\u00e9biles.<\/p>\n<\/p>\n<p>Distrito Nacional.  Medio nublado a nublado en ocasiones con posibles lluvias d\u00e9biles.<\/p>\n<h6> 2016-02-15 07:43:24 <\/h6>\n<p><!--\n<link rel=\"stylesheet\" href=\"css\/bootstrap.min.css\">\n\n\n<ul class=\"pagination\">\n\t    \n\t\n\n<li >\n\t<a href='?page_no=13699'>Previous<\/a>\n\t<\/li>\n\n\n       \n    \n\n<li><a href='?page_no=1'>1<\/a><\/li>\n\n\n\n<li><a href='?page_no=2'>2<\/a><\/li>\n\n\n\n<li><a>...<\/a><\/li>\n\n\n\n<li><a href='?page_no=13698'>13698<\/a><\/li>\n\n\n\n<li><a href='?page_no=13699'>13699<\/a><\/li>\n\n\n\n<li class='active'><a>13700<\/a><\/li>\n\n\n\n<li><a href='?page_no=13701'>13701<\/a><\/li>\n\n\n\n<li><a href='?page_no=13702'>13702<\/a><\/li>\n\n\n\n<li><a>...<\/a><\/li>\n\n\n\n<li><a href='?page_no=56169'>56169<\/a><\/li>\n\n\n\n<li><a href='?page_no=56170'>56170<\/a><\/li>\n\n    \n\t\n\n<li >\n\t<a href='?page_no=13701'>Next<\/a>\n\t<\/li>\n\n\n    \n\n<li><a href='?page_no=56170'>Last &rsaquo;&rsaquo;<\/a><\/li>\n\n<\/ul>\n\n\n--><br \/>\n<\/body><\/p>\n","protected":false},"excerpt":{"rendered":"<p>Santo Domingo RD 15 febrero .- La vaguada pre-frontal se localiza sobre la costa norte del pa\u00eds, manteniendo la masa de aire humeda e inestable sobre nuestro territorio, este sistema unido al viento predominante del este\/noreste continuar\u00e1 produciendo nublados parciales en la tarde y originando lluvias d\u00e9biles a moderadas en ocasiones, principalmente en las provincias [&hellip;]<\/p>\n","protected":false},"author":3,"featured_media":0,"comment_status":"open","ping_status":"open","sticky":false,"template":"","format":"standard","meta":{"footnotes":""},"categories":[20],"tags":[],"class_list":["post-219372","post","type-post","status-publish","format-standard","hentry","category-dominicana-hoy"],"_links":{"self":[{"href":"https:\/\/diariodominicano.com\/index.php?rest_route=\/wp\/v2\/posts\/219372","targetHints":{"allow":["GET"]}}],"collection":[{"href":"https:\/\/diariodominicano.com\/index.php?rest_route=\/wp\/v2\/posts"}],"about":[{"href":"https:\/\/diariodominicano.com\/index.php?rest_route=\/wp\/v2\/types\/post"}],"author":[{"embeddable":true,"href":"https:\/\/diariodominicano.com\/index.php?rest_route=\/wp\/v2\/users\/3"}],"replies":[{"embeddable":true,"href":"https:\/\/diariodominicano.com\/index.php?rest_route=%2Fwp%2Fv2%2Fcomments&post=219372"}],"version-history":[{"count":0,"href":"https:\/\/diariodominicano.com\/index.php?rest_route=\/wp\/v2\/posts\/219372\/revisions"}],"wp:attachment":[{"href":"https:\/\/diariodominicano.com\/index.php?rest_route=%2Fwp%2Fv2%2Fmedia&parent=219372"}],"wp:term":[{"taxonomy":"category","embeddable":true,"href":"https:\/\/diariodominicano.com\/index.php?rest_route=%2Fwp%2Fv2%2Fcategories&post=219372"},{"taxonomy":"post_tag","embeddable":true,"href":"https:\/\/diariodominicano.com\/index.php?rest_route=%2Fwp%2Fv2%2Ftags&post=219372"}],"curies":[{"name":"wp","href":"https:\/\/api.w.org\/{rel}","templated":true}]}}