{"id":219368,"date":"2016-02-15T09:20:53","date_gmt":"2016-02-15T09:20:53","guid":{"rendered":"http:\/\/diariodominicano.ddns.net\/?p=219368"},"modified":"2016-02-15T09:20:53","modified_gmt":"2016-02-15T09:20:53","slug":"filosofo-y-ambientalista-leonardo-boff-encabeza-delegacion-brasilena-recorre-rios-ozama-e-isabela","status":"publish","type":"post","link":"https:\/\/diariodominicano.com\/?p=219368","title":{"rendered":"Fil\u00f3sofo y ambientalista, Leonardo Boff encabeza delegaci\u00f3n brasile\u00f1a recorre r\u00edos Ozama e Isabela"},"content":{"rendered":"<p><body><\/p>\n<p><img decoding=\"async\" src=\"img3\/corre 6.jpg\" \/><br \/><img decoding=\"async\" src=\"img3\/corre 2.jpg\" \/><br \/><img decoding=\"async\" src=\"img3\/corre 4.jpg\" \/>  <\/p>\n<p>Santo Domingo RD 15 febrero (DICOM).- Con el prop\u00f3sito de compartir experiencias sobre los avances alcanzados en materia de saneamiento de cuencas y ca\u00f1adas, una delegaci\u00f3n de Brasil y autoridades nacionales recorrieron los r\u00edos Ozama e Isabela.<\/p>\n<p><strong> <\/strong><\/p>\n<p><strong>Del mismo modo, visitaron la ca\u00f1ada El Arrozal, en La Ci\u00e9naga.<\/strong><\/p>\n<\/p>\n<p>La actividad es parte de la visita que realiza al pa\u00eds el fil\u00f3sofo y ambientalista, Leonardo Boff, mentor del programa denominado \u00abCultivando Agua Buena\u00bb, que se desarrolla en el estado de Paran\u00e1, en Brasil y que es implementado en Rep\u00fablica Dominicana desde hace un a\u00f1o.<\/p>\n<p><strong> <\/strong><\/p>\n<p><strong>Un nuevo modelo de desarrollo integral<\/strong><\/p>\n<\/p>\n<p>Este es un nuevo modelo de desarrollo integral, donde el agua es un elemento central, vista como fuente de vida y generadora de energ\u00eda.<\/p>\n<\/p>\n<p>El referido programa est\u00e1 patrocinado por la m\u00e1s grande empresa energ\u00e9tica del mundo, as\u00ed lo destac\u00f3 el director ejecutivo de la Comisi\u00f3n Presidencial para el Rescate de las Cuencas de los R\u00edos Ozama e Isabela, Onofre Rojas, al encabezar el recorrido.<\/p>\n<\/p>\n<p>Rojas manifest\u00f3 que varias delegaciones dominicanas han visitado Brasil conociendo de primera mano este programa Cultivando Agua Buena y que ya se est\u00e1 promoviendo en la cuenca del rio Maim\u00f3n y las microcuencas de los r\u00edos Gurabo y Rio Grande del Medio en la zona Sur del pa\u00eds.<\/p>\n<\/p>\n<p>Creada mediante el decreto 260-14<\/p>\n<\/p>\n<p>Precis\u00f3 que este es un plan de desarrollo para las cuencas y por tal raz\u00f3n el presidente Danilo Medina cre\u00f3 mediante el decreto 260-14, la Comisi\u00f3n Presidencial para el Rescate de las Cuencas de los R\u00edos Ozama e Isabela.<\/p>\n<\/p>\n<p>De su lado, Jair Kotz de Itaipu Binacional, en representaci\u00f3n de la delegaci\u00f3n de Brasil, se\u00f1al\u00f3 que lo que se est\u00e1 haciendo en esta zona es un desaf\u00edo para el Gobierno, pero que debe contar con el esfuerzo conjunto de todos los sectores.<\/p>\n<\/p>\n<p>Kotz felicit\u00f3 al Gobierno por procurar juntar a las comunidades en iguales condiciones, como parte de un proyecto y a los comunitarios por el trabajo integral desarrollado.<\/p>\n<\/p>\n<p>Mejorar la vida de los residentes de La Ci\u00e9naga<\/p>\n<\/p>\n<p>La delegaci\u00f3n recorri\u00f3 el sector La Ci\u00e9naga donde fue recibido por el cura de las parroquias San Ignacio de Loyola y San Mart\u00edn de Porres de Guachupita, Eduardo Figueroa, as\u00ed como por representantes del Consejo de Organizaci\u00f3n de Fe y Base Comunitaria de La Ci\u00e9naga.<\/p>\n<\/p>\n<p>Durante el recorrido el sacerdote destac\u00f3 el trabajo que ha venido desarrollando el Gobierno en el sector y en la ca\u00f1ada El Arrozal, fruto de una visita sorpresa realizada por el presidente Danilo Medina, donde escuch\u00f3 a los comunitarios y  trabaja para mejorar la vida de los residentes del sector.<\/p>\n<\/p>\n<p>Dijo que el jefe de Estado est\u00e1 trabajando en el asfalto de las calles y la reparaci\u00f3n y construcci\u00f3n de viviendas, concluyendo las que est\u00e1n ubicadas en los alrededores de la ca\u00f1ada.<\/p>\n<\/p>\n<p>Seguimiento y apoyo presidencial<\/p>\n<\/p>\n<p>Explic\u00f3 que este trabajo que se realiza en La Ci\u00e9naga es un esfuerzo de las iglesias, las juntas de vecinos, los comunitarios, que han unificado sus intereses en beneficio del barrio, y sus residentes, con un seguimiento y apoyo presidencial.<\/p>\n<\/p>\n<p>La comitiva brasile\u00f1a estuvo integrada adem\u00e1s por Ana de Souza, de la Agencia Brasile\u00f1a de Cooperaci\u00f3n; Horacio Figuerido, Agencia Nacional de Aguas; Pawel Wicketeck, asesor Itaipu Binacional y Linnette Toribio, asistente del programa Cultivando Agua Buena.<\/p>\n<\/p>\n<p>Mientras, como parte de la delegaci\u00f3n dominicana participaron Inocencio Garc\u00eda, viceministro de Econom\u00eda, Planificaci\u00f3n y Desarrollo; Nicol\u00e1s Guevara, de la Direcci\u00f3n General de Programas Especiales de la Presidencia (Digepep); Jos\u00e9 Alarc\u00f3n Mella, viceministro de Medio Ambiente y Recursos Naturales; V\u00edctor S\u00e1nchez, viceministro de Educaci\u00f3n y Giovanni Melo, director de Gesti\u00f3n Social del Ministerio de Energ\u00eda y Mina.<\/p>\n<h6> 2016-02-15 09:20:53 <\/h6>\n<p><!--\n<link rel=\"stylesheet\" href=\"css\/bootstrap.min.css\">\n\n\n<ul class=\"pagination\">\n\t    \n\t\n\n<li >\n\t<a href='?page_no=13697'>Previous<\/a>\n\t<\/li>\n\n\n       \n    \n\n<li><a href='?page_no=1'>1<\/a><\/li>\n\n\n\n<li><a href='?page_no=2'>2<\/a><\/li>\n\n\n\n<li><a>...<\/a><\/li>\n\n\n\n<li><a href='?page_no=13696'>13696<\/a><\/li>\n\n\n\n<li><a href='?page_no=13697'>13697<\/a><\/li>\n\n\n\n<li class='active'><a>13698<\/a><\/li>\n\n\n\n<li><a href='?page_no=13699'>13699<\/a><\/li>\n\n\n\n<li><a href='?page_no=13700'>13700<\/a><\/li>\n\n\n\n<li><a>...<\/a><\/li>\n\n\n\n<li><a href='?page_no=56169'>56169<\/a><\/li>\n\n\n\n<li><a href='?page_no=56170'>56170<\/a><\/li>\n\n    \n\t\n\n<li >\n\t<a href='?page_no=13699'>Next<\/a>\n\t<\/li>\n\n\n    \n\n<li><a href='?page_no=56170'>Last &rsaquo;&rsaquo;<\/a><\/li>\n\n<\/ul>\n\n\n--><br \/>\n<\/body><\/p>\n","protected":false},"excerpt":{"rendered":"<p>Santo Domingo RD 15 febrero (DICOM).- Con el prop\u00f3sito de compartir experiencias sobre los avances alcanzados en materia de saneamiento de cuencas y ca\u00f1adas, una delegaci\u00f3n de Brasil y autoridades nacionales recorrieron los r\u00edos Ozama e Isabela. Del mismo modo, visitaron la ca\u00f1ada El Arrozal, en La Ci\u00e9naga. La actividad es parte de la visita [&hellip;]<\/p>\n","protected":false},"author":3,"featured_media":0,"comment_status":"open","ping_status":"open","sticky":false,"template":"","format":"standard","meta":{"footnotes":""},"categories":[20],"tags":[],"class_list":["post-219368","post","type-post","status-publish","format-standard","hentry","category-dominicana-hoy"],"_links":{"self":[{"href":"https:\/\/diariodominicano.com\/index.php?rest_route=\/wp\/v2\/posts\/219368","targetHints":{"allow":["GET"]}}],"collection":[{"href":"https:\/\/diariodominicano.com\/index.php?rest_route=\/wp\/v2\/posts"}],"about":[{"href":"https:\/\/diariodominicano.com\/index.php?rest_route=\/wp\/v2\/types\/post"}],"author":[{"embeddable":true,"href":"https:\/\/diariodominicano.com\/index.php?rest_route=\/wp\/v2\/users\/3"}],"replies":[{"embeddable":true,"href":"https:\/\/diariodominicano.com\/index.php?rest_route=%2Fwp%2Fv2%2Fcomments&post=219368"}],"version-history":[{"count":0,"href":"https:\/\/diariodominicano.com\/index.php?rest_route=\/wp\/v2\/posts\/219368\/revisions"}],"wp:attachment":[{"href":"https:\/\/diariodominicano.com\/index.php?rest_route=%2Fwp%2Fv2%2Fmedia&parent=219368"}],"wp:term":[{"taxonomy":"category","embeddable":true,"href":"https:\/\/diariodominicano.com\/index.php?rest_route=%2Fwp%2Fv2%2Fcategories&post=219368"},{"taxonomy":"post_tag","embeddable":true,"href":"https:\/\/diariodominicano.com\/index.php?rest_route=%2Fwp%2Fv2%2Ftags&post=219368"}],"curies":[{"name":"wp","href":"https:\/\/api.w.org\/{rel}","templated":true}]}}