{"id":219367,"date":"2016-02-15T13:53:17","date_gmt":"2016-02-15T13:53:17","guid":{"rendered":"http:\/\/diariodominicano.ddns.net\/?p=219367"},"modified":"2016-02-15T13:53:17","modified_gmt":"2016-02-15T13:53:17","slug":"fepale-la-leche-y-los-derivados-lacteos-deben-hacer-parte-de-una-merienda-saludable","status":"publish","type":"post","link":"https:\/\/diariodominicano.com\/?p=219367","title":{"rendered":"FEPALE: la leche y los derivados l\u00e1cteos deben hacer parte de una merienda saludable"},"content":{"rendered":"<p><body><\/p>\n<p><span class=\"text1noticias\">Santo Domingo, RD, 15 febrero.-En \u00e9poca de regreso a clases en muchos pa\u00edses de Latinoam\u00e9rica, FEPALE informa: la leche y los derivados l\u00e1cteos deben hacer parte de una merienda saludable. Seg\u00fan el Licicenciado en Nutrici\u00f3n Rafael Cornes, Coordinador de la Campa\u00f1a \u00abS\u00ed a la Leche!\u00bb para Am\u00e9rica Latina, el consumo de leche en las primeras etapas de la vida es fundamental para lograr un adecuado crecimiento y desarrollo de la masa \u00f3sea del ni\u00f1o y prevenir as\u00ed patolog\u00edas que se presentan en la vida adulta como la osteoporosis y algunas enfermedades cr\u00f3nicas no transmisibles.  <\/span><\/p>\n<\/p>\n<p><span class=\"text1noticias\">El Doctor Santiago Muzzo, del Instituto de Nutrici\u00f3n y Tecnolog\u00eda de los Alimentos de la Universidad de Chile, nos brinda una rese\u00f1a de la importancia del consumo de l\u00e1cteos ya desde el embarazo. <\/span><\/p>\n<\/p>\n<p><span class=\"text1noticias\">El Doctor Muzzo nos informa que la mineralizaci\u00f3n \u00f3sea (MO) se produce debido a un proceso continuo de formaci\u00f3n y resorci\u00f3n \u00f3sea, necesario para mantener una adecuada homeostasis de calcio y de f\u00f3sforo y una adecuada matriz y mineralizaci\u00f3n \u00f3sea. La acreci\u00f3n de calcio al hueso va cambiando a lo largo de la vida, as\u00ed, durante la etapa de crecimiento es muy intensa especialmente en el \u00faltimo trimestre del embarazo, los primeros 2 a\u00f1os de vida postnatal y la pubertad\u00bb.<\/span><\/p>\n<\/p>\n<p><span class=\"text1noticias\">En la concepci\u00f3n queda determinada en los genes la masa \u00f3sea m\u00e1xima que tendr\u00e1 una persona, la que puede variar de acuerdo a la influencia de factores ambientales. La masa \u00f3sea m\u00e1xima (MOM) se adquiere habitualmente entre los 25 y 30 a\u00f1os de edad, para iniciar desde la cuarta d\u00e9cada una disminuci\u00f3n paulatina e irreversible, propia del envejecimiento. <\/span><\/p>\n<p><span class=\"text1noticias\">        <\/span><\/p>\n<p><span class=\"text1noticias\">El calcio y el f\u00f3sforo  son fundamentales para la mineralizaci\u00f3n de los huesos. El calcio adem\u00e1s participa en reacciones enzim\u00e1ticas, secreciones hormonales, neurotransmisores, contractibilidad muscular, coagulaci\u00f3n sangu\u00ednea y es el principal cati\u00f3n de la estructura cristalina del hueso.<\/span><\/p>\n<\/p>\n<p><span class=\"text1noticias\">El ni\u00f1o y el adolescente tienen un balance de calcio positivo, debido a que la formaci\u00f3n supera a la resorci\u00f3n, mientras que el adulto joven presenta un balance de calcio cero, para despu\u00e9s de la cuarta d\u00e9cada de la vida hacerse negativo debido a una mayor resorci\u00f3n \u00f3sea. <\/span><\/p>\n<p><span class=\"text1noticias\">Se ha demostrado la gran acreci\u00f3n de calcio al hueso que se produce durante la vida del ser humano, constituyendo los per\u00edodos de r\u00e1pida acreci\u00f3n de calcio al hueso etapas muy susceptibles de sufrir una alteraci\u00f3n.<\/span><\/p>\n<\/p>\n<p><span class=\"text1noticias\">En la adolescencia la absorci\u00f3n neta de calcio aumenta al 30%, sin embargo si reciben ingestas muy bajas de calcio (&lt; de 500 mg\/d\u00eda) logran un balance menos positivo que los ni\u00f1os menores. Una baja ingesta de calcio lleva a una menor MO y densidad mineral \u00f3sea (DMO), que favorece una osteoporosis a edades m\u00e1s tempranas. <\/span><\/p>\n<\/p>\n<p><span class=\"text1noticias\">Un adecuado peso de nacimiento, una nutrici\u00f3n adecuada de prote\u00ednas, calor\u00edas y de calcio, una actividad f\u00edsica suficiente, junto a un buen estado de salud, constituyen las condiciones ideales para expresar al m\u00e1ximo el potencial de mineralizaci\u00f3n \u00f3sea, obtener una masa \u00f3sea m\u00e1xima lo m\u00e1s alta posible a la edad de adulto joven  y as\u00ed retrasar la edad de aparici\u00f3n de la osteoporosis, disminuyendo la morbimortalidad por fracturas del adulto mayor.<\/span><\/p>\n<\/p>\n<p><strong><span class=\"text1noticias\">Si a la Leche<\/span><\/strong><\/p>\n<\/p>\n<p><span class=\"text1noticias\">Estas informaciones son parte de la Campa\u00f1a Panamericana de consumo de l\u00e1cteos \u00abS\u00ed a la leche\u00bb, creada por la Federaci\u00f3n Panamericana de Lecher\u00eda www.sialaleche.org , una organizaci\u00f3n que re\u00fane a los principales actores de la cadena l\u00e1ctea de las Am\u00e9ricas. Esta actividad es apoyada por Tetra Pak y tiene como objetivo contribuir a fomentar un adecuado consumo de productos l\u00e1cteos en la poblaci\u00f3n general, a la vez que coordina acciones en conjunto con diferentes instituciones del sector l\u00e1cteo a nivel panamericano y brinda informaci\u00f3n t\u00e9cnica a profesionales de la salud, padres y docentes, sobre los beneficios del consumo de productos l\u00e1cteos para la salud humana<\/span>.  <\/p>\n<h6> 2016-02-15 13:53:17 <\/h6>\n<p><!--\n<link rel=\"stylesheet\" href=\"css\/bootstrap.min.css\">\n\n\n<ul class=\"pagination\">\n\t    \n\t\n\n<li >\n\t<a href='?page_no=13696'>Previous<\/a>\n\t<\/li>\n\n\n       \n    \n\n<li><a href='?page_no=1'>1<\/a><\/li>\n\n\n\n<li><a href='?page_no=2'>2<\/a><\/li>\n\n\n\n<li><a>...<\/a><\/li>\n\n\n\n<li><a href='?page_no=13695'>13695<\/a><\/li>\n\n\n\n<li><a href='?page_no=13696'>13696<\/a><\/li>\n\n\n\n<li class='active'><a>13697<\/a><\/li>\n\n\n\n<li><a href='?page_no=13698'>13698<\/a><\/li>\n\n\n\n<li><a href='?page_no=13699'>13699<\/a><\/li>\n\n\n\n<li><a>...<\/a><\/li>\n\n\n\n<li><a href='?page_no=56169'>56169<\/a><\/li>\n\n\n\n<li><a href='?page_no=56170'>56170<\/a><\/li>\n\n    \n\t\n\n<li >\n\t<a href='?page_no=13698'>Next<\/a>\n\t<\/li>\n\n\n    \n\n<li><a href='?page_no=56170'>Last &rsaquo;&rsaquo;<\/a><\/li>\n\n<\/ul>\n\n\n--><br \/>\n<\/body><\/p>\n","protected":false},"excerpt":{"rendered":"<p>Santo Domingo, RD, 15 febrero.-En \u00e9poca de regreso a clases en muchos pa\u00edses de Latinoam\u00e9rica, FEPALE informa: la leche y los derivados l\u00e1cteos deben hacer parte de una merienda saludable. Seg\u00fan el Licicenciado en Nutrici\u00f3n Rafael Cornes, Coordinador de la Campa\u00f1a \u00abS\u00ed a la Leche!\u00bb para Am\u00e9rica Latina, el consumo de leche en las primeras [&hellip;]<\/p>\n","protected":false},"author":3,"featured_media":0,"comment_status":"open","ping_status":"open","sticky":false,"template":"","format":"standard","meta":{"footnotes":""},"categories":[20],"tags":[],"class_list":["post-219367","post","type-post","status-publish","format-standard","hentry","category-dominicana-hoy"],"_links":{"self":[{"href":"https:\/\/diariodominicano.com\/index.php?rest_route=\/wp\/v2\/posts\/219367","targetHints":{"allow":["GET"]}}],"collection":[{"href":"https:\/\/diariodominicano.com\/index.php?rest_route=\/wp\/v2\/posts"}],"about":[{"href":"https:\/\/diariodominicano.com\/index.php?rest_route=\/wp\/v2\/types\/post"}],"author":[{"embeddable":true,"href":"https:\/\/diariodominicano.com\/index.php?rest_route=\/wp\/v2\/users\/3"}],"replies":[{"embeddable":true,"href":"https:\/\/diariodominicano.com\/index.php?rest_route=%2Fwp%2Fv2%2Fcomments&post=219367"}],"version-history":[{"count":0,"href":"https:\/\/diariodominicano.com\/index.php?rest_route=\/wp\/v2\/posts\/219367\/revisions"}],"wp:attachment":[{"href":"https:\/\/diariodominicano.com\/index.php?rest_route=%2Fwp%2Fv2%2Fmedia&parent=219367"}],"wp:term":[{"taxonomy":"category","embeddable":true,"href":"https:\/\/diariodominicano.com\/index.php?rest_route=%2Fwp%2Fv2%2Fcategories&post=219367"},{"taxonomy":"post_tag","embeddable":true,"href":"https:\/\/diariodominicano.com\/index.php?rest_route=%2Fwp%2Fv2%2Ftags&post=219367"}],"curies":[{"name":"wp","href":"https:\/\/api.w.org\/{rel}","templated":true}]}}