{"id":219366,"date":"2016-02-15T13:56:51","date_gmt":"2016-02-15T13:56:51","guid":{"rendered":"http:\/\/diariodominicano.ddns.net\/?p=219366"},"modified":"2016-02-15T13:56:51","modified_gmt":"2016-02-15T13:56:51","slug":"imparten-taller-de-capacitacion-de-servicios-de-emergencia","status":"publish","type":"post","link":"https:\/\/diariodominicano.com\/?p=219366","title":{"rendered":"Imparten Taller de Capacitaci\u00f3n  de  Servicios de Emergencia"},"content":{"rendered":"<p><body><\/p>\n<p><img decoding=\"async\" src=\"img3\/ney.jpg\" \/>  <\/p>\n<p><span class=\"text1noticias\">Santo Domingo, RD, 15 de Febrero.-Un Taller de Capacitaci\u00f3n de Atenci\u00f3n al Usuario y Humanizaci\u00f3n de los Servicios de Emergencia se imparte en el Hospital Ney Arias Lora como parte de la primera etapa del plan piloto \u00abHumanizaci\u00f3n del Servicio de Salud\u00bb, puesta en marcha por el director Nacional de Salud (SNS) doctor Ram\u00f3n Alvarado. <\/span><\/p>\n<\/p>\n<p><span class=\"text1noticias\">La capacitaci\u00f3n se realiza a trav\u00e9s de la Unidad de Emergencia del Servicio Nacional de Salud, coordinada por la doctora Mariam Monte De Oca, el doctor Mej\u00eda Ayala, la licenciada Esther Ram\u00edrez y la facilitadora licenciada Edra Anderson.<\/span><\/p>\n<\/p>\n<p><span class=\"text1noticias\">Adem\u00e1s, la capacitaci\u00f3n posee dos fases la primera consiste en evaluar al personal mediante una encuesta y una pre evaluaci\u00f3n, y la segunda es ya finalizada la capacitaci\u00f3n, una post prueba para ver la reacci\u00f3n de los evaluados luego de recibir el taller.  <\/span><\/p>\n<\/p>\n<p><span class=\"text1noticias\">En esta primera etapa del plan piloto Humanizaci\u00f3n de los Servicios de salud, la capacitaci\u00f3n fue impartida en los hospitales: Robert Re\u00edd Cabral, Marcelino V\u00e9lez, Padre Villini, Maternidad la Altagracia, Vinicio Calventi, Rodolfo de la Cruz Lora, Materno Infantil de Boca Chica, San Lorenzo de los Mina, Moscoso Puello y el Hospital Traumatol\u00f3gico doctor Ney Arias Lora. <\/span><\/p>\n<\/p>\n<p><span class=\"text1noticias\">El taller tendr\u00e1 celelbrado en el sal\u00f3n doctor Jaime Fern\u00e1ndez del hospital Traumatol\u00f3gico doctor Ney Arias Lora, con la asistencia de representantes de distintas \u00e1reas principales de la instituci\u00f3n, que brindan atenci\u00f3n de manera m\u00e1s directa a los usuarios<\/span>. <\/p>\n<h6> 2016-02-15 13:56:51 <\/h6>\n<p><!--\n<link rel=\"stylesheet\" href=\"css\/bootstrap.min.css\">\n\n\n<ul class=\"pagination\">\n\t    \n\t\n\n<li >\n\t<a href='?page_no=13695'>Previous<\/a>\n\t<\/li>\n\n\n       \n    \n\n<li><a href='?page_no=1'>1<\/a><\/li>\n\n\n\n<li><a href='?page_no=2'>2<\/a><\/li>\n\n\n\n<li><a>...<\/a><\/li>\n\n\n\n<li><a href='?page_no=13694'>13694<\/a><\/li>\n\n\n\n<li><a href='?page_no=13695'>13695<\/a><\/li>\n\n\n\n<li class='active'><a>13696<\/a><\/li>\n\n\n\n<li><a href='?page_no=13697'>13697<\/a><\/li>\n\n\n\n<li><a href='?page_no=13698'>13698<\/a><\/li>\n\n\n\n<li><a>...<\/a><\/li>\n\n\n\n<li><a href='?page_no=56169'>56169<\/a><\/li>\n\n\n\n<li><a href='?page_no=56170'>56170<\/a><\/li>\n\n    \n\t\n\n<li >\n\t<a href='?page_no=13697'>Next<\/a>\n\t<\/li>\n\n\n    \n\n<li><a href='?page_no=56170'>Last &rsaquo;&rsaquo;<\/a><\/li>\n\n<\/ul>\n\n\n--><br \/>\n<\/body><\/p>\n","protected":false},"excerpt":{"rendered":"<p>Santo Domingo, RD, 15 de Febrero.-Un Taller de Capacitaci\u00f3n de Atenci\u00f3n al Usuario y Humanizaci\u00f3n de los Servicios de Emergencia se imparte en el Hospital Ney Arias Lora como parte de la primera etapa del plan piloto \u00abHumanizaci\u00f3n del Servicio de Salud\u00bb, puesta en marcha por el director Nacional de Salud (SNS) doctor Ram\u00f3n Alvarado. [&hellip;]<\/p>\n","protected":false},"author":3,"featured_media":0,"comment_status":"open","ping_status":"open","sticky":false,"template":"","format":"standard","meta":{"footnotes":""},"categories":[20],"tags":[],"class_list":["post-219366","post","type-post","status-publish","format-standard","hentry","category-dominicana-hoy"],"_links":{"self":[{"href":"https:\/\/diariodominicano.com\/index.php?rest_route=\/wp\/v2\/posts\/219366","targetHints":{"allow":["GET"]}}],"collection":[{"href":"https:\/\/diariodominicano.com\/index.php?rest_route=\/wp\/v2\/posts"}],"about":[{"href":"https:\/\/diariodominicano.com\/index.php?rest_route=\/wp\/v2\/types\/post"}],"author":[{"embeddable":true,"href":"https:\/\/diariodominicano.com\/index.php?rest_route=\/wp\/v2\/users\/3"}],"replies":[{"embeddable":true,"href":"https:\/\/diariodominicano.com\/index.php?rest_route=%2Fwp%2Fv2%2Fcomments&post=219366"}],"version-history":[{"count":0,"href":"https:\/\/diariodominicano.com\/index.php?rest_route=\/wp\/v2\/posts\/219366\/revisions"}],"wp:attachment":[{"href":"https:\/\/diariodominicano.com\/index.php?rest_route=%2Fwp%2Fv2%2Fmedia&parent=219366"}],"wp:term":[{"taxonomy":"category","embeddable":true,"href":"https:\/\/diariodominicano.com\/index.php?rest_route=%2Fwp%2Fv2%2Fcategories&post=219366"},{"taxonomy":"post_tag","embeddable":true,"href":"https:\/\/diariodominicano.com\/index.php?rest_route=%2Fwp%2Fv2%2Ftags&post=219366"}],"curies":[{"name":"wp","href":"https:\/\/api.w.org\/{rel}","templated":true}]}}